{"id":1739,"date":"2025-04-08T19:39:23","date_gmt":"2025-04-08T19:39:23","guid":{"rendered":"https:\/\/mp2kwidzyn.pl\/?p=1739"},"modified":"2025-04-08T19:45:48","modified_gmt":"2025-04-08T19:45:48","slug":"2-kwietnia-dzien-swiadomosci-autyzmu","status":"publish","type":"post","link":"https:\/\/mp2kwidzyn.pl\/index.php\/2025\/04\/08\/2-kwietnia-dzien-swiadomosci-autyzmu\/","title":{"rendered":"2 kwietnia Dzie\u0144 \u015awiadomo\u015bci Autyzmu"},"content":{"rendered":"<div dir=\"auto\">2 kwietnia Dzie\u0144 \u015awiadomo\u015bci Autyzmu- przedszkolaki, w ka\u017cdej grupie szuka\u0142y swoich talent\u00f3w i odkrywa\u0142y w sobie wra\u017cliwo\u015b\u0107 na r\u00f3\u017cnorodno\u015b\u0107 umiej\u0119tno\u015bci, potrzeb i mo\u017cliwo\u015bci os\u00f3b w swoim otoczeniu.<\/div>\n<div dir=\"auto\">A ju\u017c za tydzie\u0144 &#8211; 9 kwietnia <span class=\"html-span xdj266r x11i5rnm xat24cr x1mh8g0r xexx8yu x4uap5 x18d9i69 xkhd6sd x1hl2dhg x16tdsg8 x1vvkbs\"><a class=\"x1i10hfl xjbqb8w x1ejq31n xd10rxx x1sy0etr x17r0tee x972fbf xcfux6l x1qhh985 xm0m39n x9f619 x1ypdohk xt0psk2 xe8uvvx xdj266r x11i5rnm xat24cr x1mh8g0r xexx8yu x4uap5 x18d9i69 xkhd6sd x16tdsg8 x1hl2dhg xggy1nq x1a2a7pz xkrqix3 x1sur9pj x1fey0fg x1s688f\" tabindex=\"0\" role=\"link\" href=\"https:\/\/www.facebook.com\/hashtag\/niebieskie?__eep__=6&amp;__cft__[0]=AZVgNIGWlDl8Ta2LZRkgPUgVyVrOpgYJou33DEtpHY--T7OwNWuWcuQlXlq6D8Vtm2cM3qqwSZLUPvHGICkwGkN2tnLN3r09_A0VVFF2Xeuq_ngiZ1RUgVi3iF5Tx5G-nYQcWW8cHfhIdjQJqQxZmH69a735Q8c-W8DObHrjymlfUVdHCnEZQXseqoTQpixNSys&amp;__tn__=*NK-R\">#NIEBIESKIE<\/a><\/span> IGRZYSKA!<\/div>\n<div dir=\"auto\"><strong style=\"font-size: 1rem;\"><div class=\"row\"><div class=\"col-md-4 col-lg-4 col-sm-4 gallery-image\">\n\t\t\t<div class=\"gallery view second-effect\">\n\t\t\t\t<div id=\"gallery-1\" style=\"display:none;\">\n\t\t\t\t\t<a href='https:\/\/mp2kwidzyn.pl\/wp-content\/uploads\/2025\/04\/486110042_944140774601502_8124678862734689492_n.jpg'><img loading=\"lazy\" decoding=\"async\" width=\"398\" height=\"299\" src=\"https:\/\/mp2kwidzyn.pl\/wp-content\/uploads\/2025\/04\/486110042_944140774601502_8124678862734689492_n.jpg\" class=\"attachment-large size-large\" alt=\"\" srcset=\"https:\/\/mp2kwidzyn.pl\/wp-content\/uploads\/2025\/04\/486110042_944140774601502_8124678862734689492_n.jpg 398w, https:\/\/mp2kwidzyn.pl\/wp-content\/uploads\/2025\/04\/486110042_944140774601502_8124678862734689492_n-300x225.jpg 300w\" sizes=\"auto, (max-width: 398px) 100vw, 398px\" \/><\/a>\n\t\t\t\t<\/div>\n\t\t\t\t<div class=\"gl_img\">\n\t\t\t\t\t<a href='https:\/\/mp2kwidzyn.pl\/wp-content\/uploads\/2025\/04\/486110042_944140774601502_8124678862734689492_n.jpg'><img loading=\"lazy\" decoding=\"async\" width=\"300\" height=\"225\" src=\"https:\/\/mp2kwidzyn.pl\/wp-content\/uploads\/2025\/04\/486110042_944140774601502_8124678862734689492_n-300x225.jpg\" class=\"attachment-medium size-medium\" alt=\"\" srcset=\"https:\/\/mp2kwidzyn.pl\/wp-content\/uploads\/2025\/04\/486110042_944140774601502_8124678862734689492_n-300x225.jpg 300w, https:\/\/mp2kwidzyn.pl\/wp-content\/uploads\/2025\/04\/486110042_944140774601502_8124678862734689492_n.jpg 398w\" sizes=\"auto, (max-width: 300px) 100vw, 300px\" \/><\/a>\n\t\t\t\t\t\n\t\t\t\t<\/div>\n\t\t\t\t<div class=\"mask\">\n\t\t\t\t\t<a href=\"#TB_inline?width=600&height=550&inlineId=gallery-1\" class=\"info thickbox\" title=\"2 kwietnia Dzie\u0144 \u015awiadomo\u015bci Autyzmu\">2 kwietnia Dzie\u0144 \u015awiadomo\u015bci Autyzmu<\/a>\n\t\t\t\t<\/div>\n\t\t\t<\/div>\n\t\t\t<\/div><div class=\"col-md-4 col-lg-4 col-sm-4 gallery-image\">\n\t\t\t<div class=\"gallery view second-effect\">\n\t\t\t\t<div id=\"gallery-2\" style=\"display:none;\">\n\t\t\t\t\t<a href='https:\/\/mp2kwidzyn.pl\/wp-content\/uploads\/2025\/04\/489818086_944140731268173_23974821392484284_n.jpg'><img loading=\"lazy\" decoding=\"async\" width=\"398\" height=\"299\" src=\"https:\/\/mp2kwidzyn.pl\/wp-content\/uploads\/2025\/04\/489818086_944140731268173_23974821392484284_n.jpg\" class=\"attachment-large size-large\" alt=\"\" srcset=\"https:\/\/mp2kwidzyn.pl\/wp-content\/uploads\/2025\/04\/489818086_944140731268173_23974821392484284_n.jpg 398w, https:\/\/mp2kwidzyn.pl\/wp-content\/uploads\/2025\/04\/489818086_944140731268173_23974821392484284_n-300x225.jpg 300w\" sizes=\"auto, (max-width: 398px) 100vw, 398px\" \/><\/a>\n\t\t\t\t<\/div>\n\t\t\t\t<div class=\"gl_img\">\n\t\t\t\t\t<a href='https:\/\/mp2kwidzyn.pl\/wp-content\/uploads\/2025\/04\/489818086_944140731268173_23974821392484284_n.jpg'><img loading=\"lazy\" decoding=\"async\" width=\"300\" height=\"225\" src=\"https:\/\/mp2kwidzyn.pl\/wp-content\/uploads\/2025\/04\/489818086_944140731268173_23974821392484284_n-300x225.jpg\" class=\"attachment-medium size-medium\" alt=\"\" srcset=\"https:\/\/mp2kwidzyn.pl\/wp-content\/uploads\/2025\/04\/489818086_944140731268173_23974821392484284_n-300x225.jpg 300w, https:\/\/mp2kwidzyn.pl\/wp-content\/uploads\/2025\/04\/489818086_944140731268173_23974821392484284_n.jpg 398w\" sizes=\"auto, (max-width: 300px) 100vw, 300px\" \/><\/a>\n\t\t\t\t\t\n\t\t\t\t<\/div>\n\t\t\t\t<div class=\"mask\">\n\t\t\t\t\t<a href=\"#TB_inline?width=600&height=550&inlineId=gallery-2\" class=\"info thickbox\" title=\"2 kwietnia Dzie\u0144 \u015awiadomo\u015bci Autyzmu\">2 kwietnia Dzie\u0144 \u015awiadomo\u015bci Autyzmu<\/a>\n\t\t\t\t<\/div>\n\t\t\t<\/div>\n\t\t\t<\/div><div class=\"col-md-4 col-lg-4 col-sm-4 gallery-image\">\n\t\t\t<div class=\"gallery view second-effect\">\n\t\t\t\t<div id=\"gallery-3\" style=\"display:none;\">\n\t\t\t\t\t<a href='https:\/\/mp2kwidzyn.pl\/wp-content\/uploads\/2025\/04\/487405964_944140701268176_6737414196706336635_n.jpg'><img loading=\"lazy\" decoding=\"async\" width=\"640\" height=\"480\" src=\"https:\/\/mp2kwidzyn.pl\/wp-content\/uploads\/2025\/04\/487405964_944140701268176_6737414196706336635_n-1024x768.jpg\" class=\"attachment-large size-large\" alt=\"\" srcset=\"https:\/\/mp2kwidzyn.pl\/wp-content\/uploads\/2025\/04\/487405964_944140701268176_6737414196706336635_n-1024x768.jpg 1024w, https:\/\/mp2kwidzyn.pl\/wp-content\/uploads\/2025\/04\/487405964_944140701268176_6737414196706336635_n-300x225.jpg 300w, https:\/\/mp2kwidzyn.pl\/wp-content\/uploads\/2025\/04\/487405964_944140701268176_6737414196706336635_n-768x576.jpg 768w, https:\/\/mp2kwidzyn.pl\/wp-content\/uploads\/2025\/04\/487405964_944140701268176_6737414196706336635_n-1536x1152.jpg 1536w, https:\/\/mp2kwidzyn.pl\/wp-content\/uploads\/2025\/04\/487405964_944140701268176_6737414196706336635_n.jpg 1600w\" sizes=\"auto, (max-width: 640px) 100vw, 640px\" \/><\/a>\n\t\t\t\t<\/div>\n\t\t\t\t<div class=\"gl_img\">\n\t\t\t\t\t<a href='https:\/\/mp2kwidzyn.pl\/wp-content\/uploads\/2025\/04\/487405964_944140701268176_6737414196706336635_n.jpg'><img loading=\"lazy\" decoding=\"async\" width=\"300\" height=\"225\" src=\"https:\/\/mp2kwidzyn.pl\/wp-content\/uploads\/2025\/04\/487405964_944140701268176_6737414196706336635_n-300x225.jpg\" class=\"attachment-medium size-medium\" alt=\"\" srcset=\"https:\/\/mp2kwidzyn.pl\/wp-content\/uploads\/2025\/04\/487405964_944140701268176_6737414196706336635_n-300x225.jpg 300w, https:\/\/mp2kwidzyn.pl\/wp-content\/uploads\/2025\/04\/487405964_944140701268176_6737414196706336635_n-1024x768.jpg 1024w, https:\/\/mp2kwidzyn.pl\/wp-content\/uploads\/2025\/04\/487405964_944140701268176_6737414196706336635_n-768x576.jpg 768w, https:\/\/mp2kwidzyn.pl\/wp-content\/uploads\/2025\/04\/487405964_944140701268176_6737414196706336635_n-1536x1152.jpg 1536w, https:\/\/mp2kwidzyn.pl\/wp-content\/uploads\/2025\/04\/487405964_944140701268176_6737414196706336635_n.jpg 1600w\" sizes=\"auto, (max-width: 300px) 100vw, 300px\" \/><\/a>\n\t\t\t\t\t\n\t\t\t\t<\/div>\n\t\t\t\t<div class=\"mask\">\n\t\t\t\t\t<a href=\"#TB_inline?width=600&height=550&inlineId=gallery-3\" class=\"info thickbox\" title=\"2 kwietnia Dzie\u0144 \u015awiadomo\u015bci Autyzmu\">2 kwietnia Dzie\u0144 \u015awiadomo\u015bci Autyzmu<\/a>\n\t\t\t\t<\/div>\n\t\t\t<\/div>\n\t\t\t<\/div><div class=\"col-md-4 col-lg-4 col-sm-4 gallery-image\">\n\t\t\t<div class=\"gallery view second-effect\">\n\t\t\t\t<div id=\"gallery-4\" style=\"display:none;\">\n\t\t\t\t\t<a href='https:\/\/mp2kwidzyn.pl\/wp-content\/uploads\/2025\/04\/489820458_944140587934854_8260387448073072189_n.jpg'><img loading=\"lazy\" decoding=\"async\" width=\"640\" height=\"480\" src=\"https:\/\/mp2kwidzyn.pl\/wp-content\/uploads\/2025\/04\/489820458_944140587934854_8260387448073072189_n-1024x768.jpg\" class=\"attachment-large size-large\" alt=\"\" srcset=\"https:\/\/mp2kwidzyn.pl\/wp-content\/uploads\/2025\/04\/489820458_944140587934854_8260387448073072189_n-1024x768.jpg 1024w, https:\/\/mp2kwidzyn.pl\/wp-content\/uploads\/2025\/04\/489820458_944140587934854_8260387448073072189_n-300x225.jpg 300w, https:\/\/mp2kwidzyn.pl\/wp-content\/uploads\/2025\/04\/489820458_944140587934854_8260387448073072189_n-768x576.jpg 768w, https:\/\/mp2kwidzyn.pl\/wp-content\/uploads\/2025\/04\/489820458_944140587934854_8260387448073072189_n-1536x1152.jpg 1536w, https:\/\/mp2kwidzyn.pl\/wp-content\/uploads\/2025\/04\/489820458_944140587934854_8260387448073072189_n.jpg 1600w\" sizes=\"auto, (max-width: 640px) 100vw, 640px\" \/><\/a>\n\t\t\t\t<\/div>\n\t\t\t\t<div class=\"gl_img\">\n\t\t\t\t\t<a href='https:\/\/mp2kwidzyn.pl\/wp-content\/uploads\/2025\/04\/489820458_944140587934854_8260387448073072189_n.jpg'><img loading=\"lazy\" decoding=\"async\" width=\"300\" height=\"225\" src=\"https:\/\/mp2kwidzyn.pl\/wp-content\/uploads\/2025\/04\/489820458_944140587934854_8260387448073072189_n-300x225.jpg\" class=\"attachment-medium size-medium\" alt=\"\" srcset=\"https:\/\/mp2kwidzyn.pl\/wp-content\/uploads\/2025\/04\/489820458_944140587934854_8260387448073072189_n-300x225.jpg 300w, https:\/\/mp2kwidzyn.pl\/wp-content\/uploads\/2025\/04\/489820458_944140587934854_8260387448073072189_n-1024x768.jpg 1024w, https:\/\/mp2kwidzyn.pl\/wp-content\/uploads\/2025\/04\/489820458_944140587934854_8260387448073072189_n-768x576.jpg 768w, https:\/\/mp2kwidzyn.pl\/wp-content\/uploads\/2025\/04\/489820458_944140587934854_8260387448073072189_n-1536x1152.jpg 1536w, https:\/\/mp2kwidzyn.pl\/wp-content\/uploads\/2025\/04\/489820458_944140587934854_8260387448073072189_n.jpg 1600w\" sizes=\"auto, (max-width: 300px) 100vw, 300px\" \/><\/a>\n\t\t\t\t\t\n\t\t\t\t<\/div>\n\t\t\t\t<div class=\"mask\">\n\t\t\t\t\t<a href=\"#TB_inline?width=600&height=550&inlineId=gallery-4\" class=\"info thickbox\" title=\"2 kwietnia Dzie\u0144 \u015awiadomo\u015bci Autyzmu\">2 kwietnia Dzie\u0144 \u015awiadomo\u015bci Autyzmu<\/a>\n\t\t\t\t<\/div>\n\t\t\t<\/div>\n\t\t\t<\/div><div class=\"col-md-4 col-lg-4 col-sm-4 gallery-image\">\n\t\t\t<div class=\"gallery view second-effect\">\n\t\t\t\t<div id=\"gallery-5\" style=\"display:none;\">\n\t\t\t\t\t<a href='https:\/\/mp2kwidzyn.pl\/wp-content\/uploads\/2025\/04\/489332238_944140537934859_5939797490117544786_n.jpg'><img loading=\"lazy\" decoding=\"async\" width=\"640\" height=\"480\" src=\"https:\/\/mp2kwidzyn.pl\/wp-content\/uploads\/2025\/04\/489332238_944140537934859_5939797490117544786_n-1024x768.jpg\" class=\"attachment-large size-large\" alt=\"\" srcset=\"https:\/\/mp2kwidzyn.pl\/wp-content\/uploads\/2025\/04\/489332238_944140537934859_5939797490117544786_n-1024x768.jpg 1024w, https:\/\/mp2kwidzyn.pl\/wp-content\/uploads\/2025\/04\/489332238_944140537934859_5939797490117544786_n-300x225.jpg 300w, https:\/\/mp2kwidzyn.pl\/wp-content\/uploads\/2025\/04\/489332238_944140537934859_5939797490117544786_n-768x576.jpg 768w, https:\/\/mp2kwidzyn.pl\/wp-content\/uploads\/2025\/04\/489332238_944140537934859_5939797490117544786_n-1536x1152.jpg 1536w, https:\/\/mp2kwidzyn.pl\/wp-content\/uploads\/2025\/04\/489332238_944140537934859_5939797490117544786_n.jpg 1600w\" sizes=\"auto, (max-width: 640px) 100vw, 640px\" \/><\/a>\n\t\t\t\t<\/div>\n\t\t\t\t<div class=\"gl_img\">\n\t\t\t\t\t<a href='https:\/\/mp2kwidzyn.pl\/wp-content\/uploads\/2025\/04\/489332238_944140537934859_5939797490117544786_n.jpg'><img loading=\"lazy\" decoding=\"async\" width=\"300\" height=\"225\" src=\"https:\/\/mp2kwidzyn.pl\/wp-content\/uploads\/2025\/04\/489332238_944140537934859_5939797490117544786_n-300x225.jpg\" class=\"attachment-medium size-medium\" alt=\"\" srcset=\"https:\/\/mp2kwidzyn.pl\/wp-content\/uploads\/2025\/04\/489332238_944140537934859_5939797490117544786_n-300x225.jpg 300w, https:\/\/mp2kwidzyn.pl\/wp-content\/uploads\/2025\/04\/489332238_944140537934859_5939797490117544786_n-1024x768.jpg 1024w, https:\/\/mp2kwidzyn.pl\/wp-content\/uploads\/2025\/04\/489332238_944140537934859_5939797490117544786_n-768x576.jpg 768w, https:\/\/mp2kwidzyn.pl\/wp-content\/uploads\/2025\/04\/489332238_944140537934859_5939797490117544786_n-1536x1152.jpg 1536w, https:\/\/mp2kwidzyn.pl\/wp-content\/uploads\/2025\/04\/489332238_944140537934859_5939797490117544786_n.jpg 1600w\" sizes=\"auto, (max-width: 300px) 100vw, 300px\" \/><\/a>\n\t\t\t\t\t\n\t\t\t\t<\/div>\n\t\t\t\t<div class=\"mask\">\n\t\t\t\t\t<a href=\"#TB_inline?width=600&height=550&inlineId=gallery-5\" class=\"info thickbox\" title=\"2 kwietnia Dzie\u0144 \u015awiadomo\u015bci Autyzmu\">2 kwietnia Dzie\u0144 \u015awiadomo\u015bci Autyzmu<\/a>\n\t\t\t\t<\/div>\n\t\t\t<\/div>\n\t\t\t<\/div><div class=\"col-md-4 col-lg-4 col-sm-4 gallery-image\">\n\t\t\t<div class=\"gallery view second-effect\">\n\t\t\t\t<div id=\"gallery-6\" style=\"display:none;\">\n\t\t\t\t\t<a href='https:\/\/mp2kwidzyn.pl\/wp-content\/uploads\/2025\/04\/487311975_944140497934863_693911498363470325_n.jpg'><img loading=\"lazy\" decoding=\"async\" width=\"640\" height=\"480\" src=\"https:\/\/mp2kwidzyn.pl\/wp-content\/uploads\/2025\/04\/487311975_944140497934863_693911498363470325_n-1024x768.jpg\" class=\"attachment-large size-large\" alt=\"\" srcset=\"https:\/\/mp2kwidzyn.pl\/wp-content\/uploads\/2025\/04\/487311975_944140497934863_693911498363470325_n-1024x768.jpg 1024w, https:\/\/mp2kwidzyn.pl\/wp-content\/uploads\/2025\/04\/487311975_944140497934863_693911498363470325_n-300x225.jpg 300w, https:\/\/mp2kwidzyn.pl\/wp-content\/uploads\/2025\/04\/487311975_944140497934863_693911498363470325_n-768x576.jpg 768w, https:\/\/mp2kwidzyn.pl\/wp-content\/uploads\/2025\/04\/487311975_944140497934863_693911498363470325_n-1536x1152.jpg 1536w, https:\/\/mp2kwidzyn.pl\/wp-content\/uploads\/2025\/04\/487311975_944140497934863_693911498363470325_n.jpg 1600w\" sizes=\"auto, (max-width: 640px) 100vw, 640px\" \/><\/a>\n\t\t\t\t<\/div>\n\t\t\t\t<div class=\"gl_img\">\n\t\t\t\t\t<a href='https:\/\/mp2kwidzyn.pl\/wp-content\/uploads\/2025\/04\/487311975_944140497934863_693911498363470325_n.jpg'><img loading=\"lazy\" decoding=\"async\" width=\"300\" height=\"225\" src=\"https:\/\/mp2kwidzyn.pl\/wp-content\/uploads\/2025\/04\/487311975_944140497934863_693911498363470325_n-300x225.jpg\" class=\"attachment-medium size-medium\" alt=\"\" srcset=\"https:\/\/mp2kwidzyn.pl\/wp-content\/uploads\/2025\/04\/487311975_944140497934863_693911498363470325_n-300x225.jpg 300w, https:\/\/mp2kwidzyn.pl\/wp-content\/uploads\/2025\/04\/487311975_944140497934863_693911498363470325_n-1024x768.jpg 1024w, https:\/\/mp2kwidzyn.pl\/wp-content\/uploads\/2025\/04\/487311975_944140497934863_693911498363470325_n-768x576.jpg 768w, https:\/\/mp2kwidzyn.pl\/wp-content\/uploads\/2025\/04\/487311975_944140497934863_693911498363470325_n-1536x1152.jpg 1536w, https:\/\/mp2kwidzyn.pl\/wp-content\/uploads\/2025\/04\/487311975_944140497934863_693911498363470325_n.jpg 1600w\" sizes=\"auto, (max-width: 300px) 100vw, 300px\" \/><\/a>\n\t\t\t\t\t\n\t\t\t\t<\/div>\n\t\t\t\t<div class=\"mask\">\n\t\t\t\t\t<a href=\"#TB_inline?width=600&height=550&inlineId=gallery-6\" class=\"info thickbox\" title=\"2 kwietnia Dzie\u0144 \u015awiadomo\u015bci Autyzmu\">2 kwietnia Dzie\u0144 \u015awiadomo\u015bci Autyzmu<\/a>\n\t\t\t\t<\/div>\n\t\t\t<\/div>\n\t\t\t<\/div><div class=\"col-md-4 col-lg-4 col-sm-4 gallery-image\">\n\t\t\t<div class=\"gallery view second-effect\">\n\t\t\t\t<div id=\"gallery-7\" style=\"display:none;\">\n\t\t\t\t\t<a href='https:\/\/mp2kwidzyn.pl\/wp-content\/uploads\/2025\/04\/490133018_944140437934869_1273155907983538472_n.jpg'><img loading=\"lazy\" decoding=\"async\" width=\"640\" height=\"480\" src=\"https:\/\/mp2kwidzyn.pl\/wp-content\/uploads\/2025\/04\/490133018_944140437934869_1273155907983538472_n-1024x768.jpg\" class=\"attachment-large size-large\" alt=\"\" srcset=\"https:\/\/mp2kwidzyn.pl\/wp-content\/uploads\/2025\/04\/490133018_944140437934869_1273155907983538472_n-1024x768.jpg 1024w, https:\/\/mp2kwidzyn.pl\/wp-content\/uploads\/2025\/04\/490133018_944140437934869_1273155907983538472_n-300x225.jpg 300w, https:\/\/mp2kwidzyn.pl\/wp-content\/uploads\/2025\/04\/490133018_944140437934869_1273155907983538472_n-768x576.jpg 768w, https:\/\/mp2kwidzyn.pl\/wp-content\/uploads\/2025\/04\/490133018_944140437934869_1273155907983538472_n-1536x1152.jpg 1536w, https:\/\/mp2kwidzyn.pl\/wp-content\/uploads\/2025\/04\/490133018_944140437934869_1273155907983538472_n.jpg 1600w\" sizes=\"auto, (max-width: 640px) 100vw, 640px\" \/><\/a>\n\t\t\t\t<\/div>\n\t\t\t\t<div class=\"gl_img\">\n\t\t\t\t\t<a href='https:\/\/mp2kwidzyn.pl\/wp-content\/uploads\/2025\/04\/490133018_944140437934869_1273155907983538472_n.jpg'><img loading=\"lazy\" decoding=\"async\" width=\"300\" height=\"225\" src=\"https:\/\/mp2kwidzyn.pl\/wp-content\/uploads\/2025\/04\/490133018_944140437934869_1273155907983538472_n-300x225.jpg\" class=\"attachment-medium size-medium\" alt=\"\" srcset=\"https:\/\/mp2kwidzyn.pl\/wp-content\/uploads\/2025\/04\/490133018_944140437934869_1273155907983538472_n-300x225.jpg 300w, https:\/\/mp2kwidzyn.pl\/wp-content\/uploads\/2025\/04\/490133018_944140437934869_1273155907983538472_n-1024x768.jpg 1024w, https:\/\/mp2kwidzyn.pl\/wp-content\/uploads\/2025\/04\/490133018_944140437934869_1273155907983538472_n-768x576.jpg 768w, https:\/\/mp2kwidzyn.pl\/wp-content\/uploads\/2025\/04\/490133018_944140437934869_1273155907983538472_n-1536x1152.jpg 1536w, https:\/\/mp2kwidzyn.pl\/wp-content\/uploads\/2025\/04\/490133018_944140437934869_1273155907983538472_n.jpg 1600w\" sizes=\"auto, (max-width: 300px) 100vw, 300px\" \/><\/a>\n\t\t\t\t\t\n\t\t\t\t<\/div>\n\t\t\t\t<div class=\"mask\">\n\t\t\t\t\t<a href=\"#TB_inline?width=600&height=550&inlineId=gallery-7\" class=\"info thickbox\" title=\"2 kwietnia Dzie\u0144 \u015awiadomo\u015bci Autyzmu\">2 kwietnia Dzie\u0144 \u015awiadomo\u015bci Autyzmu<\/a>\n\t\t\t\t<\/div>\n\t\t\t<\/div>\n\t\t\t<\/div><div class=\"col-md-4 col-lg-4 col-sm-4 gallery-image\">\n\t\t\t<div class=\"gallery view second-effect\">\n\t\t\t\t<div id=\"gallery-8\" style=\"display:none;\">\n\t\t\t\t\t<a href='https:\/\/mp2kwidzyn.pl\/wp-content\/uploads\/2025\/04\/489927224_944140364601543_6595580620821333094_n.jpg'><img loading=\"lazy\" decoding=\"async\" width=\"640\" height=\"480\" src=\"https:\/\/mp2kwidzyn.pl\/wp-content\/uploads\/2025\/04\/489927224_944140364601543_6595580620821333094_n-1024x768.jpg\" class=\"attachment-large size-large\" alt=\"\" srcset=\"https:\/\/mp2kwidzyn.pl\/wp-content\/uploads\/2025\/04\/489927224_944140364601543_6595580620821333094_n-1024x768.jpg 1024w, https:\/\/mp2kwidzyn.pl\/wp-content\/uploads\/2025\/04\/489927224_944140364601543_6595580620821333094_n-300x225.jpg 300w, https:\/\/mp2kwidzyn.pl\/wp-content\/uploads\/2025\/04\/489927224_944140364601543_6595580620821333094_n-768x576.jpg 768w, https:\/\/mp2kwidzyn.pl\/wp-content\/uploads\/2025\/04\/489927224_944140364601543_6595580620821333094_n-1536x1152.jpg 1536w, https:\/\/mp2kwidzyn.pl\/wp-content\/uploads\/2025\/04\/489927224_944140364601543_6595580620821333094_n.jpg 1600w\" sizes=\"auto, (max-width: 640px) 100vw, 640px\" \/><\/a>\n\t\t\t\t<\/div>\n\t\t\t\t<div class=\"gl_img\">\n\t\t\t\t\t<a href='https:\/\/mp2kwidzyn.pl\/wp-content\/uploads\/2025\/04\/489927224_944140364601543_6595580620821333094_n.jpg'><img loading=\"lazy\" decoding=\"async\" width=\"300\" height=\"225\" src=\"https:\/\/mp2kwidzyn.pl\/wp-content\/uploads\/2025\/04\/489927224_944140364601543_6595580620821333094_n-300x225.jpg\" class=\"attachment-medium size-medium\" alt=\"\" srcset=\"https:\/\/mp2kwidzyn.pl\/wp-content\/uploads\/2025\/04\/489927224_944140364601543_6595580620821333094_n-300x225.jpg 300w, https:\/\/mp2kwidzyn.pl\/wp-content\/uploads\/2025\/04\/489927224_944140364601543_6595580620821333094_n-1024x768.jpg 1024w, https:\/\/mp2kwidzyn.pl\/wp-content\/uploads\/2025\/04\/489927224_944140364601543_6595580620821333094_n-768x576.jpg 768w, https:\/\/mp2kwidzyn.pl\/wp-content\/uploads\/2025\/04\/489927224_944140364601543_6595580620821333094_n-1536x1152.jpg 1536w, https:\/\/mp2kwidzyn.pl\/wp-content\/uploads\/2025\/04\/489927224_944140364601543_6595580620821333094_n.jpg 1600w\" sizes=\"auto, (max-width: 300px) 100vw, 300px\" \/><\/a>\n\t\t\t\t\t\n\t\t\t\t<\/div>\n\t\t\t\t<div class=\"mask\">\n\t\t\t\t\t<a href=\"#TB_inline?width=600&height=550&inlineId=gallery-8\" class=\"info thickbox\" title=\"2 kwietnia Dzie\u0144 \u015awiadomo\u015bci Autyzmu\">2 kwietnia Dzie\u0144 \u015awiadomo\u015bci Autyzmu<\/a>\n\t\t\t\t<\/div>\n\t\t\t<\/div>\n\t\t\t<\/div><div class=\"col-md-4 col-lg-4 col-sm-4 gallery-image\">\n\t\t\t<div class=\"gallery view second-effect\">\n\t\t\t\t<div id=\"gallery-9\" style=\"display:none;\">\n\t\t\t\t\t<a href='https:\/\/mp2kwidzyn.pl\/wp-content\/uploads\/2025\/04\/489645360_944140334601546_7594943029814537831_n.jpg'><img loading=\"lazy\" decoding=\"async\" width=\"398\" height=\"299\" src=\"https:\/\/mp2kwidzyn.pl\/wp-content\/uploads\/2025\/04\/489645360_944140334601546_7594943029814537831_n.jpg\" class=\"attachment-large size-large\" alt=\"\" srcset=\"https:\/\/mp2kwidzyn.pl\/wp-content\/uploads\/2025\/04\/489645360_944140334601546_7594943029814537831_n.jpg 398w, https:\/\/mp2kwidzyn.pl\/wp-content\/uploads\/2025\/04\/489645360_944140334601546_7594943029814537831_n-300x225.jpg 300w\" sizes=\"auto, (max-width: 398px) 100vw, 398px\" \/><\/a>\n\t\t\t\t<\/div>\n\t\t\t\t<div class=\"gl_img\">\n\t\t\t\t\t<a href='https:\/\/mp2kwidzyn.pl\/wp-content\/uploads\/2025\/04\/489645360_944140334601546_7594943029814537831_n.jpg'><img loading=\"lazy\" decoding=\"async\" width=\"300\" height=\"225\" src=\"https:\/\/mp2kwidzyn.pl\/wp-content\/uploads\/2025\/04\/489645360_944140334601546_7594943029814537831_n-300x225.jpg\" class=\"attachment-medium size-medium\" alt=\"\" srcset=\"https:\/\/mp2kwidzyn.pl\/wp-content\/uploads\/2025\/04\/489645360_944140334601546_7594943029814537831_n-300x225.jpg 300w, https:\/\/mp2kwidzyn.pl\/wp-content\/uploads\/2025\/04\/489645360_944140334601546_7594943029814537831_n.jpg 398w\" sizes=\"auto, (max-width: 300px) 100vw, 300px\" \/><\/a>\n\t\t\t\t\t\n\t\t\t\t<\/div>\n\t\t\t\t<div class=\"mask\">\n\t\t\t\t\t<a href=\"#TB_inline?width=600&height=550&inlineId=gallery-9\" class=\"info thickbox\" title=\"2 kwietnia Dzie\u0144 \u015awiadomo\u015bci Autyzmu\">2 kwietnia Dzie\u0144 \u015awiadomo\u015bci Autyzmu<\/a>\n\t\t\t\t<\/div>\n\t\t\t<\/div>\n\t\t\t<\/div><\/div><\/strong><\/div>\n","protected":false},"excerpt":{"rendered":"<p>2 kwietnia Dzie\u0144 \u015awiadomo\u015bci Autyzmu- przedszkolaki, w ka\u017cdej grupie szuka\u0142y swoich talent\u00f3w i odkrywa\u0142y w sobie wra\u017cliwo\u015b\u0107 na r\u00f3\u017cnorodno\u015b\u0107 umiej\u0119tno\u015bci, potrzeb i mo\u017cliwo\u015bci os\u00f3b w swoim otoczeniu. A ju\u017c za tydzie\u0144 &#8211; 9 kwietnia #NIEBIESKIE IGRZYSKA!<\/p>\n","protected":false},"author":1,"featured_media":1745,"comment_status":"open","ping_status":"open","sticky":false,"template":"","format":"standard","meta":{"footnotes":""},"categories":[1],"tags":[],"class_list":["post-1739","post","type-post","status-publish","format-standard","has-post-thumbnail","hentry","category-uncategorized"],"_links":{"self":[{"href":"https:\/\/mp2kwidzyn.pl\/index.php\/wp-json\/wp\/v2\/posts\/1739","targetHints":{"allow":["GET"]}}],"collection":[{"href":"https:\/\/mp2kwidzyn.pl\/index.php\/wp-json\/wp\/v2\/posts"}],"about":[{"href":"https:\/\/mp2kwidzyn.pl\/index.php\/wp-json\/wp\/v2\/types\/post"}],"author":[{"embeddable":true,"href":"https:\/\/mp2kwidzyn.pl\/index.php\/wp-json\/wp\/v2\/users\/1"}],"replies":[{"embeddable":true,"href":"https:\/\/mp2kwidzyn.pl\/index.php\/wp-json\/wp\/v2\/comments?post=1739"}],"version-history":[{"count":2,"href":"https:\/\/mp2kwidzyn.pl\/index.php\/wp-json\/wp\/v2\/posts\/1739\/revisions"}],"predecessor-version":[{"id":1751,"href":"https:\/\/mp2kwidzyn.pl\/index.php\/wp-json\/wp\/v2\/posts\/1739\/revisions\/1751"}],"wp:featuredmedia":[{"embeddable":true,"href":"https:\/\/mp2kwidzyn.pl\/index.php\/wp-json\/wp\/v2\/media\/1745"}],"wp:attachment":[{"href":"https:\/\/mp2kwidzyn.pl\/index.php\/wp-json\/wp\/v2\/media?parent=1739"}],"wp:term":[{"taxonomy":"category","embeddable":true,"href":"https:\/\/mp2kwidzyn.pl\/index.php\/wp-json\/wp\/v2\/categories?post=1739"},{"taxonomy":"post_tag","embeddable":true,"href":"https:\/\/mp2kwidzyn.pl\/index.php\/wp-json\/wp\/v2\/tags?post=1739"}],"curies":[{"name":"wp","href":"https:\/\/api.w.org\/{rel}","templated":true}]}}