{"id":2020,"date":"2025-04-17T21:17:04","date_gmt":"2025-04-17T21:17:04","guid":{"rendered":"https:\/\/mp2kwidzyn.pl\/?p=2020"},"modified":"2025-04-17T21:21:04","modified_gmt":"2025-04-17T21:21:04","slug":"zyczenia-wielkanocne-od-pszczolek","status":"publish","type":"post","link":"https:\/\/mp2kwidzyn.pl\/index.php\/2025\/04\/17\/zyczenia-wielkanocne-od-pszczolek\/","title":{"rendered":"\u017byczenia Wielkanocne od Pszcz\u00f3\u0142ek"},"content":{"rendered":"<p>\u017byczenia Wielkanocne <span class=\"html-span xexx8yu x4uap5 x18d9i69 xkhd6sd x1hl2dhg x16tdsg8 x1vvkbs x3nfvp2 x1j61x8r x1fcty0u xdj266r xat24cr xgzva0m xhhsvwb xxymvpz xlup9mm x1kky2od\"><img loading=\"lazy\" decoding=\"async\" class=\"xz74otr x168nmei x13lgxp2 x5pf9jr xo71vjh\" src=\"https:\/\/static.xx.fbcdn.net\/images\/emoji.php\/v9\/t4b\/3\/16\/1f423.png\" alt=\"&#x1f423;\" width=\"16\" height=\"16\" \/><\/span> od Pszcz\u00f3\u0142ek <span class=\"html-span xexx8yu x4uap5 x18d9i69 xkhd6sd x1hl2dhg x16tdsg8 x1vvkbs x3nfvp2 x1j61x8r x1fcty0u xdj266r xat24cr xgzva0m xhhsvwb xxymvpz xlup9mm x1kky2od\"><img loading=\"lazy\" decoding=\"async\" class=\"xz74otr x168nmei x13lgxp2 x5pf9jr xo71vjh\" src=\"https:\/\/static.xx.fbcdn.net\/images\/emoji.php\/v9\/t5d\/3\/16\/1f41d.png\" alt=\"&#x1f41d;\" width=\"16\" height=\"16\" \/><\/span><\/p>\n<p><a href=\"https:\/\/www.facebook.com\/MiejskiePrzedszkolenr2wKwidzynie\/videos\/1336024464817258\"><img loading=\"lazy\" decoding=\"async\" class=\"size-medium wp-image-2021 aligncenter\" src=\"https:\/\/mp2kwidzyn.pl\/wp-content\/uploads\/2025\/04\/ZyczeniaWielkanocnePszczolki-300x284.jpg\" alt=\"\" width=\"300\" height=\"284\" srcset=\"https:\/\/mp2kwidzyn.pl\/wp-content\/uploads\/2025\/04\/ZyczeniaWielkanocnePszczolki-300x284.jpg 300w, https:\/\/mp2kwidzyn.pl\/wp-content\/uploads\/2025\/04\/ZyczeniaWielkanocnePszczolki-1024x968.jpg 1024w, https:\/\/mp2kwidzyn.pl\/wp-content\/uploads\/2025\/04\/ZyczeniaWielkanocnePszczolki-768x726.jpg 768w, https:\/\/mp2kwidzyn.pl\/wp-content\/uploads\/2025\/04\/ZyczeniaWielkanocnePszczolki.jpg 1339w\" sizes=\"auto, (max-width: 300px) 100vw, 300px\" \/><\/a><\/p>\n","protected":false},"excerpt":{"rendered":"<p>\u017byczenia Wielkanocne od Pszcz\u00f3\u0142ek<\/p>\n","protected":false},"author":1,"featured_media":2024,"comment_status":"open","ping_status":"open","sticky":false,"template":"","format":"standard","meta":{"footnotes":""},"categories":[1],"tags":[],"class_list":["post-2020","post","type-post","status-publish","format-standard","has-post-thumbnail","hentry","category-uncategorized"],"_links":{"self":[{"href":"https:\/\/mp2kwidzyn.pl\/index.php\/wp-json\/wp\/v2\/posts\/2020","targetHints":{"allow":["GET"]}}],"collection":[{"href":"https:\/\/mp2kwidzyn.pl\/index.php\/wp-json\/wp\/v2\/posts"}],"about":[{"href":"https:\/\/mp2kwidzyn.pl\/index.php\/wp-json\/wp\/v2\/types\/post"}],"author":[{"embeddable":true,"href":"https:\/\/mp2kwidzyn.pl\/index.php\/wp-json\/wp\/v2\/users\/1"}],"replies":[{"embeddable":true,"href":"https:\/\/mp2kwidzyn.pl\/index.php\/wp-json\/wp\/v2\/comments?post=2020"}],"version-history":[{"count":1,"href":"https:\/\/mp2kwidzyn.pl\/index.php\/wp-json\/wp\/v2\/posts\/2020\/revisions"}],"predecessor-version":[{"id":2022,"href":"https:\/\/mp2kwidzyn.pl\/index.php\/wp-json\/wp\/v2\/posts\/2020\/revisions\/2022"}],"wp:featuredmedia":[{"embeddable":true,"href":"https:\/\/mp2kwidzyn.pl\/index.php\/wp-json\/wp\/v2\/media\/2024"}],"wp:attachment":[{"href":"https:\/\/mp2kwidzyn.pl\/index.php\/wp-json\/wp\/v2\/media?parent=2020"}],"wp:term":[{"taxonomy":"category","embeddable":true,"href":"https:\/\/mp2kwidzyn.pl\/index.php\/wp-json\/wp\/v2\/categories?post=2020"},{"taxonomy":"post_tag","embeddable":true,"href":"https:\/\/mp2kwidzyn.pl\/index.php\/wp-json\/wp\/v2\/tags?post=2020"}],"curies":[{"name":"wp","href":"https:\/\/api.w.org\/{rel}","templated":true}]}}