{"id":2373,"date":"2025-05-01T06:35:54","date_gmt":"2025-05-01T06:35:54","guid":{"rendered":"https:\/\/mp2kwidzyn.pl\/?p=2373"},"modified":"2025-05-01T06:39:53","modified_gmt":"2025-05-01T06:39:53","slug":"wspolne-obchody-swiat-majowych-i-europejski-dzien-solidarnosci-miedzypokoleniowej","status":"publish","type":"post","link":"https:\/\/mp2kwidzyn.pl\/index.php\/2025\/05\/01\/wspolne-obchody-swiat-majowych-i-europejski-dzien-solidarnosci-miedzypokoleniowej\/","title":{"rendered":"Wsp\u00f3lne obchody \u015bwi\u0105t majowych i Europejski Dzie\u0144 Solidarno\u015bci Mi\u0119dzypokoleniowej"},"content":{"rendered":"<p>Wsp\u00f3lne obchody \u015bwi\u0105t majowych i Europejski Dzie\u0144 Solidarno\u015bci Mi\u0119dzypokoleniowej <span class=\"html-span xexx8yu x4uap5 x18d9i69 xkhd6sd x1hl2dhg x16tdsg8 x1vvkbs x3nfvp2 x1j61x8r x1fcty0u xdj266r xat24cr xgzva0m xhhsvwb xxymvpz xlup9mm x1kky2od\"><img loading=\"lazy\" decoding=\"async\" class=\"xz74otr x168nmei x13lgxp2 x5pf9jr xo71vjh\" src=\"https:\/\/static.xx.fbcdn.net\/images\/emoji.php\/v9\/t3\/3\/16\/1f90d.png\" alt=\"&#x1f90d;\" width=\"16\" height=\"16\" \/><\/span><span class=\"html-span xexx8yu x4uap5 x18d9i69 xkhd6sd x1hl2dhg x16tdsg8 x1vvkbs x3nfvp2 x1j61x8r x1fcty0u xdj266r xat24cr xgzva0m xhhsvwb xxymvpz xlup9mm x1kky2od\"><img loading=\"lazy\" decoding=\"async\" class=\"xz74otr x168nmei x13lgxp2 x5pf9jr xo71vjh\" src=\"https:\/\/static.xx.fbcdn.net\/images\/emoji.php\/v9\/t6e\/3\/16\/2764.png\" alt=\"&#x2764;&#xfe0f;\" width=\"16\" height=\"16\" \/><\/span> <span class=\"html-span xexx8yu x4uap5 x18d9i69 xkhd6sd x1hl2dhg x16tdsg8 x1vvkbs x3nfvp2 x1j61x8r x1fcty0u xdj266r xat24cr xgzva0m xhhsvwb xxymvpz xlup9mm x1kky2od\"><img loading=\"lazy\" decoding=\"async\" class=\"xz74otr x168nmei x13lgxp2 x5pf9jr xo71vjh\" src=\"https:\/\/static.xx.fbcdn.net\/images\/emoji.php\/v9\/t9e\/3\/16\/1f1f5_1f1f1.png\" alt=\"&#x1f1f5;&#x1f1f1;\" width=\"16\" height=\"16\" \/><\/span><\/p>\n<p><strong style=\"font-size: 1rem;\"><div class=\"row\"><div class=\"col-md-4 col-lg-4 col-sm-4 gallery-image\">\n\t\t\t<div class=\"gallery view second-effect\">\n\t\t\t\t<div id=\"gallery-1\" style=\"display:none;\">\n\t\t\t\t\t<a href='https:\/\/mp2kwidzyn.pl\/wp-content\/uploads\/2025\/05\/494101695_961158916233021_2052928883840990980_n.jpg'><img loading=\"lazy\" decoding=\"async\" width=\"640\" height=\"480\" src=\"https:\/\/mp2kwidzyn.pl\/wp-content\/uploads\/2025\/05\/494101695_961158916233021_2052928883840990980_n-1024x768.jpg\" class=\"attachment-large size-large\" alt=\"\" srcset=\"https:\/\/mp2kwidzyn.pl\/wp-content\/uploads\/2025\/05\/494101695_961158916233021_2052928883840990980_n-1024x768.jpg 1024w, https:\/\/mp2kwidzyn.pl\/wp-content\/uploads\/2025\/05\/494101695_961158916233021_2052928883840990980_n-300x225.jpg 300w, https:\/\/mp2kwidzyn.pl\/wp-content\/uploads\/2025\/05\/494101695_961158916233021_2052928883840990980_n-768x576.jpg 768w, https:\/\/mp2kwidzyn.pl\/wp-content\/uploads\/2025\/05\/494101695_961158916233021_2052928883840990980_n-1536x1152.jpg 1536w, https:\/\/mp2kwidzyn.pl\/wp-content\/uploads\/2025\/05\/494101695_961158916233021_2052928883840990980_n.jpg 1600w\" sizes=\"auto, (max-width: 640px) 100vw, 640px\" \/><\/a>\n\t\t\t\t<\/div>\n\t\t\t\t<div class=\"gl_img\">\n\t\t\t\t\t<a href='https:\/\/mp2kwidzyn.pl\/wp-content\/uploads\/2025\/05\/494101695_961158916233021_2052928883840990980_n.jpg'><img loading=\"lazy\" decoding=\"async\" width=\"300\" height=\"225\" src=\"https:\/\/mp2kwidzyn.pl\/wp-content\/uploads\/2025\/05\/494101695_961158916233021_2052928883840990980_n-300x225.jpg\" class=\"attachment-medium size-medium\" alt=\"\" srcset=\"https:\/\/mp2kwidzyn.pl\/wp-content\/uploads\/2025\/05\/494101695_961158916233021_2052928883840990980_n-300x225.jpg 300w, https:\/\/mp2kwidzyn.pl\/wp-content\/uploads\/2025\/05\/494101695_961158916233021_2052928883840990980_n-1024x768.jpg 1024w, https:\/\/mp2kwidzyn.pl\/wp-content\/uploads\/2025\/05\/494101695_961158916233021_2052928883840990980_n-768x576.jpg 768w, https:\/\/mp2kwidzyn.pl\/wp-content\/uploads\/2025\/05\/494101695_961158916233021_2052928883840990980_n-1536x1152.jpg 1536w, https:\/\/mp2kwidzyn.pl\/wp-content\/uploads\/2025\/05\/494101695_961158916233021_2052928883840990980_n.jpg 1600w\" sizes=\"auto, (max-width: 300px) 100vw, 300px\" \/><\/a>\n\t\t\t\t\t\n\t\t\t\t<\/div>\n\t\t\t\t<div class=\"mask\">\n\t\t\t\t\t<a href=\"#TB_inline?width=600&height=550&inlineId=gallery-1\" class=\"info thickbox\" title=\"Wsp\u00f3lne obchody \u015bwi\u0105t majowych i Europejski Dzie\u0144 Solidarno\u015bci Mi\u0119dzypokoleniowej\">Wsp\u00f3lne obchody \u015bwi\u0105t majowych i Europejski Dzie\u0144 Solidarno\u015bci Mi\u0119dzypokoleniowej<\/a>\n\t\t\t\t<\/div>\n\t\t\t<\/div>\n\t\t\t<\/div><div class=\"col-md-4 col-lg-4 col-sm-4 gallery-image\">\n\t\t\t<div class=\"gallery view second-effect\">\n\t\t\t\t<div id=\"gallery-2\" style=\"display:none;\">\n\t\t\t\t\t<a href='https:\/\/mp2kwidzyn.pl\/wp-content\/uploads\/2025\/05\/494997502_961158886233024_1278053316109491139_n.jpg'><img loading=\"lazy\" decoding=\"async\" width=\"640\" height=\"480\" src=\"https:\/\/mp2kwidzyn.pl\/wp-content\/uploads\/2025\/05\/494997502_961158886233024_1278053316109491139_n-1024x768.jpg\" class=\"attachment-large size-large\" alt=\"\" srcset=\"https:\/\/mp2kwidzyn.pl\/wp-content\/uploads\/2025\/05\/494997502_961158886233024_1278053316109491139_n-1024x768.jpg 1024w, https:\/\/mp2kwidzyn.pl\/wp-content\/uploads\/2025\/05\/494997502_961158886233024_1278053316109491139_n-300x225.jpg 300w, https:\/\/mp2kwidzyn.pl\/wp-content\/uploads\/2025\/05\/494997502_961158886233024_1278053316109491139_n-768x576.jpg 768w, https:\/\/mp2kwidzyn.pl\/wp-content\/uploads\/2025\/05\/494997502_961158886233024_1278053316109491139_n-1536x1152.jpg 1536w, https:\/\/mp2kwidzyn.pl\/wp-content\/uploads\/2025\/05\/494997502_961158886233024_1278053316109491139_n.jpg 1600w\" sizes=\"auto, (max-width: 640px) 100vw, 640px\" \/><\/a>\n\t\t\t\t<\/div>\n\t\t\t\t<div class=\"gl_img\">\n\t\t\t\t\t<a href='https:\/\/mp2kwidzyn.pl\/wp-content\/uploads\/2025\/05\/494997502_961158886233024_1278053316109491139_n.jpg'><img loading=\"lazy\" decoding=\"async\" width=\"300\" height=\"225\" src=\"https:\/\/mp2kwidzyn.pl\/wp-content\/uploads\/2025\/05\/494997502_961158886233024_1278053316109491139_n-300x225.jpg\" class=\"attachment-medium size-medium\" alt=\"\" srcset=\"https:\/\/mp2kwidzyn.pl\/wp-content\/uploads\/2025\/05\/494997502_961158886233024_1278053316109491139_n-300x225.jpg 300w, https:\/\/mp2kwidzyn.pl\/wp-content\/uploads\/2025\/05\/494997502_961158886233024_1278053316109491139_n-1024x768.jpg 1024w, https:\/\/mp2kwidzyn.pl\/wp-content\/uploads\/2025\/05\/494997502_961158886233024_1278053316109491139_n-768x576.jpg 768w, https:\/\/mp2kwidzyn.pl\/wp-content\/uploads\/2025\/05\/494997502_961158886233024_1278053316109491139_n-1536x1152.jpg 1536w, https:\/\/mp2kwidzyn.pl\/wp-content\/uploads\/2025\/05\/494997502_961158886233024_1278053316109491139_n.jpg 1600w\" sizes=\"auto, (max-width: 300px) 100vw, 300px\" \/><\/a>\n\t\t\t\t\t\n\t\t\t\t<\/div>\n\t\t\t\t<div class=\"mask\">\n\t\t\t\t\t<a href=\"#TB_inline?width=600&height=550&inlineId=gallery-2\" class=\"info thickbox\" title=\"Wsp\u00f3lne obchody \u015bwi\u0105t majowych i Europejski Dzie\u0144 Solidarno\u015bci Mi\u0119dzypokoleniowej\">Wsp\u00f3lne obchody \u015bwi\u0105t majowych i Europejski Dzie\u0144 Solidarno\u015bci Mi\u0119dzypokoleniowej<\/a>\n\t\t\t\t<\/div>\n\t\t\t<\/div>\n\t\t\t<\/div><div class=\"col-md-4 col-lg-4 col-sm-4 gallery-image\">\n\t\t\t<div class=\"gallery view second-effect\">\n\t\t\t\t<div id=\"gallery-3\" style=\"display:none;\">\n\t\t\t\t\t<a href='https:\/\/mp2kwidzyn.pl\/wp-content\/uploads\/2025\/05\/494112289_961158829566363_7542060942275335967_n.jpg'><img loading=\"lazy\" decoding=\"async\" width=\"640\" height=\"480\" src=\"https:\/\/mp2kwidzyn.pl\/wp-content\/uploads\/2025\/05\/494112289_961158829566363_7542060942275335967_n-1024x768.jpg\" class=\"attachment-large size-large\" alt=\"\" srcset=\"https:\/\/mp2kwidzyn.pl\/wp-content\/uploads\/2025\/05\/494112289_961158829566363_7542060942275335967_n-1024x768.jpg 1024w, https:\/\/mp2kwidzyn.pl\/wp-content\/uploads\/2025\/05\/494112289_961158829566363_7542060942275335967_n-300x225.jpg 300w, https:\/\/mp2kwidzyn.pl\/wp-content\/uploads\/2025\/05\/494112289_961158829566363_7542060942275335967_n-768x576.jpg 768w, https:\/\/mp2kwidzyn.pl\/wp-content\/uploads\/2025\/05\/494112289_961158829566363_7542060942275335967_n-1536x1152.jpg 1536w, https:\/\/mp2kwidzyn.pl\/wp-content\/uploads\/2025\/05\/494112289_961158829566363_7542060942275335967_n.jpg 1600w\" sizes=\"auto, (max-width: 640px) 100vw, 640px\" \/><\/a>\n\t\t\t\t<\/div>\n\t\t\t\t<div class=\"gl_img\">\n\t\t\t\t\t<a href='https:\/\/mp2kwidzyn.pl\/wp-content\/uploads\/2025\/05\/494112289_961158829566363_7542060942275335967_n.jpg'><img loading=\"lazy\" decoding=\"async\" width=\"300\" height=\"225\" src=\"https:\/\/mp2kwidzyn.pl\/wp-content\/uploads\/2025\/05\/494112289_961158829566363_7542060942275335967_n-300x225.jpg\" class=\"attachment-medium size-medium\" alt=\"\" srcset=\"https:\/\/mp2kwidzyn.pl\/wp-content\/uploads\/2025\/05\/494112289_961158829566363_7542060942275335967_n-300x225.jpg 300w, https:\/\/mp2kwidzyn.pl\/wp-content\/uploads\/2025\/05\/494112289_961158829566363_7542060942275335967_n-1024x768.jpg 1024w, https:\/\/mp2kwidzyn.pl\/wp-content\/uploads\/2025\/05\/494112289_961158829566363_7542060942275335967_n-768x576.jpg 768w, https:\/\/mp2kwidzyn.pl\/wp-content\/uploads\/2025\/05\/494112289_961158829566363_7542060942275335967_n-1536x1152.jpg 1536w, https:\/\/mp2kwidzyn.pl\/wp-content\/uploads\/2025\/05\/494112289_961158829566363_7542060942275335967_n.jpg 1600w\" sizes=\"auto, (max-width: 300px) 100vw, 300px\" \/><\/a>\n\t\t\t\t\t\n\t\t\t\t<\/div>\n\t\t\t\t<div class=\"mask\">\n\t\t\t\t\t<a href=\"#TB_inline?width=600&height=550&inlineId=gallery-3\" class=\"info thickbox\" title=\"Wsp\u00f3lne obchody \u015bwi\u0105t majowych i Europejski Dzie\u0144 Solidarno\u015bci Mi\u0119dzypokoleniowej\">Wsp\u00f3lne obchody \u015bwi\u0105t majowych i Europejski Dzie\u0144 Solidarno\u015bci Mi\u0119dzypokoleniowej<\/a>\n\t\t\t\t<\/div>\n\t\t\t<\/div>\n\t\t\t<\/div><div class=\"col-md-4 col-lg-4 col-sm-4 gallery-image\">\n\t\t\t<div class=\"gallery view second-effect\">\n\t\t\t\t<div id=\"gallery-4\" style=\"display:none;\">\n\t\t\t\t\t<a href='https:\/\/mp2kwidzyn.pl\/wp-content\/uploads\/2025\/05\/494315609_961158762899703_1071732200882209734_n.jpg'><img loading=\"lazy\" decoding=\"async\" width=\"640\" height=\"480\" src=\"https:\/\/mp2kwidzyn.pl\/wp-content\/uploads\/2025\/05\/494315609_961158762899703_1071732200882209734_n-1024x768.jpg\" class=\"attachment-large size-large\" alt=\"\" srcset=\"https:\/\/mp2kwidzyn.pl\/wp-content\/uploads\/2025\/05\/494315609_961158762899703_1071732200882209734_n-1024x768.jpg 1024w, https:\/\/mp2kwidzyn.pl\/wp-content\/uploads\/2025\/05\/494315609_961158762899703_1071732200882209734_n-300x225.jpg 300w, https:\/\/mp2kwidzyn.pl\/wp-content\/uploads\/2025\/05\/494315609_961158762899703_1071732200882209734_n-768x576.jpg 768w, https:\/\/mp2kwidzyn.pl\/wp-content\/uploads\/2025\/05\/494315609_961158762899703_1071732200882209734_n-1536x1152.jpg 1536w, https:\/\/mp2kwidzyn.pl\/wp-content\/uploads\/2025\/05\/494315609_961158762899703_1071732200882209734_n.jpg 1600w\" sizes=\"auto, (max-width: 640px) 100vw, 640px\" \/><\/a>\n\t\t\t\t<\/div>\n\t\t\t\t<div class=\"gl_img\">\n\t\t\t\t\t<a href='https:\/\/mp2kwidzyn.pl\/wp-content\/uploads\/2025\/05\/494315609_961158762899703_1071732200882209734_n.jpg'><img loading=\"lazy\" decoding=\"async\" width=\"300\" height=\"225\" src=\"https:\/\/mp2kwidzyn.pl\/wp-content\/uploads\/2025\/05\/494315609_961158762899703_1071732200882209734_n-300x225.jpg\" class=\"attachment-medium size-medium\" alt=\"\" srcset=\"https:\/\/mp2kwidzyn.pl\/wp-content\/uploads\/2025\/05\/494315609_961158762899703_1071732200882209734_n-300x225.jpg 300w, https:\/\/mp2kwidzyn.pl\/wp-content\/uploads\/2025\/05\/494315609_961158762899703_1071732200882209734_n-1024x768.jpg 1024w, https:\/\/mp2kwidzyn.pl\/wp-content\/uploads\/2025\/05\/494315609_961158762899703_1071732200882209734_n-768x576.jpg 768w, https:\/\/mp2kwidzyn.pl\/wp-content\/uploads\/2025\/05\/494315609_961158762899703_1071732200882209734_n-1536x1152.jpg 1536w, https:\/\/mp2kwidzyn.pl\/wp-content\/uploads\/2025\/05\/494315609_961158762899703_1071732200882209734_n.jpg 1600w\" sizes=\"auto, (max-width: 300px) 100vw, 300px\" \/><\/a>\n\t\t\t\t\t\n\t\t\t\t<\/div>\n\t\t\t\t<div class=\"mask\">\n\t\t\t\t\t<a href=\"#TB_inline?width=600&height=550&inlineId=gallery-4\" class=\"info thickbox\" title=\"Wsp\u00f3lne obchody \u015bwi\u0105t majowych i Europejski Dzie\u0144 Solidarno\u015bci Mi\u0119dzypokoleniowej\">Wsp\u00f3lne obchody \u015bwi\u0105t majowych i Europejski Dzie\u0144 Solidarno\u015bci Mi\u0119dzypokoleniowej<\/a>\n\t\t\t\t<\/div>\n\t\t\t<\/div>\n\t\t\t<\/div><div class=\"col-md-4 col-lg-4 col-sm-4 gallery-image\">\n\t\t\t<div class=\"gallery view second-effect\">\n\t\t\t\t<div id=\"gallery-5\" style=\"display:none;\">\n\t\t\t\t\t<a href='https:\/\/mp2kwidzyn.pl\/wp-content\/uploads\/2025\/05\/493133753_961158712899708_6938631319168127213_n.jpg'><img loading=\"lazy\" decoding=\"async\" width=\"640\" height=\"853\" src=\"https:\/\/mp2kwidzyn.pl\/wp-content\/uploads\/2025\/05\/493133753_961158712899708_6938631319168127213_n-768x1024.jpg\" class=\"attachment-large size-large\" alt=\"\" srcset=\"https:\/\/mp2kwidzyn.pl\/wp-content\/uploads\/2025\/05\/493133753_961158712899708_6938631319168127213_n-768x1024.jpg 768w, https:\/\/mp2kwidzyn.pl\/wp-content\/uploads\/2025\/05\/493133753_961158712899708_6938631319168127213_n-225x300.jpg 225w, https:\/\/mp2kwidzyn.pl\/wp-content\/uploads\/2025\/05\/493133753_961158712899708_6938631319168127213_n-1152x1536.jpg 1152w, https:\/\/mp2kwidzyn.pl\/wp-content\/uploads\/2025\/05\/493133753_961158712899708_6938631319168127213_n.jpg 1200w\" sizes=\"auto, (max-width: 640px) 100vw, 640px\" \/><\/a>\n\t\t\t\t<\/div>\n\t\t\t\t<div class=\"gl_img\">\n\t\t\t\t\t<a href='https:\/\/mp2kwidzyn.pl\/wp-content\/uploads\/2025\/05\/493133753_961158712899708_6938631319168127213_n.jpg'><img loading=\"lazy\" decoding=\"async\" width=\"225\" height=\"300\" src=\"https:\/\/mp2kwidzyn.pl\/wp-content\/uploads\/2025\/05\/493133753_961158712899708_6938631319168127213_n-225x300.jpg\" class=\"attachment-medium size-medium\" alt=\"\" srcset=\"https:\/\/mp2kwidzyn.pl\/wp-content\/uploads\/2025\/05\/493133753_961158712899708_6938631319168127213_n-225x300.jpg 225w, https:\/\/mp2kwidzyn.pl\/wp-content\/uploads\/2025\/05\/493133753_961158712899708_6938631319168127213_n-768x1024.jpg 768w, https:\/\/mp2kwidzyn.pl\/wp-content\/uploads\/2025\/05\/493133753_961158712899708_6938631319168127213_n-1152x1536.jpg 1152w, https:\/\/mp2kwidzyn.pl\/wp-content\/uploads\/2025\/05\/493133753_961158712899708_6938631319168127213_n.jpg 1200w\" sizes=\"auto, (max-width: 225px) 100vw, 225px\" \/><\/a>\n\t\t\t\t\t\n\t\t\t\t<\/div>\n\t\t\t\t<div class=\"mask\">\n\t\t\t\t\t<a href=\"#TB_inline?width=600&height=550&inlineId=gallery-5\" class=\"info thickbox\" title=\"Wsp\u00f3lne obchody \u015bwi\u0105t majowych i Europejski Dzie\u0144 Solidarno\u015bci Mi\u0119dzypokoleniowej\">Wsp\u00f3lne obchody \u015bwi\u0105t majowych i Europejski Dzie\u0144 Solidarno\u015bci Mi\u0119dzypokoleniowej<\/a>\n\t\t\t\t<\/div>\n\t\t\t<\/div>\n\t\t\t<\/div><div class=\"col-md-4 col-lg-4 col-sm-4 gallery-image\">\n\t\t\t<div class=\"gallery view second-effect\">\n\t\t\t\t<div id=\"gallery-6\" style=\"display:none;\">\n\t\t\t\t\t<a href='https:\/\/mp2kwidzyn.pl\/wp-content\/uploads\/2025\/05\/494386230_961158672899712_4991225772616468903_n.jpg'><img loading=\"lazy\" decoding=\"async\" width=\"640\" height=\"853\" src=\"https:\/\/mp2kwidzyn.pl\/wp-content\/uploads\/2025\/05\/494386230_961158672899712_4991225772616468903_n-768x1024.jpg\" class=\"attachment-large size-large\" alt=\"\" srcset=\"https:\/\/mp2kwidzyn.pl\/wp-content\/uploads\/2025\/05\/494386230_961158672899712_4991225772616468903_n-768x1024.jpg 768w, https:\/\/mp2kwidzyn.pl\/wp-content\/uploads\/2025\/05\/494386230_961158672899712_4991225772616468903_n-225x300.jpg 225w, https:\/\/mp2kwidzyn.pl\/wp-content\/uploads\/2025\/05\/494386230_961158672899712_4991225772616468903_n-1152x1536.jpg 1152w, https:\/\/mp2kwidzyn.pl\/wp-content\/uploads\/2025\/05\/494386230_961158672899712_4991225772616468903_n.jpg 1200w\" sizes=\"auto, (max-width: 640px) 100vw, 640px\" \/><\/a>\n\t\t\t\t<\/div>\n\t\t\t\t<div class=\"gl_img\">\n\t\t\t\t\t<a href='https:\/\/mp2kwidzyn.pl\/wp-content\/uploads\/2025\/05\/494386230_961158672899712_4991225772616468903_n.jpg'><img loading=\"lazy\" decoding=\"async\" width=\"225\" height=\"300\" src=\"https:\/\/mp2kwidzyn.pl\/wp-content\/uploads\/2025\/05\/494386230_961158672899712_4991225772616468903_n-225x300.jpg\" class=\"attachment-medium size-medium\" alt=\"\" srcset=\"https:\/\/mp2kwidzyn.pl\/wp-content\/uploads\/2025\/05\/494386230_961158672899712_4991225772616468903_n-225x300.jpg 225w, https:\/\/mp2kwidzyn.pl\/wp-content\/uploads\/2025\/05\/494386230_961158672899712_4991225772616468903_n-768x1024.jpg 768w, https:\/\/mp2kwidzyn.pl\/wp-content\/uploads\/2025\/05\/494386230_961158672899712_4991225772616468903_n-1152x1536.jpg 1152w, https:\/\/mp2kwidzyn.pl\/wp-content\/uploads\/2025\/05\/494386230_961158672899712_4991225772616468903_n.jpg 1200w\" sizes=\"auto, (max-width: 225px) 100vw, 225px\" \/><\/a>\n\t\t\t\t\t\n\t\t\t\t<\/div>\n\t\t\t\t<div class=\"mask\">\n\t\t\t\t\t<a href=\"#TB_inline?width=600&height=550&inlineId=gallery-6\" class=\"info thickbox\" title=\"Wsp\u00f3lne obchody \u015bwi\u0105t majowych i Europejski Dzie\u0144 Solidarno\u015bci Mi\u0119dzypokoleniowej\">Wsp\u00f3lne obchody \u015bwi\u0105t majowych i Europejski Dzie\u0144 Solidarno\u015bci Mi\u0119dzypokoleniowej<\/a>\n\t\t\t\t<\/div>\n\t\t\t<\/div>\n\t\t\t<\/div><div class=\"col-md-4 col-lg-4 col-sm-4 gallery-image\">\n\t\t\t<div class=\"gallery view second-effect\">\n\t\t\t\t<div id=\"gallery-7\" style=\"display:none;\">\n\t\t\t\t\t<a href='https:\/\/mp2kwidzyn.pl\/wp-content\/uploads\/2025\/05\/492529571_961158616233051_8518118797660965039_n.jpg'><img loading=\"lazy\" decoding=\"async\" width=\"640\" height=\"853\" src=\"https:\/\/mp2kwidzyn.pl\/wp-content\/uploads\/2025\/05\/492529571_961158616233051_8518118797660965039_n-768x1024.jpg\" class=\"attachment-large size-large\" alt=\"\" srcset=\"https:\/\/mp2kwidzyn.pl\/wp-content\/uploads\/2025\/05\/492529571_961158616233051_8518118797660965039_n-768x1024.jpg 768w, https:\/\/mp2kwidzyn.pl\/wp-content\/uploads\/2025\/05\/492529571_961158616233051_8518118797660965039_n-225x300.jpg 225w, https:\/\/mp2kwidzyn.pl\/wp-content\/uploads\/2025\/05\/492529571_961158616233051_8518118797660965039_n-1152x1536.jpg 1152w, https:\/\/mp2kwidzyn.pl\/wp-content\/uploads\/2025\/05\/492529571_961158616233051_8518118797660965039_n.jpg 1200w\" sizes=\"auto, (max-width: 640px) 100vw, 640px\" \/><\/a>\n\t\t\t\t<\/div>\n\t\t\t\t<div class=\"gl_img\">\n\t\t\t\t\t<a href='https:\/\/mp2kwidzyn.pl\/wp-content\/uploads\/2025\/05\/492529571_961158616233051_8518118797660965039_n.jpg'><img loading=\"lazy\" decoding=\"async\" width=\"225\" height=\"300\" src=\"https:\/\/mp2kwidzyn.pl\/wp-content\/uploads\/2025\/05\/492529571_961158616233051_8518118797660965039_n-225x300.jpg\" class=\"attachment-medium size-medium\" alt=\"\" srcset=\"https:\/\/mp2kwidzyn.pl\/wp-content\/uploads\/2025\/05\/492529571_961158616233051_8518118797660965039_n-225x300.jpg 225w, https:\/\/mp2kwidzyn.pl\/wp-content\/uploads\/2025\/05\/492529571_961158616233051_8518118797660965039_n-768x1024.jpg 768w, https:\/\/mp2kwidzyn.pl\/wp-content\/uploads\/2025\/05\/492529571_961158616233051_8518118797660965039_n-1152x1536.jpg 1152w, https:\/\/mp2kwidzyn.pl\/wp-content\/uploads\/2025\/05\/492529571_961158616233051_8518118797660965039_n.jpg 1200w\" sizes=\"auto, (max-width: 225px) 100vw, 225px\" \/><\/a>\n\t\t\t\t\t\n\t\t\t\t<\/div>\n\t\t\t\t<div class=\"mask\">\n\t\t\t\t\t<a href=\"#TB_inline?width=600&height=550&inlineId=gallery-7\" class=\"info thickbox\" title=\"Wsp\u00f3lne obchody \u015bwi\u0105t majowych i Europejski Dzie\u0144 Solidarno\u015bci Mi\u0119dzypokoleniowej\">Wsp\u00f3lne obchody \u015bwi\u0105t majowych i Europejski Dzie\u0144 Solidarno\u015bci Mi\u0119dzypokoleniowej<\/a>\n\t\t\t\t<\/div>\n\t\t\t<\/div>\n\t\t\t<\/div><div class=\"col-md-4 col-lg-4 col-sm-4 gallery-image\">\n\t\t\t<div class=\"gallery view second-effect\">\n\t\t\t\t<div id=\"gallery-8\" style=\"display:none;\">\n\t\t\t\t\t<a href='https:\/\/mp2kwidzyn.pl\/wp-content\/uploads\/2025\/05\/494379274_961158586233054_4599584274848705254_n.jpg'><img loading=\"lazy\" decoding=\"async\" width=\"640\" height=\"853\" src=\"https:\/\/mp2kwidzyn.pl\/wp-content\/uploads\/2025\/05\/494379274_961158586233054_4599584274848705254_n-768x1024.jpg\" class=\"attachment-large size-large\" alt=\"\" srcset=\"https:\/\/mp2kwidzyn.pl\/wp-content\/uploads\/2025\/05\/494379274_961158586233054_4599584274848705254_n-768x1024.jpg 768w, https:\/\/mp2kwidzyn.pl\/wp-content\/uploads\/2025\/05\/494379274_961158586233054_4599584274848705254_n-225x300.jpg 225w, https:\/\/mp2kwidzyn.pl\/wp-content\/uploads\/2025\/05\/494379274_961158586233054_4599584274848705254_n-1152x1536.jpg 1152w, https:\/\/mp2kwidzyn.pl\/wp-content\/uploads\/2025\/05\/494379274_961158586233054_4599584274848705254_n.jpg 1200w\" sizes=\"auto, (max-width: 640px) 100vw, 640px\" \/><\/a>\n\t\t\t\t<\/div>\n\t\t\t\t<div class=\"gl_img\">\n\t\t\t\t\t<a href='https:\/\/mp2kwidzyn.pl\/wp-content\/uploads\/2025\/05\/494379274_961158586233054_4599584274848705254_n.jpg'><img loading=\"lazy\" decoding=\"async\" width=\"225\" height=\"300\" src=\"https:\/\/mp2kwidzyn.pl\/wp-content\/uploads\/2025\/05\/494379274_961158586233054_4599584274848705254_n-225x300.jpg\" class=\"attachment-medium size-medium\" alt=\"\" srcset=\"https:\/\/mp2kwidzyn.pl\/wp-content\/uploads\/2025\/05\/494379274_961158586233054_4599584274848705254_n-225x300.jpg 225w, https:\/\/mp2kwidzyn.pl\/wp-content\/uploads\/2025\/05\/494379274_961158586233054_4599584274848705254_n-768x1024.jpg 768w, https:\/\/mp2kwidzyn.pl\/wp-content\/uploads\/2025\/05\/494379274_961158586233054_4599584274848705254_n-1152x1536.jpg 1152w, https:\/\/mp2kwidzyn.pl\/wp-content\/uploads\/2025\/05\/494379274_961158586233054_4599584274848705254_n.jpg 1200w\" sizes=\"auto, (max-width: 225px) 100vw, 225px\" \/><\/a>\n\t\t\t\t\t\n\t\t\t\t<\/div>\n\t\t\t\t<div class=\"mask\">\n\t\t\t\t\t<a href=\"#TB_inline?width=600&height=550&inlineId=gallery-8\" class=\"info thickbox\" title=\"Wsp\u00f3lne obchody \u015bwi\u0105t majowych i Europejski Dzie\u0144 Solidarno\u015bci Mi\u0119dzypokoleniowej\">Wsp\u00f3lne obchody \u015bwi\u0105t majowych i Europejski Dzie\u0144 Solidarno\u015bci Mi\u0119dzypokoleniowej<\/a>\n\t\t\t\t<\/div>\n\t\t\t<\/div>\n\t\t\t<\/div><div class=\"col-md-4 col-lg-4 col-sm-4 gallery-image\">\n\t\t\t<div class=\"gallery view second-effect\">\n\t\t\t\t<div id=\"gallery-9\" style=\"display:none;\">\n\t\t\t\t\t<a href='https:\/\/mp2kwidzyn.pl\/wp-content\/uploads\/2025\/05\/494490899_961158552899724_856277922873191291_n.jpg'><img loading=\"lazy\" decoding=\"async\" width=\"640\" height=\"853\" src=\"https:\/\/mp2kwidzyn.pl\/wp-content\/uploads\/2025\/05\/494490899_961158552899724_856277922873191291_n-768x1024.jpg\" class=\"attachment-large size-large\" alt=\"\" srcset=\"https:\/\/mp2kwidzyn.pl\/wp-content\/uploads\/2025\/05\/494490899_961158552899724_856277922873191291_n-768x1024.jpg 768w, https:\/\/mp2kwidzyn.pl\/wp-content\/uploads\/2025\/05\/494490899_961158552899724_856277922873191291_n-225x300.jpg 225w, https:\/\/mp2kwidzyn.pl\/wp-content\/uploads\/2025\/05\/494490899_961158552899724_856277922873191291_n-1152x1536.jpg 1152w, https:\/\/mp2kwidzyn.pl\/wp-content\/uploads\/2025\/05\/494490899_961158552899724_856277922873191291_n.jpg 1200w\" sizes=\"auto, (max-width: 640px) 100vw, 640px\" \/><\/a>\n\t\t\t\t<\/div>\n\t\t\t\t<div class=\"gl_img\">\n\t\t\t\t\t<a href='https:\/\/mp2kwidzyn.pl\/wp-content\/uploads\/2025\/05\/494490899_961158552899724_856277922873191291_n.jpg'><img loading=\"lazy\" decoding=\"async\" width=\"225\" height=\"300\" src=\"https:\/\/mp2kwidzyn.pl\/wp-content\/uploads\/2025\/05\/494490899_961158552899724_856277922873191291_n-225x300.jpg\" class=\"attachment-medium size-medium\" alt=\"\" srcset=\"https:\/\/mp2kwidzyn.pl\/wp-content\/uploads\/2025\/05\/494490899_961158552899724_856277922873191291_n-225x300.jpg 225w, https:\/\/mp2kwidzyn.pl\/wp-content\/uploads\/2025\/05\/494490899_961158552899724_856277922873191291_n-768x1024.jpg 768w, https:\/\/mp2kwidzyn.pl\/wp-content\/uploads\/2025\/05\/494490899_961158552899724_856277922873191291_n-1152x1536.jpg 1152w, https:\/\/mp2kwidzyn.pl\/wp-content\/uploads\/2025\/05\/494490899_961158552899724_856277922873191291_n.jpg 1200w\" sizes=\"auto, (max-width: 225px) 100vw, 225px\" \/><\/a>\n\t\t\t\t\t\n\t\t\t\t<\/div>\n\t\t\t\t<div class=\"mask\">\n\t\t\t\t\t<a href=\"#TB_inline?width=600&height=550&inlineId=gallery-9\" class=\"info thickbox\" title=\"Wsp\u00f3lne obchody \u015bwi\u0105t majowych i Europejski Dzie\u0144 Solidarno\u015bci Mi\u0119dzypokoleniowej\">Wsp\u00f3lne obchody \u015bwi\u0105t majowych i Europejski Dzie\u0144 Solidarno\u015bci Mi\u0119dzypokoleniowej<\/a>\n\t\t\t\t<\/div>\n\t\t\t<\/div>\n\t\t\t<\/div><div class=\"col-md-4 col-lg-4 col-sm-4 gallery-image\">\n\t\t\t<div class=\"gallery view second-effect\">\n\t\t\t\t<div id=\"gallery-10\" style=\"display:none;\">\n\t\t\t\t\t<a href='https:\/\/mp2kwidzyn.pl\/wp-content\/uploads\/2025\/05\/494401202_961158492899730_4082363144635981649_n.jpg'><img loading=\"lazy\" decoding=\"async\" width=\"640\" height=\"853\" src=\"https:\/\/mp2kwidzyn.pl\/wp-content\/uploads\/2025\/05\/494401202_961158492899730_4082363144635981649_n-768x1024.jpg\" class=\"attachment-large size-large\" alt=\"\" srcset=\"https:\/\/mp2kwidzyn.pl\/wp-content\/uploads\/2025\/05\/494401202_961158492899730_4082363144635981649_n-768x1024.jpg 768w, https:\/\/mp2kwidzyn.pl\/wp-content\/uploads\/2025\/05\/494401202_961158492899730_4082363144635981649_n-225x300.jpg 225w, https:\/\/mp2kwidzyn.pl\/wp-content\/uploads\/2025\/05\/494401202_961158492899730_4082363144635981649_n-1152x1536.jpg 1152w, https:\/\/mp2kwidzyn.pl\/wp-content\/uploads\/2025\/05\/494401202_961158492899730_4082363144635981649_n.jpg 1200w\" sizes=\"auto, (max-width: 640px) 100vw, 640px\" \/><\/a>\n\t\t\t\t<\/div>\n\t\t\t\t<div class=\"gl_img\">\n\t\t\t\t\t<a href='https:\/\/mp2kwidzyn.pl\/wp-content\/uploads\/2025\/05\/494401202_961158492899730_4082363144635981649_n.jpg'><img loading=\"lazy\" decoding=\"async\" width=\"225\" height=\"300\" src=\"https:\/\/mp2kwidzyn.pl\/wp-content\/uploads\/2025\/05\/494401202_961158492899730_4082363144635981649_n-225x300.jpg\" class=\"attachment-medium size-medium\" alt=\"\" srcset=\"https:\/\/mp2kwidzyn.pl\/wp-content\/uploads\/2025\/05\/494401202_961158492899730_4082363144635981649_n-225x300.jpg 225w, https:\/\/mp2kwidzyn.pl\/wp-content\/uploads\/2025\/05\/494401202_961158492899730_4082363144635981649_n-768x1024.jpg 768w, https:\/\/mp2kwidzyn.pl\/wp-content\/uploads\/2025\/05\/494401202_961158492899730_4082363144635981649_n-1152x1536.jpg 1152w, https:\/\/mp2kwidzyn.pl\/wp-content\/uploads\/2025\/05\/494401202_961158492899730_4082363144635981649_n.jpg 1200w\" sizes=\"auto, (max-width: 225px) 100vw, 225px\" \/><\/a>\n\t\t\t\t\t\n\t\t\t\t<\/div>\n\t\t\t\t<div class=\"mask\">\n\t\t\t\t\t<a href=\"#TB_inline?width=600&height=550&inlineId=gallery-10\" class=\"info thickbox\" title=\"Wsp\u00f3lne obchody \u015bwi\u0105t majowych i Europejski Dzie\u0144 Solidarno\u015bci Mi\u0119dzypokoleniowej\">Wsp\u00f3lne obchody \u015bwi\u0105t majowych i Europejski Dzie\u0144 Solidarno\u015bci Mi\u0119dzypokoleniowej<\/a>\n\t\t\t\t<\/div>\n\t\t\t<\/div>\n\t\t\t<\/div><div class=\"col-md-4 col-lg-4 col-sm-4 gallery-image\">\n\t\t\t<div class=\"gallery view second-effect\">\n\t\t\t\t<div id=\"gallery-11\" style=\"display:none;\">\n\t\t\t\t\t<a href='https:\/\/mp2kwidzyn.pl\/wp-content\/uploads\/2025\/05\/495170098_961158446233068_7025730964702333224_n.jpg'><img loading=\"lazy\" decoding=\"async\" width=\"640\" height=\"480\" src=\"https:\/\/mp2kwidzyn.pl\/wp-content\/uploads\/2025\/05\/495170098_961158446233068_7025730964702333224_n-1024x768.jpg\" class=\"attachment-large size-large\" alt=\"\" srcset=\"https:\/\/mp2kwidzyn.pl\/wp-content\/uploads\/2025\/05\/495170098_961158446233068_7025730964702333224_n-1024x768.jpg 1024w, https:\/\/mp2kwidzyn.pl\/wp-content\/uploads\/2025\/05\/495170098_961158446233068_7025730964702333224_n-300x225.jpg 300w, https:\/\/mp2kwidzyn.pl\/wp-content\/uploads\/2025\/05\/495170098_961158446233068_7025730964702333224_n-768x576.jpg 768w, https:\/\/mp2kwidzyn.pl\/wp-content\/uploads\/2025\/05\/495170098_961158446233068_7025730964702333224_n-1536x1152.jpg 1536w, https:\/\/mp2kwidzyn.pl\/wp-content\/uploads\/2025\/05\/495170098_961158446233068_7025730964702333224_n.jpg 1600w\" sizes=\"auto, (max-width: 640px) 100vw, 640px\" \/><\/a>\n\t\t\t\t<\/div>\n\t\t\t\t<div class=\"gl_img\">\n\t\t\t\t\t<a href='https:\/\/mp2kwidzyn.pl\/wp-content\/uploads\/2025\/05\/495170098_961158446233068_7025730964702333224_n.jpg'><img loading=\"lazy\" decoding=\"async\" width=\"300\" height=\"225\" src=\"https:\/\/mp2kwidzyn.pl\/wp-content\/uploads\/2025\/05\/495170098_961158446233068_7025730964702333224_n-300x225.jpg\" class=\"attachment-medium size-medium\" alt=\"\" srcset=\"https:\/\/mp2kwidzyn.pl\/wp-content\/uploads\/2025\/05\/495170098_961158446233068_7025730964702333224_n-300x225.jpg 300w, https:\/\/mp2kwidzyn.pl\/wp-content\/uploads\/2025\/05\/495170098_961158446233068_7025730964702333224_n-1024x768.jpg 1024w, https:\/\/mp2kwidzyn.pl\/wp-content\/uploads\/2025\/05\/495170098_961158446233068_7025730964702333224_n-768x576.jpg 768w, https:\/\/mp2kwidzyn.pl\/wp-content\/uploads\/2025\/05\/495170098_961158446233068_7025730964702333224_n-1536x1152.jpg 1536w, https:\/\/mp2kwidzyn.pl\/wp-content\/uploads\/2025\/05\/495170098_961158446233068_7025730964702333224_n.jpg 1600w\" sizes=\"auto, (max-width: 300px) 100vw, 300px\" \/><\/a>\n\t\t\t\t\t\n\t\t\t\t<\/div>\n\t\t\t\t<div class=\"mask\">\n\t\t\t\t\t<a href=\"#TB_inline?width=600&height=550&inlineId=gallery-11\" class=\"info thickbox\" title=\"Wsp\u00f3lne obchody \u015bwi\u0105t majowych i Europejski Dzie\u0144 Solidarno\u015bci Mi\u0119dzypokoleniowej\">Wsp\u00f3lne obchody \u015bwi\u0105t majowych i Europejski Dzie\u0144 Solidarno\u015bci Mi\u0119dzypokoleniowej<\/a>\n\t\t\t\t<\/div>\n\t\t\t<\/div>\n\t\t\t<\/div><div class=\"col-md-4 col-lg-4 col-sm-4 gallery-image\">\n\t\t\t<div class=\"gallery view second-effect\">\n\t\t\t\t<div id=\"gallery-12\" style=\"display:none;\">\n\t\t\t\t\t<a href='https:\/\/mp2kwidzyn.pl\/wp-content\/uploads\/2025\/05\/490515366_961158392899740_872147056381821033_n.jpg'><img loading=\"lazy\" decoding=\"async\" width=\"640\" height=\"480\" src=\"https:\/\/mp2kwidzyn.pl\/wp-content\/uploads\/2025\/05\/490515366_961158392899740_872147056381821033_n-1024x768.jpg\" class=\"attachment-large size-large\" alt=\"\" srcset=\"https:\/\/mp2kwidzyn.pl\/wp-content\/uploads\/2025\/05\/490515366_961158392899740_872147056381821033_n-1024x768.jpg 1024w, https:\/\/mp2kwidzyn.pl\/wp-content\/uploads\/2025\/05\/490515366_961158392899740_872147056381821033_n-300x225.jpg 300w, https:\/\/mp2kwidzyn.pl\/wp-content\/uploads\/2025\/05\/490515366_961158392899740_872147056381821033_n-768x576.jpg 768w, https:\/\/mp2kwidzyn.pl\/wp-content\/uploads\/2025\/05\/490515366_961158392899740_872147056381821033_n-1536x1152.jpg 1536w, https:\/\/mp2kwidzyn.pl\/wp-content\/uploads\/2025\/05\/490515366_961158392899740_872147056381821033_n.jpg 1600w\" sizes=\"auto, (max-width: 640px) 100vw, 640px\" \/><\/a>\n\t\t\t\t<\/div>\n\t\t\t\t<div class=\"gl_img\">\n\t\t\t\t\t<a href='https:\/\/mp2kwidzyn.pl\/wp-content\/uploads\/2025\/05\/490515366_961158392899740_872147056381821033_n.jpg'><img loading=\"lazy\" decoding=\"async\" width=\"300\" height=\"225\" src=\"https:\/\/mp2kwidzyn.pl\/wp-content\/uploads\/2025\/05\/490515366_961158392899740_872147056381821033_n-300x225.jpg\" class=\"attachment-medium size-medium\" alt=\"\" srcset=\"https:\/\/mp2kwidzyn.pl\/wp-content\/uploads\/2025\/05\/490515366_961158392899740_872147056381821033_n-300x225.jpg 300w, https:\/\/mp2kwidzyn.pl\/wp-content\/uploads\/2025\/05\/490515366_961158392899740_872147056381821033_n-1024x768.jpg 1024w, https:\/\/mp2kwidzyn.pl\/wp-content\/uploads\/2025\/05\/490515366_961158392899740_872147056381821033_n-768x576.jpg 768w, https:\/\/mp2kwidzyn.pl\/wp-content\/uploads\/2025\/05\/490515366_961158392899740_872147056381821033_n-1536x1152.jpg 1536w, https:\/\/mp2kwidzyn.pl\/wp-content\/uploads\/2025\/05\/490515366_961158392899740_872147056381821033_n.jpg 1600w\" sizes=\"auto, (max-width: 300px) 100vw, 300px\" \/><\/a>\n\t\t\t\t\t\n\t\t\t\t<\/div>\n\t\t\t\t<div class=\"mask\">\n\t\t\t\t\t<a href=\"#TB_inline?width=600&height=550&inlineId=gallery-12\" class=\"info thickbox\" title=\"Wsp\u00f3lne obchody \u015bwi\u0105t majowych i Europejski Dzie\u0144 Solidarno\u015bci Mi\u0119dzypokoleniowej\">Wsp\u00f3lne obchody \u015bwi\u0105t majowych i Europejski Dzie\u0144 Solidarno\u015bci Mi\u0119dzypokoleniowej<\/a>\n\t\t\t\t<\/div>\n\t\t\t<\/div>\n\t\t\t<\/div><div class=\"col-md-4 col-lg-4 col-sm-4 gallery-image\">\n\t\t\t<div class=\"gallery view second-effect\">\n\t\t\t\t<div id=\"gallery-13\" style=\"display:none;\">\n\t\t\t\t\t<a href='https:\/\/mp2kwidzyn.pl\/wp-content\/uploads\/2025\/05\/494744920_961158342899745_3832888954832999592_n.jpg'><img loading=\"lazy\" decoding=\"async\" width=\"640\" height=\"853\" src=\"https:\/\/mp2kwidzyn.pl\/wp-content\/uploads\/2025\/05\/494744920_961158342899745_3832888954832999592_n-768x1024.jpg\" class=\"attachment-large size-large\" alt=\"\" srcset=\"https:\/\/mp2kwidzyn.pl\/wp-content\/uploads\/2025\/05\/494744920_961158342899745_3832888954832999592_n-768x1024.jpg 768w, https:\/\/mp2kwidzyn.pl\/wp-content\/uploads\/2025\/05\/494744920_961158342899745_3832888954832999592_n-225x300.jpg 225w, https:\/\/mp2kwidzyn.pl\/wp-content\/uploads\/2025\/05\/494744920_961158342899745_3832888954832999592_n-1152x1536.jpg 1152w, https:\/\/mp2kwidzyn.pl\/wp-content\/uploads\/2025\/05\/494744920_961158342899745_3832888954832999592_n.jpg 1200w\" sizes=\"auto, (max-width: 640px) 100vw, 640px\" \/><\/a>\n\t\t\t\t<\/div>\n\t\t\t\t<div class=\"gl_img\">\n\t\t\t\t\t<a href='https:\/\/mp2kwidzyn.pl\/wp-content\/uploads\/2025\/05\/494744920_961158342899745_3832888954832999592_n.jpg'><img loading=\"lazy\" decoding=\"async\" width=\"225\" height=\"300\" src=\"https:\/\/mp2kwidzyn.pl\/wp-content\/uploads\/2025\/05\/494744920_961158342899745_3832888954832999592_n-225x300.jpg\" class=\"attachment-medium size-medium\" alt=\"\" srcset=\"https:\/\/mp2kwidzyn.pl\/wp-content\/uploads\/2025\/05\/494744920_961158342899745_3832888954832999592_n-225x300.jpg 225w, https:\/\/mp2kwidzyn.pl\/wp-content\/uploads\/2025\/05\/494744920_961158342899745_3832888954832999592_n-768x1024.jpg 768w, https:\/\/mp2kwidzyn.pl\/wp-content\/uploads\/2025\/05\/494744920_961158342899745_3832888954832999592_n-1152x1536.jpg 1152w, https:\/\/mp2kwidzyn.pl\/wp-content\/uploads\/2025\/05\/494744920_961158342899745_3832888954832999592_n.jpg 1200w\" sizes=\"auto, (max-width: 225px) 100vw, 225px\" \/><\/a>\n\t\t\t\t\t\n\t\t\t\t<\/div>\n\t\t\t\t<div class=\"mask\">\n\t\t\t\t\t<a href=\"#TB_inline?width=600&height=550&inlineId=gallery-13\" class=\"info thickbox\" title=\"Wsp\u00f3lne obchody \u015bwi\u0105t majowych i Europejski Dzie\u0144 Solidarno\u015bci Mi\u0119dzypokoleniowej\">Wsp\u00f3lne obchody \u015bwi\u0105t majowych i Europejski Dzie\u0144 Solidarno\u015bci Mi\u0119dzypokoleniowej<\/a>\n\t\t\t\t<\/div>\n\t\t\t<\/div>\n\t\t\t<\/div><div class=\"col-md-4 col-lg-4 col-sm-4 gallery-image\">\n\t\t\t<div class=\"gallery view second-effect\">\n\t\t\t\t<div id=\"gallery-14\" style=\"display:none;\">\n\t\t\t\t\t<a href='https:\/\/mp2kwidzyn.pl\/wp-content\/uploads\/2025\/05\/493703357_961158289566417_5313117264505787346_n.jpg'><img loading=\"lazy\" decoding=\"async\" width=\"640\" height=\"480\" src=\"https:\/\/mp2kwidzyn.pl\/wp-content\/uploads\/2025\/05\/493703357_961158289566417_5313117264505787346_n-1024x768.jpg\" class=\"attachment-large size-large\" alt=\"\" srcset=\"https:\/\/mp2kwidzyn.pl\/wp-content\/uploads\/2025\/05\/493703357_961158289566417_5313117264505787346_n-1024x768.jpg 1024w, https:\/\/mp2kwidzyn.pl\/wp-content\/uploads\/2025\/05\/493703357_961158289566417_5313117264505787346_n-300x225.jpg 300w, https:\/\/mp2kwidzyn.pl\/wp-content\/uploads\/2025\/05\/493703357_961158289566417_5313117264505787346_n-768x576.jpg 768w, https:\/\/mp2kwidzyn.pl\/wp-content\/uploads\/2025\/05\/493703357_961158289566417_5313117264505787346_n-1536x1152.jpg 1536w, https:\/\/mp2kwidzyn.pl\/wp-content\/uploads\/2025\/05\/493703357_961158289566417_5313117264505787346_n.jpg 1600w\" sizes=\"auto, (max-width: 640px) 100vw, 640px\" \/><\/a>\n\t\t\t\t<\/div>\n\t\t\t\t<div class=\"gl_img\">\n\t\t\t\t\t<a href='https:\/\/mp2kwidzyn.pl\/wp-content\/uploads\/2025\/05\/493703357_961158289566417_5313117264505787346_n.jpg'><img loading=\"lazy\" decoding=\"async\" width=\"300\" height=\"225\" src=\"https:\/\/mp2kwidzyn.pl\/wp-content\/uploads\/2025\/05\/493703357_961158289566417_5313117264505787346_n-300x225.jpg\" class=\"attachment-medium size-medium\" alt=\"\" srcset=\"https:\/\/mp2kwidzyn.pl\/wp-content\/uploads\/2025\/05\/493703357_961158289566417_5313117264505787346_n-300x225.jpg 300w, https:\/\/mp2kwidzyn.pl\/wp-content\/uploads\/2025\/05\/493703357_961158289566417_5313117264505787346_n-1024x768.jpg 1024w, https:\/\/mp2kwidzyn.pl\/wp-content\/uploads\/2025\/05\/493703357_961158289566417_5313117264505787346_n-768x576.jpg 768w, https:\/\/mp2kwidzyn.pl\/wp-content\/uploads\/2025\/05\/493703357_961158289566417_5313117264505787346_n-1536x1152.jpg 1536w, https:\/\/mp2kwidzyn.pl\/wp-content\/uploads\/2025\/05\/493703357_961158289566417_5313117264505787346_n.jpg 1600w\" sizes=\"auto, (max-width: 300px) 100vw, 300px\" \/><\/a>\n\t\t\t\t\t\n\t\t\t\t<\/div>\n\t\t\t\t<div class=\"mask\">\n\t\t\t\t\t<a href=\"#TB_inline?width=600&height=550&inlineId=gallery-14\" class=\"info thickbox\" title=\"Wsp\u00f3lne obchody \u015bwi\u0105t majowych i Europejski Dzie\u0144 Solidarno\u015bci Mi\u0119dzypokoleniowej\">Wsp\u00f3lne obchody \u015bwi\u0105t majowych i Europejski Dzie\u0144 Solidarno\u015bci Mi\u0119dzypokoleniowej<\/a>\n\t\t\t\t<\/div>\n\t\t\t<\/div>\n\t\t\t<\/div><div class=\"col-md-4 col-lg-4 col-sm-4 gallery-image\">\n\t\t\t<div class=\"gallery view second-effect\">\n\t\t\t\t<div id=\"gallery-15\" style=\"display:none;\">\n\t\t\t\t\t<a href='https:\/\/mp2kwidzyn.pl\/wp-content\/uploads\/2025\/05\/494097193_961158242899755_8121981028170256066_n.jpg'><img loading=\"lazy\" decoding=\"async\" width=\"640\" height=\"480\" src=\"https:\/\/mp2kwidzyn.pl\/wp-content\/uploads\/2025\/05\/494097193_961158242899755_8121981028170256066_n-1024x768.jpg\" class=\"attachment-large size-large\" alt=\"\" srcset=\"https:\/\/mp2kwidzyn.pl\/wp-content\/uploads\/2025\/05\/494097193_961158242899755_8121981028170256066_n-1024x768.jpg 1024w, https:\/\/mp2kwidzyn.pl\/wp-content\/uploads\/2025\/05\/494097193_961158242899755_8121981028170256066_n-300x225.jpg 300w, https:\/\/mp2kwidzyn.pl\/wp-content\/uploads\/2025\/05\/494097193_961158242899755_8121981028170256066_n-768x576.jpg 768w, https:\/\/mp2kwidzyn.pl\/wp-content\/uploads\/2025\/05\/494097193_961158242899755_8121981028170256066_n-1536x1152.jpg 1536w, https:\/\/mp2kwidzyn.pl\/wp-content\/uploads\/2025\/05\/494097193_961158242899755_8121981028170256066_n.jpg 1600w\" sizes=\"auto, (max-width: 640px) 100vw, 640px\" \/><\/a>\n\t\t\t\t<\/div>\n\t\t\t\t<div class=\"gl_img\">\n\t\t\t\t\t<a href='https:\/\/mp2kwidzyn.pl\/wp-content\/uploads\/2025\/05\/494097193_961158242899755_8121981028170256066_n.jpg'><img loading=\"lazy\" decoding=\"async\" width=\"300\" height=\"225\" src=\"https:\/\/mp2kwidzyn.pl\/wp-content\/uploads\/2025\/05\/494097193_961158242899755_8121981028170256066_n-300x225.jpg\" class=\"attachment-medium size-medium\" alt=\"\" srcset=\"https:\/\/mp2kwidzyn.pl\/wp-content\/uploads\/2025\/05\/494097193_961158242899755_8121981028170256066_n-300x225.jpg 300w, https:\/\/mp2kwidzyn.pl\/wp-content\/uploads\/2025\/05\/494097193_961158242899755_8121981028170256066_n-1024x768.jpg 1024w, https:\/\/mp2kwidzyn.pl\/wp-content\/uploads\/2025\/05\/494097193_961158242899755_8121981028170256066_n-768x576.jpg 768w, https:\/\/mp2kwidzyn.pl\/wp-content\/uploads\/2025\/05\/494097193_961158242899755_8121981028170256066_n-1536x1152.jpg 1536w, https:\/\/mp2kwidzyn.pl\/wp-content\/uploads\/2025\/05\/494097193_961158242899755_8121981028170256066_n.jpg 1600w\" sizes=\"auto, (max-width: 300px) 100vw, 300px\" \/><\/a>\n\t\t\t\t\t\n\t\t\t\t<\/div>\n\t\t\t\t<div class=\"mask\">\n\t\t\t\t\t<a href=\"#TB_inline?width=600&height=550&inlineId=gallery-15\" class=\"info thickbox\" title=\"Wsp\u00f3lne obchody \u015bwi\u0105t majowych i Europejski Dzie\u0144 Solidarno\u015bci Mi\u0119dzypokoleniowej\">Wsp\u00f3lne obchody \u015bwi\u0105t majowych i Europejski Dzie\u0144 Solidarno\u015bci Mi\u0119dzypokoleniowej<\/a>\n\t\t\t\t<\/div>\n\t\t\t<\/div>\n\t\t\t<\/div><div class=\"col-md-4 col-lg-4 col-sm-4 gallery-image\">\n\t\t\t<div class=\"gallery view second-effect\">\n\t\t\t\t<div id=\"gallery-16\" style=\"display:none;\">\n\t\t\t\t\t<a href='https:\/\/mp2kwidzyn.pl\/wp-content\/uploads\/2025\/05\/494354315_961158202899759_253538794320838794_n.jpg'><img loading=\"lazy\" decoding=\"async\" width=\"640\" height=\"853\" src=\"https:\/\/mp2kwidzyn.pl\/wp-content\/uploads\/2025\/05\/494354315_961158202899759_253538794320838794_n-768x1024.jpg\" class=\"attachment-large size-large\" alt=\"\" srcset=\"https:\/\/mp2kwidzyn.pl\/wp-content\/uploads\/2025\/05\/494354315_961158202899759_253538794320838794_n-768x1024.jpg 768w, https:\/\/mp2kwidzyn.pl\/wp-content\/uploads\/2025\/05\/494354315_961158202899759_253538794320838794_n-225x300.jpg 225w, https:\/\/mp2kwidzyn.pl\/wp-content\/uploads\/2025\/05\/494354315_961158202899759_253538794320838794_n-1152x1536.jpg 1152w, https:\/\/mp2kwidzyn.pl\/wp-content\/uploads\/2025\/05\/494354315_961158202899759_253538794320838794_n.jpg 1200w\" sizes=\"auto, (max-width: 640px) 100vw, 640px\" \/><\/a>\n\t\t\t\t<\/div>\n\t\t\t\t<div class=\"gl_img\">\n\t\t\t\t\t<a href='https:\/\/mp2kwidzyn.pl\/wp-content\/uploads\/2025\/05\/494354315_961158202899759_253538794320838794_n.jpg'><img loading=\"lazy\" decoding=\"async\" width=\"225\" height=\"300\" src=\"https:\/\/mp2kwidzyn.pl\/wp-content\/uploads\/2025\/05\/494354315_961158202899759_253538794320838794_n-225x300.jpg\" class=\"attachment-medium size-medium\" alt=\"\" srcset=\"https:\/\/mp2kwidzyn.pl\/wp-content\/uploads\/2025\/05\/494354315_961158202899759_253538794320838794_n-225x300.jpg 225w, https:\/\/mp2kwidzyn.pl\/wp-content\/uploads\/2025\/05\/494354315_961158202899759_253538794320838794_n-768x1024.jpg 768w, https:\/\/mp2kwidzyn.pl\/wp-content\/uploads\/2025\/05\/494354315_961158202899759_253538794320838794_n-1152x1536.jpg 1152w, https:\/\/mp2kwidzyn.pl\/wp-content\/uploads\/2025\/05\/494354315_961158202899759_253538794320838794_n.jpg 1200w\" sizes=\"auto, (max-width: 225px) 100vw, 225px\" \/><\/a>\n\t\t\t\t\t\n\t\t\t\t<\/div>\n\t\t\t\t<div class=\"mask\">\n\t\t\t\t\t<a href=\"#TB_inline?width=600&height=550&inlineId=gallery-16\" class=\"info thickbox\" title=\"Wsp\u00f3lne obchody \u015bwi\u0105t majowych i Europejski Dzie\u0144 Solidarno\u015bci Mi\u0119dzypokoleniowej\">Wsp\u00f3lne obchody \u015bwi\u0105t majowych i Europejski Dzie\u0144 Solidarno\u015bci Mi\u0119dzypokoleniowej<\/a>\n\t\t\t\t<\/div>\n\t\t\t<\/div>\n\t\t\t<\/div><div class=\"col-md-4 col-lg-4 col-sm-4 gallery-image\">\n\t\t\t<div class=\"gallery view second-effect\">\n\t\t\t\t<div id=\"gallery-17\" style=\"display:none;\">\n\t\t\t\t\t<a href='https:\/\/mp2kwidzyn.pl\/wp-content\/uploads\/2025\/05\/494047080_961159036233009_3809776267431799555_n.jpg'><img loading=\"lazy\" decoding=\"async\" width=\"640\" height=\"480\" src=\"https:\/\/mp2kwidzyn.pl\/wp-content\/uploads\/2025\/05\/494047080_961159036233009_3809776267431799555_n-1024x768.jpg\" class=\"attachment-large size-large\" alt=\"\" srcset=\"https:\/\/mp2kwidzyn.pl\/wp-content\/uploads\/2025\/05\/494047080_961159036233009_3809776267431799555_n-1024x768.jpg 1024w, https:\/\/mp2kwidzyn.pl\/wp-content\/uploads\/2025\/05\/494047080_961159036233009_3809776267431799555_n-300x225.jpg 300w, https:\/\/mp2kwidzyn.pl\/wp-content\/uploads\/2025\/05\/494047080_961159036233009_3809776267431799555_n-768x576.jpg 768w, https:\/\/mp2kwidzyn.pl\/wp-content\/uploads\/2025\/05\/494047080_961159036233009_3809776267431799555_n-1536x1152.jpg 1536w, https:\/\/mp2kwidzyn.pl\/wp-content\/uploads\/2025\/05\/494047080_961159036233009_3809776267431799555_n.jpg 1600w\" sizes=\"auto, (max-width: 640px) 100vw, 640px\" \/><\/a>\n\t\t\t\t<\/div>\n\t\t\t\t<div class=\"gl_img\">\n\t\t\t\t\t<a href='https:\/\/mp2kwidzyn.pl\/wp-content\/uploads\/2025\/05\/494047080_961159036233009_3809776267431799555_n.jpg'><img loading=\"lazy\" decoding=\"async\" width=\"300\" height=\"225\" src=\"https:\/\/mp2kwidzyn.pl\/wp-content\/uploads\/2025\/05\/494047080_961159036233009_3809776267431799555_n-300x225.jpg\" class=\"attachment-medium size-medium\" alt=\"\" srcset=\"https:\/\/mp2kwidzyn.pl\/wp-content\/uploads\/2025\/05\/494047080_961159036233009_3809776267431799555_n-300x225.jpg 300w, https:\/\/mp2kwidzyn.pl\/wp-content\/uploads\/2025\/05\/494047080_961159036233009_3809776267431799555_n-1024x768.jpg 1024w, https:\/\/mp2kwidzyn.pl\/wp-content\/uploads\/2025\/05\/494047080_961159036233009_3809776267431799555_n-768x576.jpg 768w, https:\/\/mp2kwidzyn.pl\/wp-content\/uploads\/2025\/05\/494047080_961159036233009_3809776267431799555_n-1536x1152.jpg 1536w, https:\/\/mp2kwidzyn.pl\/wp-content\/uploads\/2025\/05\/494047080_961159036233009_3809776267431799555_n.jpg 1600w\" sizes=\"auto, (max-width: 300px) 100vw, 300px\" \/><\/a>\n\t\t\t\t\t\n\t\t\t\t<\/div>\n\t\t\t\t<div class=\"mask\">\n\t\t\t\t\t<a href=\"#TB_inline?width=600&height=550&inlineId=gallery-17\" class=\"info thickbox\" title=\"Wsp\u00f3lne obchody \u015bwi\u0105t majowych i Europejski Dzie\u0144 Solidarno\u015bci Mi\u0119dzypokoleniowej\">Wsp\u00f3lne obchody \u015bwi\u0105t majowych i Europejski Dzie\u0144 Solidarno\u015bci Mi\u0119dzypokoleniowej<\/a>\n\t\t\t\t<\/div>\n\t\t\t<\/div>\n\t\t\t<\/div><div class=\"col-md-4 col-lg-4 col-sm-4 gallery-image\">\n\t\t\t<div class=\"gallery view second-effect\">\n\t\t\t\t<div id=\"gallery-18\" style=\"display:none;\">\n\t\t\t\t\t<a href='https:\/\/mp2kwidzyn.pl\/wp-content\/uploads\/2025\/05\/492492560_961158979566348_3092411254957198799_n.jpg'><img loading=\"lazy\" decoding=\"async\" width=\"640\" height=\"480\" src=\"https:\/\/mp2kwidzyn.pl\/wp-content\/uploads\/2025\/05\/492492560_961158979566348_3092411254957198799_n-1024x768.jpg\" class=\"attachment-large size-large\" alt=\"\" srcset=\"https:\/\/mp2kwidzyn.pl\/wp-content\/uploads\/2025\/05\/492492560_961158979566348_3092411254957198799_n-1024x768.jpg 1024w, https:\/\/mp2kwidzyn.pl\/wp-content\/uploads\/2025\/05\/492492560_961158979566348_3092411254957198799_n-300x225.jpg 300w, https:\/\/mp2kwidzyn.pl\/wp-content\/uploads\/2025\/05\/492492560_961158979566348_3092411254957198799_n-768x576.jpg 768w, https:\/\/mp2kwidzyn.pl\/wp-content\/uploads\/2025\/05\/492492560_961158979566348_3092411254957198799_n-1536x1152.jpg 1536w, https:\/\/mp2kwidzyn.pl\/wp-content\/uploads\/2025\/05\/492492560_961158979566348_3092411254957198799_n.jpg 1600w\" sizes=\"auto, (max-width: 640px) 100vw, 640px\" \/><\/a>\n\t\t\t\t<\/div>\n\t\t\t\t<div class=\"gl_img\">\n\t\t\t\t\t<a href='https:\/\/mp2kwidzyn.pl\/wp-content\/uploads\/2025\/05\/492492560_961158979566348_3092411254957198799_n.jpg'><img loading=\"lazy\" decoding=\"async\" width=\"300\" height=\"225\" src=\"https:\/\/mp2kwidzyn.pl\/wp-content\/uploads\/2025\/05\/492492560_961158979566348_3092411254957198799_n-300x225.jpg\" class=\"attachment-medium size-medium\" alt=\"\" srcset=\"https:\/\/mp2kwidzyn.pl\/wp-content\/uploads\/2025\/05\/492492560_961158979566348_3092411254957198799_n-300x225.jpg 300w, https:\/\/mp2kwidzyn.pl\/wp-content\/uploads\/2025\/05\/492492560_961158979566348_3092411254957198799_n-1024x768.jpg 1024w, https:\/\/mp2kwidzyn.pl\/wp-content\/uploads\/2025\/05\/492492560_961158979566348_3092411254957198799_n-768x576.jpg 768w, https:\/\/mp2kwidzyn.pl\/wp-content\/uploads\/2025\/05\/492492560_961158979566348_3092411254957198799_n-1536x1152.jpg 1536w, https:\/\/mp2kwidzyn.pl\/wp-content\/uploads\/2025\/05\/492492560_961158979566348_3092411254957198799_n.jpg 1600w\" sizes=\"auto, (max-width: 300px) 100vw, 300px\" \/><\/a>\n\t\t\t\t\t\n\t\t\t\t<\/div>\n\t\t\t\t<div class=\"mask\">\n\t\t\t\t\t<a href=\"#TB_inline?width=600&height=550&inlineId=gallery-18\" class=\"info thickbox\" title=\"Wsp\u00f3lne obchody \u015bwi\u0105t majowych i Europejski Dzie\u0144 Solidarno\u015bci Mi\u0119dzypokoleniowej\">Wsp\u00f3lne obchody \u015bwi\u0105t majowych i Europejski Dzie\u0144 Solidarno\u015bci Mi\u0119dzypokoleniowej<\/a>\n\t\t\t\t<\/div>\n\t\t\t<\/div>\n\t\t\t<\/div><\/div><\/strong><\/p>\n","protected":false},"excerpt":{"rendered":"<p>Wsp\u00f3lne obchody \u015bwi\u0105t majowych i Europejski Dzie\u0144 Solidarno\u015bci Mi\u0119dzypokoleniowej<\/p>\n","protected":false},"author":1,"featured_media":2381,"comment_status":"open","ping_status":"open","sticky":false,"template":"","format":"standard","meta":{"footnotes":""},"categories":[1],"tags":[],"class_list":["post-2373","post","type-post","status-publish","format-standard","has-post-thumbnail","hentry","category-uncategorized"],"_links":{"self":[{"href":"https:\/\/mp2kwidzyn.pl\/index.php\/wp-json\/wp\/v2\/posts\/2373","targetHints":{"allow":["GET"]}}],"collection":[{"href":"https:\/\/mp2kwidzyn.pl\/index.php\/wp-json\/wp\/v2\/posts"}],"about":[{"href":"https:\/\/mp2kwidzyn.pl\/index.php\/wp-json\/wp\/v2\/types\/post"}],"author":[{"embeddable":true,"href":"https:\/\/mp2kwidzyn.pl\/index.php\/wp-json\/wp\/v2\/users\/1"}],"replies":[{"embeddable":true,"href":"https:\/\/mp2kwidzyn.pl\/index.php\/wp-json\/wp\/v2\/comments?post=2373"}],"version-history":[{"count":2,"href":"https:\/\/mp2kwidzyn.pl\/index.php\/wp-json\/wp\/v2\/posts\/2373\/revisions"}],"predecessor-version":[{"id":2394,"href":"https:\/\/mp2kwidzyn.pl\/index.php\/wp-json\/wp\/v2\/posts\/2373\/revisions\/2394"}],"wp:featuredmedia":[{"embeddable":true,"href":"https:\/\/mp2kwidzyn.pl\/index.php\/wp-json\/wp\/v2\/media\/2381"}],"wp:attachment":[{"href":"https:\/\/mp2kwidzyn.pl\/index.php\/wp-json\/wp\/v2\/media?parent=2373"}],"wp:term":[{"taxonomy":"category","embeddable":true,"href":"https:\/\/mp2kwidzyn.pl\/index.php\/wp-json\/wp\/v2\/categories?post=2373"},{"taxonomy":"post_tag","embeddable":true,"href":"https:\/\/mp2kwidzyn.pl\/index.php\/wp-json\/wp\/v2\/tags?post=2373"}],"curies":[{"name":"wp","href":"https:\/\/api.w.org\/{rel}","templated":true}]}}