{"id":3090,"date":"2025-06-04T11:49:00","date_gmt":"2025-06-04T11:49:00","guid":{"rendered":"https:\/\/mp2kwidzyn.pl\/?p=3090"},"modified":"2025-06-04T12:01:45","modified_gmt":"2025-06-04T12:01:45","slug":"dzienny-dom-pobytu-senior-w-kwidzynie","status":"publish","type":"post","link":"https:\/\/mp2kwidzyn.pl\/index.php\/2025\/06\/04\/dzienny-dom-pobytu-senior-w-kwidzynie\/","title":{"rendered":"Dzienny Dom Pobytu &#8222;Senior +&#8221; w Kwidzynie"},"content":{"rendered":"<p><strong>3 czerwca<\/strong> go\u015bcili\u015bmy w naszym przedszkolu senior\u00f3w z <strong><span class=\"html-span xdj266r x11i5rnm xat24cr x1mh8g0r xexx8yu x4uap5 x18d9i69 xkhd6sd x1hl2dhg x16tdsg8 x1vvkbs\"><a class=\"x1i10hfl xjbqb8w x1ejq31n xd10rxx x1sy0etr x17r0tee x972fbf xcfux6l x1qhh985 xm0m39n x9f619 x1ypdohk xt0psk2 xe8uvvx xdj266r x11i5rnm xat24cr x1mh8g0r xexx8yu x4uap5 x18d9i69 xkhd6sd x16tdsg8 x1hl2dhg xggy1nq x1a2a7pz xkrqix3 x1sur9pj x1fey0fg x1s688f\" tabindex=\"0\" role=\"link\" href=\"https:\/\/www.facebook.com\/profile.php?id=61555143437334&amp;__cft__[0]=AZVUr40AzrpXsJpEE987EJs1C1Kwuk_BQfE7WH8wn_kATdhWM_zdOHwsUcTWYFmvrY7AR09fjeERFJCiMqWXkYziTT_1UXmP_pvnNm83pN-6w9F-GYh-S5Lk0Ufjbqfv_BMpUw2FW4uCszo-tFhdu9HTRXKQ7qunHZoH5HrD4EQoS8657zREUtmy53wnT0jkG4U&amp;__tn__=-]K-R\"><span class=\"xt0psk2\"><span class=\"xjp7ctv\">Dzienny Dom Pobytu &#8222;Senior +&#8221; w Kwidzynie<\/span><\/span><\/a><\/span><\/strong>. Podczas mi\u0119dzypokoleniowego spotkania dzieci ze wszystkich grup zaprezentowa\u0142y swoje <strong>umiej\u0119tno\u015bci artystyczne<\/strong>, a ze wszystkimi uda\u0142o si\u0119 wykona\u0107 <strong>wsp\u00f3ln\u0105 gimnastyk\u0119<\/strong>. Dzieciaki otrzyma\u0142y wykonane <strong>w\u0142asnor\u0119cznie<\/strong> przez senior\u00f3w <strong>bransoletki<\/strong> oraz <strong>obrazki<\/strong>.<\/p>\n<p><strong>Dzi\u0119kujemy za ten wsp\u00f3lny czas<\/strong>! <strong>Do nast\u0119pnego spotkania<\/strong>!<\/p>\n<p><strong style=\"font-size: 1rem;\"><div class=\"row\"><div class=\"col-md-4 col-lg-4 col-sm-4 gallery-image\">\n\t\t\t<div class=\"gallery view second-effect\">\n\t\t\t\t<div id=\"gallery-1\" style=\"display:none;\">\n\t\t\t\t\t<a href='https:\/\/mp2kwidzyn.pl\/wp-content\/uploads\/2025\/06\/490416938_985504540465125_8297916531098637939_n.jpg'><img loading=\"lazy\" decoding=\"async\" width=\"640\" height=\"480\" src=\"https:\/\/mp2kwidzyn.pl\/wp-content\/uploads\/2025\/06\/490416938_985504540465125_8297916531098637939_n-1024x768.jpg\" class=\"attachment-large size-large\" alt=\"\" srcset=\"https:\/\/mp2kwidzyn.pl\/wp-content\/uploads\/2025\/06\/490416938_985504540465125_8297916531098637939_n-1024x768.jpg 1024w, https:\/\/mp2kwidzyn.pl\/wp-content\/uploads\/2025\/06\/490416938_985504540465125_8297916531098637939_n-300x225.jpg 300w, https:\/\/mp2kwidzyn.pl\/wp-content\/uploads\/2025\/06\/490416938_985504540465125_8297916531098637939_n-768x576.jpg 768w, https:\/\/mp2kwidzyn.pl\/wp-content\/uploads\/2025\/06\/490416938_985504540465125_8297916531098637939_n-1536x1152.jpg 1536w, https:\/\/mp2kwidzyn.pl\/wp-content\/uploads\/2025\/06\/490416938_985504540465125_8297916531098637939_n.jpg 1600w\" sizes=\"auto, (max-width: 640px) 100vw, 640px\" \/><\/a>\n\t\t\t\t<\/div>\n\t\t\t\t<div class=\"gl_img\">\n\t\t\t\t\t<a href='https:\/\/mp2kwidzyn.pl\/wp-content\/uploads\/2025\/06\/490416938_985504540465125_8297916531098637939_n.jpg'><img loading=\"lazy\" decoding=\"async\" width=\"300\" height=\"225\" src=\"https:\/\/mp2kwidzyn.pl\/wp-content\/uploads\/2025\/06\/490416938_985504540465125_8297916531098637939_n-300x225.jpg\" class=\"attachment-medium size-medium\" alt=\"\" srcset=\"https:\/\/mp2kwidzyn.pl\/wp-content\/uploads\/2025\/06\/490416938_985504540465125_8297916531098637939_n-300x225.jpg 300w, https:\/\/mp2kwidzyn.pl\/wp-content\/uploads\/2025\/06\/490416938_985504540465125_8297916531098637939_n-1024x768.jpg 1024w, https:\/\/mp2kwidzyn.pl\/wp-content\/uploads\/2025\/06\/490416938_985504540465125_8297916531098637939_n-768x576.jpg 768w, https:\/\/mp2kwidzyn.pl\/wp-content\/uploads\/2025\/06\/490416938_985504540465125_8297916531098637939_n-1536x1152.jpg 1536w, https:\/\/mp2kwidzyn.pl\/wp-content\/uploads\/2025\/06\/490416938_985504540465125_8297916531098637939_n.jpg 1600w\" sizes=\"auto, (max-width: 300px) 100vw, 300px\" \/><\/a>\n\t\t\t\t\t\n\t\t\t\t<\/div>\n\t\t\t\t<div class=\"mask\">\n\t\t\t\t\t<a href=\"#TB_inline?width=600&height=550&inlineId=gallery-1\" class=\"info thickbox\" title=\"Dzienny Dom Pobytu &#8222;Senior +&#8221; w Kwidzynie\">Dzienny Dom Pobytu &#8222;Senior +&#8221; w Kwidzynie<\/a>\n\t\t\t\t<\/div>\n\t\t\t<\/div>\n\t\t\t<\/div><div class=\"col-md-4 col-lg-4 col-sm-4 gallery-image\">\n\t\t\t<div class=\"gallery view second-effect\">\n\t\t\t\t<div id=\"gallery-2\" style=\"display:none;\">\n\t\t\t\t\t<a href='https:\/\/mp2kwidzyn.pl\/wp-content\/uploads\/2025\/06\/498310109_985504503798462_1897430685565230828_n.jpg'><img loading=\"lazy\" decoding=\"async\" width=\"640\" height=\"480\" src=\"https:\/\/mp2kwidzyn.pl\/wp-content\/uploads\/2025\/06\/498310109_985504503798462_1897430685565230828_n-1024x768.jpg\" class=\"attachment-large size-large\" alt=\"\" srcset=\"https:\/\/mp2kwidzyn.pl\/wp-content\/uploads\/2025\/06\/498310109_985504503798462_1897430685565230828_n-1024x768.jpg 1024w, https:\/\/mp2kwidzyn.pl\/wp-content\/uploads\/2025\/06\/498310109_985504503798462_1897430685565230828_n-300x225.jpg 300w, https:\/\/mp2kwidzyn.pl\/wp-content\/uploads\/2025\/06\/498310109_985504503798462_1897430685565230828_n-768x576.jpg 768w, https:\/\/mp2kwidzyn.pl\/wp-content\/uploads\/2025\/06\/498310109_985504503798462_1897430685565230828_n-1536x1152.jpg 1536w, https:\/\/mp2kwidzyn.pl\/wp-content\/uploads\/2025\/06\/498310109_985504503798462_1897430685565230828_n.jpg 1600w\" sizes=\"auto, (max-width: 640px) 100vw, 640px\" \/><\/a>\n\t\t\t\t<\/div>\n\t\t\t\t<div class=\"gl_img\">\n\t\t\t\t\t<a href='https:\/\/mp2kwidzyn.pl\/wp-content\/uploads\/2025\/06\/498310109_985504503798462_1897430685565230828_n.jpg'><img loading=\"lazy\" decoding=\"async\" width=\"300\" height=\"225\" src=\"https:\/\/mp2kwidzyn.pl\/wp-content\/uploads\/2025\/06\/498310109_985504503798462_1897430685565230828_n-300x225.jpg\" class=\"attachment-medium size-medium\" alt=\"\" srcset=\"https:\/\/mp2kwidzyn.pl\/wp-content\/uploads\/2025\/06\/498310109_985504503798462_1897430685565230828_n-300x225.jpg 300w, https:\/\/mp2kwidzyn.pl\/wp-content\/uploads\/2025\/06\/498310109_985504503798462_1897430685565230828_n-1024x768.jpg 1024w, https:\/\/mp2kwidzyn.pl\/wp-content\/uploads\/2025\/06\/498310109_985504503798462_1897430685565230828_n-768x576.jpg 768w, https:\/\/mp2kwidzyn.pl\/wp-content\/uploads\/2025\/06\/498310109_985504503798462_1897430685565230828_n-1536x1152.jpg 1536w, https:\/\/mp2kwidzyn.pl\/wp-content\/uploads\/2025\/06\/498310109_985504503798462_1897430685565230828_n.jpg 1600w\" sizes=\"auto, (max-width: 300px) 100vw, 300px\" \/><\/a>\n\t\t\t\t\t\n\t\t\t\t<\/div>\n\t\t\t\t<div class=\"mask\">\n\t\t\t\t\t<a href=\"#TB_inline?width=600&height=550&inlineId=gallery-2\" class=\"info thickbox\" title=\"Dzienny Dom Pobytu &#8222;Senior +&#8221; w Kwidzynie\">Dzienny Dom Pobytu &#8222;Senior +&#8221; w Kwidzynie<\/a>\n\t\t\t\t<\/div>\n\t\t\t<\/div>\n\t\t\t<\/div><div class=\"col-md-4 col-lg-4 col-sm-4 gallery-image\">\n\t\t\t<div class=\"gallery view second-effect\">\n\t\t\t\t<div id=\"gallery-3\" style=\"display:none;\">\n\t\t\t\t\t<a href='https:\/\/mp2kwidzyn.pl\/wp-content\/uploads\/2025\/06\/501051971_985504463798466_6367059592459381425_n.jpg'><img loading=\"lazy\" decoding=\"async\" width=\"640\" height=\"480\" src=\"https:\/\/mp2kwidzyn.pl\/wp-content\/uploads\/2025\/06\/501051971_985504463798466_6367059592459381425_n-1024x768.jpg\" class=\"attachment-large size-large\" alt=\"\" srcset=\"https:\/\/mp2kwidzyn.pl\/wp-content\/uploads\/2025\/06\/501051971_985504463798466_6367059592459381425_n-1024x768.jpg 1024w, https:\/\/mp2kwidzyn.pl\/wp-content\/uploads\/2025\/06\/501051971_985504463798466_6367059592459381425_n-300x225.jpg 300w, https:\/\/mp2kwidzyn.pl\/wp-content\/uploads\/2025\/06\/501051971_985504463798466_6367059592459381425_n-768x576.jpg 768w, https:\/\/mp2kwidzyn.pl\/wp-content\/uploads\/2025\/06\/501051971_985504463798466_6367059592459381425_n-1536x1152.jpg 1536w, https:\/\/mp2kwidzyn.pl\/wp-content\/uploads\/2025\/06\/501051971_985504463798466_6367059592459381425_n.jpg 1600w\" sizes=\"auto, (max-width: 640px) 100vw, 640px\" \/><\/a>\n\t\t\t\t<\/div>\n\t\t\t\t<div class=\"gl_img\">\n\t\t\t\t\t<a href='https:\/\/mp2kwidzyn.pl\/wp-content\/uploads\/2025\/06\/501051971_985504463798466_6367059592459381425_n.jpg'><img loading=\"lazy\" decoding=\"async\" width=\"300\" height=\"225\" src=\"https:\/\/mp2kwidzyn.pl\/wp-content\/uploads\/2025\/06\/501051971_985504463798466_6367059592459381425_n-300x225.jpg\" class=\"attachment-medium size-medium\" alt=\"\" srcset=\"https:\/\/mp2kwidzyn.pl\/wp-content\/uploads\/2025\/06\/501051971_985504463798466_6367059592459381425_n-300x225.jpg 300w, https:\/\/mp2kwidzyn.pl\/wp-content\/uploads\/2025\/06\/501051971_985504463798466_6367059592459381425_n-1024x768.jpg 1024w, https:\/\/mp2kwidzyn.pl\/wp-content\/uploads\/2025\/06\/501051971_985504463798466_6367059592459381425_n-768x576.jpg 768w, https:\/\/mp2kwidzyn.pl\/wp-content\/uploads\/2025\/06\/501051971_985504463798466_6367059592459381425_n-1536x1152.jpg 1536w, https:\/\/mp2kwidzyn.pl\/wp-content\/uploads\/2025\/06\/501051971_985504463798466_6367059592459381425_n.jpg 1600w\" sizes=\"auto, (max-width: 300px) 100vw, 300px\" \/><\/a>\n\t\t\t\t\t\n\t\t\t\t<\/div>\n\t\t\t\t<div class=\"mask\">\n\t\t\t\t\t<a href=\"#TB_inline?width=600&height=550&inlineId=gallery-3\" class=\"info thickbox\" title=\"Dzienny Dom Pobytu &#8222;Senior +&#8221; w Kwidzynie\">Dzienny Dom Pobytu &#8222;Senior +&#8221; w Kwidzynie<\/a>\n\t\t\t\t<\/div>\n\t\t\t<\/div>\n\t\t\t<\/div><div class=\"col-md-4 col-lg-4 col-sm-4 gallery-image\">\n\t\t\t<div class=\"gallery view second-effect\">\n\t\t\t\t<div id=\"gallery-4\" style=\"display:none;\">\n\t\t\t\t\t<a href='https:\/\/mp2kwidzyn.pl\/wp-content\/uploads\/2025\/06\/493396218_985504417131804_8605938866047823736_n.jpg'><img loading=\"lazy\" decoding=\"async\" width=\"640\" height=\"480\" src=\"https:\/\/mp2kwidzyn.pl\/wp-content\/uploads\/2025\/06\/493396218_985504417131804_8605938866047823736_n-1024x768.jpg\" class=\"attachment-large size-large\" alt=\"\" srcset=\"https:\/\/mp2kwidzyn.pl\/wp-content\/uploads\/2025\/06\/493396218_985504417131804_8605938866047823736_n-1024x768.jpg 1024w, https:\/\/mp2kwidzyn.pl\/wp-content\/uploads\/2025\/06\/493396218_985504417131804_8605938866047823736_n-300x225.jpg 300w, https:\/\/mp2kwidzyn.pl\/wp-content\/uploads\/2025\/06\/493396218_985504417131804_8605938866047823736_n-768x576.jpg 768w, https:\/\/mp2kwidzyn.pl\/wp-content\/uploads\/2025\/06\/493396218_985504417131804_8605938866047823736_n-1536x1152.jpg 1536w, https:\/\/mp2kwidzyn.pl\/wp-content\/uploads\/2025\/06\/493396218_985504417131804_8605938866047823736_n.jpg 1600w\" sizes=\"auto, (max-width: 640px) 100vw, 640px\" \/><\/a>\n\t\t\t\t<\/div>\n\t\t\t\t<div class=\"gl_img\">\n\t\t\t\t\t<a href='https:\/\/mp2kwidzyn.pl\/wp-content\/uploads\/2025\/06\/493396218_985504417131804_8605938866047823736_n.jpg'><img loading=\"lazy\" decoding=\"async\" width=\"300\" height=\"225\" src=\"https:\/\/mp2kwidzyn.pl\/wp-content\/uploads\/2025\/06\/493396218_985504417131804_8605938866047823736_n-300x225.jpg\" class=\"attachment-medium size-medium\" alt=\"\" srcset=\"https:\/\/mp2kwidzyn.pl\/wp-content\/uploads\/2025\/06\/493396218_985504417131804_8605938866047823736_n-300x225.jpg 300w, https:\/\/mp2kwidzyn.pl\/wp-content\/uploads\/2025\/06\/493396218_985504417131804_8605938866047823736_n-1024x768.jpg 1024w, https:\/\/mp2kwidzyn.pl\/wp-content\/uploads\/2025\/06\/493396218_985504417131804_8605938866047823736_n-768x576.jpg 768w, https:\/\/mp2kwidzyn.pl\/wp-content\/uploads\/2025\/06\/493396218_985504417131804_8605938866047823736_n-1536x1152.jpg 1536w, https:\/\/mp2kwidzyn.pl\/wp-content\/uploads\/2025\/06\/493396218_985504417131804_8605938866047823736_n.jpg 1600w\" sizes=\"auto, (max-width: 300px) 100vw, 300px\" \/><\/a>\n\t\t\t\t\t\n\t\t\t\t<\/div>\n\t\t\t\t<div class=\"mask\">\n\t\t\t\t\t<a href=\"#TB_inline?width=600&height=550&inlineId=gallery-4\" class=\"info thickbox\" title=\"Dzienny Dom Pobytu &#8222;Senior +&#8221; w Kwidzynie\">Dzienny Dom Pobytu &#8222;Senior +&#8221; w Kwidzynie<\/a>\n\t\t\t\t<\/div>\n\t\t\t<\/div>\n\t\t\t<\/div><div class=\"col-md-4 col-lg-4 col-sm-4 gallery-image\">\n\t\t\t<div class=\"gallery view second-effect\">\n\t\t\t\t<div id=\"gallery-5\" style=\"display:none;\">\n\t\t\t\t\t<a href='https:\/\/mp2kwidzyn.pl\/wp-content\/uploads\/2025\/06\/502528405_985504380465141_5812064368917131325_n.jpg'><img loading=\"lazy\" decoding=\"async\" width=\"640\" height=\"480\" src=\"https:\/\/mp2kwidzyn.pl\/wp-content\/uploads\/2025\/06\/502528405_985504380465141_5812064368917131325_n-1024x768.jpg\" class=\"attachment-large size-large\" alt=\"\" srcset=\"https:\/\/mp2kwidzyn.pl\/wp-content\/uploads\/2025\/06\/502528405_985504380465141_5812064368917131325_n-1024x768.jpg 1024w, https:\/\/mp2kwidzyn.pl\/wp-content\/uploads\/2025\/06\/502528405_985504380465141_5812064368917131325_n-300x225.jpg 300w, https:\/\/mp2kwidzyn.pl\/wp-content\/uploads\/2025\/06\/502528405_985504380465141_5812064368917131325_n-768x576.jpg 768w, https:\/\/mp2kwidzyn.pl\/wp-content\/uploads\/2025\/06\/502528405_985504380465141_5812064368917131325_n-1536x1152.jpg 1536w, https:\/\/mp2kwidzyn.pl\/wp-content\/uploads\/2025\/06\/502528405_985504380465141_5812064368917131325_n.jpg 1600w\" sizes=\"auto, (max-width: 640px) 100vw, 640px\" \/><\/a>\n\t\t\t\t<\/div>\n\t\t\t\t<div class=\"gl_img\">\n\t\t\t\t\t<a href='https:\/\/mp2kwidzyn.pl\/wp-content\/uploads\/2025\/06\/502528405_985504380465141_5812064368917131325_n.jpg'><img loading=\"lazy\" decoding=\"async\" width=\"300\" height=\"225\" src=\"https:\/\/mp2kwidzyn.pl\/wp-content\/uploads\/2025\/06\/502528405_985504380465141_5812064368917131325_n-300x225.jpg\" class=\"attachment-medium size-medium\" alt=\"\" srcset=\"https:\/\/mp2kwidzyn.pl\/wp-content\/uploads\/2025\/06\/502528405_985504380465141_5812064368917131325_n-300x225.jpg 300w, https:\/\/mp2kwidzyn.pl\/wp-content\/uploads\/2025\/06\/502528405_985504380465141_5812064368917131325_n-1024x768.jpg 1024w, https:\/\/mp2kwidzyn.pl\/wp-content\/uploads\/2025\/06\/502528405_985504380465141_5812064368917131325_n-768x576.jpg 768w, https:\/\/mp2kwidzyn.pl\/wp-content\/uploads\/2025\/06\/502528405_985504380465141_5812064368917131325_n-1536x1152.jpg 1536w, https:\/\/mp2kwidzyn.pl\/wp-content\/uploads\/2025\/06\/502528405_985504380465141_5812064368917131325_n.jpg 1600w\" sizes=\"auto, (max-width: 300px) 100vw, 300px\" \/><\/a>\n\t\t\t\t\t\n\t\t\t\t<\/div>\n\t\t\t\t<div class=\"mask\">\n\t\t\t\t\t<a href=\"#TB_inline?width=600&height=550&inlineId=gallery-5\" class=\"info thickbox\" title=\"Dzienny Dom Pobytu &#8222;Senior +&#8221; w Kwidzynie\">Dzienny Dom Pobytu &#8222;Senior +&#8221; w Kwidzynie<\/a>\n\t\t\t\t<\/div>\n\t\t\t<\/div>\n\t\t\t<\/div><div class=\"col-md-4 col-lg-4 col-sm-4 gallery-image\">\n\t\t\t<div class=\"gallery view second-effect\">\n\t\t\t\t<div id=\"gallery-6\" style=\"display:none;\">\n\t\t\t\t\t<a href='https:\/\/mp2kwidzyn.pl\/wp-content\/uploads\/2025\/06\/497709198_985504350465144_4939532770709121351_n.jpg'><img loading=\"lazy\" decoding=\"async\" width=\"640\" height=\"480\" src=\"https:\/\/mp2kwidzyn.pl\/wp-content\/uploads\/2025\/06\/497709198_985504350465144_4939532770709121351_n-1024x768.jpg\" class=\"attachment-large size-large\" alt=\"\" srcset=\"https:\/\/mp2kwidzyn.pl\/wp-content\/uploads\/2025\/06\/497709198_985504350465144_4939532770709121351_n-1024x768.jpg 1024w, https:\/\/mp2kwidzyn.pl\/wp-content\/uploads\/2025\/06\/497709198_985504350465144_4939532770709121351_n-300x225.jpg 300w, https:\/\/mp2kwidzyn.pl\/wp-content\/uploads\/2025\/06\/497709198_985504350465144_4939532770709121351_n-768x576.jpg 768w, https:\/\/mp2kwidzyn.pl\/wp-content\/uploads\/2025\/06\/497709198_985504350465144_4939532770709121351_n-1536x1152.jpg 1536w, https:\/\/mp2kwidzyn.pl\/wp-content\/uploads\/2025\/06\/497709198_985504350465144_4939532770709121351_n.jpg 1600w\" sizes=\"auto, (max-width: 640px) 100vw, 640px\" \/><\/a>\n\t\t\t\t<\/div>\n\t\t\t\t<div class=\"gl_img\">\n\t\t\t\t\t<a href='https:\/\/mp2kwidzyn.pl\/wp-content\/uploads\/2025\/06\/497709198_985504350465144_4939532770709121351_n.jpg'><img loading=\"lazy\" decoding=\"async\" width=\"300\" height=\"225\" src=\"https:\/\/mp2kwidzyn.pl\/wp-content\/uploads\/2025\/06\/497709198_985504350465144_4939532770709121351_n-300x225.jpg\" class=\"attachment-medium size-medium\" alt=\"\" srcset=\"https:\/\/mp2kwidzyn.pl\/wp-content\/uploads\/2025\/06\/497709198_985504350465144_4939532770709121351_n-300x225.jpg 300w, https:\/\/mp2kwidzyn.pl\/wp-content\/uploads\/2025\/06\/497709198_985504350465144_4939532770709121351_n-1024x768.jpg 1024w, https:\/\/mp2kwidzyn.pl\/wp-content\/uploads\/2025\/06\/497709198_985504350465144_4939532770709121351_n-768x576.jpg 768w, https:\/\/mp2kwidzyn.pl\/wp-content\/uploads\/2025\/06\/497709198_985504350465144_4939532770709121351_n-1536x1152.jpg 1536w, https:\/\/mp2kwidzyn.pl\/wp-content\/uploads\/2025\/06\/497709198_985504350465144_4939532770709121351_n.jpg 1600w\" sizes=\"auto, (max-width: 300px) 100vw, 300px\" \/><\/a>\n\t\t\t\t\t\n\t\t\t\t<\/div>\n\t\t\t\t<div class=\"mask\">\n\t\t\t\t\t<a href=\"#TB_inline?width=600&height=550&inlineId=gallery-6\" class=\"info thickbox\" title=\"Dzienny Dom Pobytu &#8222;Senior +&#8221; w Kwidzynie\">Dzienny Dom Pobytu &#8222;Senior +&#8221; w Kwidzynie<\/a>\n\t\t\t\t<\/div>\n\t\t\t<\/div>\n\t\t\t<\/div><div class=\"col-md-4 col-lg-4 col-sm-4 gallery-image\">\n\t\t\t<div class=\"gallery view second-effect\">\n\t\t\t\t<div id=\"gallery-7\" style=\"display:none;\">\n\t\t\t\t\t<a href='https:\/\/mp2kwidzyn.pl\/wp-content\/uploads\/2025\/06\/502556365_985504303798482_9101241212627887969_n.jpg'><img loading=\"lazy\" decoding=\"async\" width=\"640\" height=\"480\" src=\"https:\/\/mp2kwidzyn.pl\/wp-content\/uploads\/2025\/06\/502556365_985504303798482_9101241212627887969_n-1024x768.jpg\" class=\"attachment-large size-large\" alt=\"\" srcset=\"https:\/\/mp2kwidzyn.pl\/wp-content\/uploads\/2025\/06\/502556365_985504303798482_9101241212627887969_n-1024x768.jpg 1024w, https:\/\/mp2kwidzyn.pl\/wp-content\/uploads\/2025\/06\/502556365_985504303798482_9101241212627887969_n-300x225.jpg 300w, https:\/\/mp2kwidzyn.pl\/wp-content\/uploads\/2025\/06\/502556365_985504303798482_9101241212627887969_n-768x576.jpg 768w, https:\/\/mp2kwidzyn.pl\/wp-content\/uploads\/2025\/06\/502556365_985504303798482_9101241212627887969_n-1536x1152.jpg 1536w, https:\/\/mp2kwidzyn.pl\/wp-content\/uploads\/2025\/06\/502556365_985504303798482_9101241212627887969_n.jpg 1600w\" sizes=\"auto, (max-width: 640px) 100vw, 640px\" \/><\/a>\n\t\t\t\t<\/div>\n\t\t\t\t<div class=\"gl_img\">\n\t\t\t\t\t<a href='https:\/\/mp2kwidzyn.pl\/wp-content\/uploads\/2025\/06\/502556365_985504303798482_9101241212627887969_n.jpg'><img loading=\"lazy\" decoding=\"async\" width=\"300\" height=\"225\" src=\"https:\/\/mp2kwidzyn.pl\/wp-content\/uploads\/2025\/06\/502556365_985504303798482_9101241212627887969_n-300x225.jpg\" class=\"attachment-medium size-medium\" alt=\"\" srcset=\"https:\/\/mp2kwidzyn.pl\/wp-content\/uploads\/2025\/06\/502556365_985504303798482_9101241212627887969_n-300x225.jpg 300w, https:\/\/mp2kwidzyn.pl\/wp-content\/uploads\/2025\/06\/502556365_985504303798482_9101241212627887969_n-1024x768.jpg 1024w, https:\/\/mp2kwidzyn.pl\/wp-content\/uploads\/2025\/06\/502556365_985504303798482_9101241212627887969_n-768x576.jpg 768w, https:\/\/mp2kwidzyn.pl\/wp-content\/uploads\/2025\/06\/502556365_985504303798482_9101241212627887969_n-1536x1152.jpg 1536w, https:\/\/mp2kwidzyn.pl\/wp-content\/uploads\/2025\/06\/502556365_985504303798482_9101241212627887969_n.jpg 1600w\" sizes=\"auto, (max-width: 300px) 100vw, 300px\" \/><\/a>\n\t\t\t\t\t\n\t\t\t\t<\/div>\n\t\t\t\t<div class=\"mask\">\n\t\t\t\t\t<a href=\"#TB_inline?width=600&height=550&inlineId=gallery-7\" class=\"info thickbox\" title=\"Dzienny Dom Pobytu &#8222;Senior +&#8221; w Kwidzynie\">Dzienny Dom Pobytu &#8222;Senior +&#8221; w Kwidzynie<\/a>\n\t\t\t\t<\/div>\n\t\t\t<\/div>\n\t\t\t<\/div><div class=\"col-md-4 col-lg-4 col-sm-4 gallery-image\">\n\t\t\t<div class=\"gallery view second-effect\">\n\t\t\t\t<div id=\"gallery-8\" style=\"display:none;\">\n\t\t\t\t\t<a href='https:\/\/mp2kwidzyn.pl\/wp-content\/uploads\/2025\/06\/496934351_985504270465152_5932446397408048768_n.jpg'><img loading=\"lazy\" decoding=\"async\" width=\"640\" height=\"480\" src=\"https:\/\/mp2kwidzyn.pl\/wp-content\/uploads\/2025\/06\/496934351_985504270465152_5932446397408048768_n-1024x768.jpg\" class=\"attachment-large size-large\" alt=\"\" srcset=\"https:\/\/mp2kwidzyn.pl\/wp-content\/uploads\/2025\/06\/496934351_985504270465152_5932446397408048768_n-1024x768.jpg 1024w, https:\/\/mp2kwidzyn.pl\/wp-content\/uploads\/2025\/06\/496934351_985504270465152_5932446397408048768_n-300x225.jpg 300w, https:\/\/mp2kwidzyn.pl\/wp-content\/uploads\/2025\/06\/496934351_985504270465152_5932446397408048768_n-768x576.jpg 768w, https:\/\/mp2kwidzyn.pl\/wp-content\/uploads\/2025\/06\/496934351_985504270465152_5932446397408048768_n-1536x1152.jpg 1536w, https:\/\/mp2kwidzyn.pl\/wp-content\/uploads\/2025\/06\/496934351_985504270465152_5932446397408048768_n.jpg 1600w\" sizes=\"auto, (max-width: 640px) 100vw, 640px\" \/><\/a>\n\t\t\t\t<\/div>\n\t\t\t\t<div class=\"gl_img\">\n\t\t\t\t\t<a href='https:\/\/mp2kwidzyn.pl\/wp-content\/uploads\/2025\/06\/496934351_985504270465152_5932446397408048768_n.jpg'><img loading=\"lazy\" decoding=\"async\" width=\"300\" height=\"225\" src=\"https:\/\/mp2kwidzyn.pl\/wp-content\/uploads\/2025\/06\/496934351_985504270465152_5932446397408048768_n-300x225.jpg\" class=\"attachment-medium size-medium\" alt=\"\" srcset=\"https:\/\/mp2kwidzyn.pl\/wp-content\/uploads\/2025\/06\/496934351_985504270465152_5932446397408048768_n-300x225.jpg 300w, https:\/\/mp2kwidzyn.pl\/wp-content\/uploads\/2025\/06\/496934351_985504270465152_5932446397408048768_n-1024x768.jpg 1024w, https:\/\/mp2kwidzyn.pl\/wp-content\/uploads\/2025\/06\/496934351_985504270465152_5932446397408048768_n-768x576.jpg 768w, https:\/\/mp2kwidzyn.pl\/wp-content\/uploads\/2025\/06\/496934351_985504270465152_5932446397408048768_n-1536x1152.jpg 1536w, https:\/\/mp2kwidzyn.pl\/wp-content\/uploads\/2025\/06\/496934351_985504270465152_5932446397408048768_n.jpg 1600w\" sizes=\"auto, (max-width: 300px) 100vw, 300px\" \/><\/a>\n\t\t\t\t\t\n\t\t\t\t<\/div>\n\t\t\t\t<div class=\"mask\">\n\t\t\t\t\t<a href=\"#TB_inline?width=600&height=550&inlineId=gallery-8\" class=\"info thickbox\" title=\"Dzienny Dom Pobytu &#8222;Senior +&#8221; w Kwidzynie\">Dzienny Dom Pobytu &#8222;Senior +&#8221; w Kwidzynie<\/a>\n\t\t\t\t<\/div>\n\t\t\t<\/div>\n\t\t\t<\/div><div class=\"col-md-4 col-lg-4 col-sm-4 gallery-image\">\n\t\t\t<div class=\"gallery view second-effect\">\n\t\t\t\t<div id=\"gallery-9\" style=\"display:none;\">\n\t\t\t\t\t<a href='https:\/\/mp2kwidzyn.pl\/wp-content\/uploads\/2025\/06\/500096676_985504230465156_1839220285316076379_n.jpg'><img loading=\"lazy\" decoding=\"async\" width=\"640\" height=\"480\" src=\"https:\/\/mp2kwidzyn.pl\/wp-content\/uploads\/2025\/06\/500096676_985504230465156_1839220285316076379_n-1024x768.jpg\" class=\"attachment-large size-large\" alt=\"\" srcset=\"https:\/\/mp2kwidzyn.pl\/wp-content\/uploads\/2025\/06\/500096676_985504230465156_1839220285316076379_n-1024x768.jpg 1024w, https:\/\/mp2kwidzyn.pl\/wp-content\/uploads\/2025\/06\/500096676_985504230465156_1839220285316076379_n-300x225.jpg 300w, https:\/\/mp2kwidzyn.pl\/wp-content\/uploads\/2025\/06\/500096676_985504230465156_1839220285316076379_n-768x576.jpg 768w, https:\/\/mp2kwidzyn.pl\/wp-content\/uploads\/2025\/06\/500096676_985504230465156_1839220285316076379_n-1536x1152.jpg 1536w, https:\/\/mp2kwidzyn.pl\/wp-content\/uploads\/2025\/06\/500096676_985504230465156_1839220285316076379_n.jpg 1600w\" sizes=\"auto, (max-width: 640px) 100vw, 640px\" \/><\/a>\n\t\t\t\t<\/div>\n\t\t\t\t<div class=\"gl_img\">\n\t\t\t\t\t<a href='https:\/\/mp2kwidzyn.pl\/wp-content\/uploads\/2025\/06\/500096676_985504230465156_1839220285316076379_n.jpg'><img loading=\"lazy\" decoding=\"async\" width=\"300\" height=\"225\" src=\"https:\/\/mp2kwidzyn.pl\/wp-content\/uploads\/2025\/06\/500096676_985504230465156_1839220285316076379_n-300x225.jpg\" class=\"attachment-medium size-medium\" alt=\"\" srcset=\"https:\/\/mp2kwidzyn.pl\/wp-content\/uploads\/2025\/06\/500096676_985504230465156_1839220285316076379_n-300x225.jpg 300w, https:\/\/mp2kwidzyn.pl\/wp-content\/uploads\/2025\/06\/500096676_985504230465156_1839220285316076379_n-1024x768.jpg 1024w, https:\/\/mp2kwidzyn.pl\/wp-content\/uploads\/2025\/06\/500096676_985504230465156_1839220285316076379_n-768x576.jpg 768w, https:\/\/mp2kwidzyn.pl\/wp-content\/uploads\/2025\/06\/500096676_985504230465156_1839220285316076379_n-1536x1152.jpg 1536w, https:\/\/mp2kwidzyn.pl\/wp-content\/uploads\/2025\/06\/500096676_985504230465156_1839220285316076379_n.jpg 1600w\" sizes=\"auto, (max-width: 300px) 100vw, 300px\" \/><\/a>\n\t\t\t\t\t\n\t\t\t\t<\/div>\n\t\t\t\t<div class=\"mask\">\n\t\t\t\t\t<a href=\"#TB_inline?width=600&height=550&inlineId=gallery-9\" class=\"info thickbox\" title=\"Dzienny Dom Pobytu &#8222;Senior +&#8221; w Kwidzynie\">Dzienny Dom Pobytu &#8222;Senior +&#8221; w Kwidzynie<\/a>\n\t\t\t\t<\/div>\n\t\t\t<\/div>\n\t\t\t<\/div><div class=\"col-md-4 col-lg-4 col-sm-4 gallery-image\">\n\t\t\t<div class=\"gallery view second-effect\">\n\t\t\t\t<div id=\"gallery-10\" style=\"display:none;\">\n\t\t\t\t\t<a href='https:\/\/mp2kwidzyn.pl\/wp-content\/uploads\/2025\/06\/497944129_985504190465160_5327734117517802148_n.jpg'><img loading=\"lazy\" decoding=\"async\" width=\"640\" height=\"480\" src=\"https:\/\/mp2kwidzyn.pl\/wp-content\/uploads\/2025\/06\/497944129_985504190465160_5327734117517802148_n-1024x768.jpg\" class=\"attachment-large size-large\" alt=\"\" srcset=\"https:\/\/mp2kwidzyn.pl\/wp-content\/uploads\/2025\/06\/497944129_985504190465160_5327734117517802148_n-1024x768.jpg 1024w, https:\/\/mp2kwidzyn.pl\/wp-content\/uploads\/2025\/06\/497944129_985504190465160_5327734117517802148_n-300x225.jpg 300w, https:\/\/mp2kwidzyn.pl\/wp-content\/uploads\/2025\/06\/497944129_985504190465160_5327734117517802148_n-768x576.jpg 768w, https:\/\/mp2kwidzyn.pl\/wp-content\/uploads\/2025\/06\/497944129_985504190465160_5327734117517802148_n-1536x1152.jpg 1536w, https:\/\/mp2kwidzyn.pl\/wp-content\/uploads\/2025\/06\/497944129_985504190465160_5327734117517802148_n.jpg 1600w\" sizes=\"auto, (max-width: 640px) 100vw, 640px\" \/><\/a>\n\t\t\t\t<\/div>\n\t\t\t\t<div class=\"gl_img\">\n\t\t\t\t\t<a href='https:\/\/mp2kwidzyn.pl\/wp-content\/uploads\/2025\/06\/497944129_985504190465160_5327734117517802148_n.jpg'><img loading=\"lazy\" decoding=\"async\" width=\"300\" height=\"225\" src=\"https:\/\/mp2kwidzyn.pl\/wp-content\/uploads\/2025\/06\/497944129_985504190465160_5327734117517802148_n-300x225.jpg\" class=\"attachment-medium size-medium\" alt=\"\" srcset=\"https:\/\/mp2kwidzyn.pl\/wp-content\/uploads\/2025\/06\/497944129_985504190465160_5327734117517802148_n-300x225.jpg 300w, https:\/\/mp2kwidzyn.pl\/wp-content\/uploads\/2025\/06\/497944129_985504190465160_5327734117517802148_n-1024x768.jpg 1024w, https:\/\/mp2kwidzyn.pl\/wp-content\/uploads\/2025\/06\/497944129_985504190465160_5327734117517802148_n-768x576.jpg 768w, https:\/\/mp2kwidzyn.pl\/wp-content\/uploads\/2025\/06\/497944129_985504190465160_5327734117517802148_n-1536x1152.jpg 1536w, https:\/\/mp2kwidzyn.pl\/wp-content\/uploads\/2025\/06\/497944129_985504190465160_5327734117517802148_n.jpg 1600w\" sizes=\"auto, (max-width: 300px) 100vw, 300px\" \/><\/a>\n\t\t\t\t\t\n\t\t\t\t<\/div>\n\t\t\t\t<div class=\"mask\">\n\t\t\t\t\t<a href=\"#TB_inline?width=600&height=550&inlineId=gallery-10\" class=\"info thickbox\" title=\"Dzienny Dom Pobytu &#8222;Senior +&#8221; w Kwidzynie\">Dzienny Dom Pobytu &#8222;Senior +&#8221; w Kwidzynie<\/a>\n\t\t\t\t<\/div>\n\t\t\t<\/div>\n\t\t\t<\/div><div class=\"col-md-4 col-lg-4 col-sm-4 gallery-image\">\n\t\t\t<div class=\"gallery view second-effect\">\n\t\t\t\t<div id=\"gallery-11\" style=\"display:none;\">\n\t\t\t\t\t<a href='https:\/\/mp2kwidzyn.pl\/wp-content\/uploads\/2025\/06\/498227768_985504603798452_2669711032385897403_n.jpg'><img loading=\"lazy\" decoding=\"async\" width=\"640\" height=\"480\" src=\"https:\/\/mp2kwidzyn.pl\/wp-content\/uploads\/2025\/06\/498227768_985504603798452_2669711032385897403_n-1024x768.jpg\" class=\"attachment-large size-large\" alt=\"\" srcset=\"https:\/\/mp2kwidzyn.pl\/wp-content\/uploads\/2025\/06\/498227768_985504603798452_2669711032385897403_n-1024x768.jpg 1024w, https:\/\/mp2kwidzyn.pl\/wp-content\/uploads\/2025\/06\/498227768_985504603798452_2669711032385897403_n-300x225.jpg 300w, https:\/\/mp2kwidzyn.pl\/wp-content\/uploads\/2025\/06\/498227768_985504603798452_2669711032385897403_n-768x576.jpg 768w, https:\/\/mp2kwidzyn.pl\/wp-content\/uploads\/2025\/06\/498227768_985504603798452_2669711032385897403_n-1536x1152.jpg 1536w, https:\/\/mp2kwidzyn.pl\/wp-content\/uploads\/2025\/06\/498227768_985504603798452_2669711032385897403_n.jpg 1600w\" sizes=\"auto, (max-width: 640px) 100vw, 640px\" \/><\/a>\n\t\t\t\t<\/div>\n\t\t\t\t<div class=\"gl_img\">\n\t\t\t\t\t<a href='https:\/\/mp2kwidzyn.pl\/wp-content\/uploads\/2025\/06\/498227768_985504603798452_2669711032385897403_n.jpg'><img loading=\"lazy\" decoding=\"async\" width=\"300\" height=\"225\" src=\"https:\/\/mp2kwidzyn.pl\/wp-content\/uploads\/2025\/06\/498227768_985504603798452_2669711032385897403_n-300x225.jpg\" class=\"attachment-medium size-medium\" alt=\"\" srcset=\"https:\/\/mp2kwidzyn.pl\/wp-content\/uploads\/2025\/06\/498227768_985504603798452_2669711032385897403_n-300x225.jpg 300w, https:\/\/mp2kwidzyn.pl\/wp-content\/uploads\/2025\/06\/498227768_985504603798452_2669711032385897403_n-1024x768.jpg 1024w, https:\/\/mp2kwidzyn.pl\/wp-content\/uploads\/2025\/06\/498227768_985504603798452_2669711032385897403_n-768x576.jpg 768w, https:\/\/mp2kwidzyn.pl\/wp-content\/uploads\/2025\/06\/498227768_985504603798452_2669711032385897403_n-1536x1152.jpg 1536w, https:\/\/mp2kwidzyn.pl\/wp-content\/uploads\/2025\/06\/498227768_985504603798452_2669711032385897403_n.jpg 1600w\" sizes=\"auto, (max-width: 300px) 100vw, 300px\" \/><\/a>\n\t\t\t\t\t\n\t\t\t\t<\/div>\n\t\t\t\t<div class=\"mask\">\n\t\t\t\t\t<a href=\"#TB_inline?width=600&height=550&inlineId=gallery-11\" class=\"info thickbox\" title=\"Dzienny Dom Pobytu &#8222;Senior +&#8221; w Kwidzynie\">Dzienny Dom Pobytu &#8222;Senior +&#8221; w Kwidzynie<\/a>\n\t\t\t\t<\/div>\n\t\t\t<\/div>\n\t\t\t<\/div><div class=\"col-md-4 col-lg-4 col-sm-4 gallery-image\">\n\t\t\t<div class=\"gallery view second-effect\">\n\t\t\t\t<div id=\"gallery-12\" style=\"display:none;\">\n\t\t\t\t\t<a href='https:\/\/mp2kwidzyn.pl\/wp-content\/uploads\/2025\/06\/504111589_985504567131789_4341635690702668988_n.jpg'><img loading=\"lazy\" decoding=\"async\" width=\"640\" height=\"480\" src=\"https:\/\/mp2kwidzyn.pl\/wp-content\/uploads\/2025\/06\/504111589_985504567131789_4341635690702668988_n-1024x768.jpg\" class=\"attachment-large size-large\" alt=\"\" srcset=\"https:\/\/mp2kwidzyn.pl\/wp-content\/uploads\/2025\/06\/504111589_985504567131789_4341635690702668988_n-1024x768.jpg 1024w, https:\/\/mp2kwidzyn.pl\/wp-content\/uploads\/2025\/06\/504111589_985504567131789_4341635690702668988_n-300x225.jpg 300w, https:\/\/mp2kwidzyn.pl\/wp-content\/uploads\/2025\/06\/504111589_985504567131789_4341635690702668988_n-768x576.jpg 768w, https:\/\/mp2kwidzyn.pl\/wp-content\/uploads\/2025\/06\/504111589_985504567131789_4341635690702668988_n-1536x1152.jpg 1536w, https:\/\/mp2kwidzyn.pl\/wp-content\/uploads\/2025\/06\/504111589_985504567131789_4341635690702668988_n.jpg 1600w\" sizes=\"auto, (max-width: 640px) 100vw, 640px\" \/><\/a>\n\t\t\t\t<\/div>\n\t\t\t\t<div class=\"gl_img\">\n\t\t\t\t\t<a href='https:\/\/mp2kwidzyn.pl\/wp-content\/uploads\/2025\/06\/504111589_985504567131789_4341635690702668988_n.jpg'><img loading=\"lazy\" decoding=\"async\" width=\"300\" height=\"225\" src=\"https:\/\/mp2kwidzyn.pl\/wp-content\/uploads\/2025\/06\/504111589_985504567131789_4341635690702668988_n-300x225.jpg\" class=\"attachment-medium size-medium\" alt=\"\" srcset=\"https:\/\/mp2kwidzyn.pl\/wp-content\/uploads\/2025\/06\/504111589_985504567131789_4341635690702668988_n-300x225.jpg 300w, https:\/\/mp2kwidzyn.pl\/wp-content\/uploads\/2025\/06\/504111589_985504567131789_4341635690702668988_n-1024x768.jpg 1024w, https:\/\/mp2kwidzyn.pl\/wp-content\/uploads\/2025\/06\/504111589_985504567131789_4341635690702668988_n-768x576.jpg 768w, https:\/\/mp2kwidzyn.pl\/wp-content\/uploads\/2025\/06\/504111589_985504567131789_4341635690702668988_n-1536x1152.jpg 1536w, https:\/\/mp2kwidzyn.pl\/wp-content\/uploads\/2025\/06\/504111589_985504567131789_4341635690702668988_n.jpg 1600w\" sizes=\"auto, (max-width: 300px) 100vw, 300px\" \/><\/a>\n\t\t\t\t\t\n\t\t\t\t<\/div>\n\t\t\t\t<div class=\"mask\">\n\t\t\t\t\t<a href=\"#TB_inline?width=600&height=550&inlineId=gallery-12\" class=\"info thickbox\" title=\"Dzienny Dom Pobytu &#8222;Senior +&#8221; w Kwidzynie\">Dzienny Dom Pobytu &#8222;Senior +&#8221; w Kwidzynie<\/a>\n\t\t\t\t<\/div>\n\t\t\t<\/div>\n\t\t\t<\/div><\/div><\/strong><\/p>\n","protected":false},"excerpt":{"rendered":"<p>3 czerwca go\u015bcili\u015bmy w naszym przedszkolu senior\u00f3w z Dzienny Dom Pobytu &#8222;Senior +&#8221; w Kwidzynie. Podczas mi\u0119dzypokoleniowego spotkania dzieci ze wszystkich grup zaprezentowa\u0142y swoje umiej\u0119tno\u015bci artystyczne, a ze wszystkimi uda\u0142o si\u0119 wykona\u0107 wsp\u00f3ln\u0105 gimnastyk\u0119. Dzieciaki otrzyma\u0142y wykonane w\u0142asnor\u0119cznie przez senior\u00f3w bransoletki oraz obrazki. Dzi\u0119kujemy za ten wsp\u00f3lny czas! Do nast\u0119pnego spotkania!<\/p>\n","protected":false},"author":1,"featured_media":3106,"comment_status":"open","ping_status":"open","sticky":false,"template":"","format":"standard","meta":{"footnotes":""},"categories":[1],"tags":[],"class_list":["post-3090","post","type-post","status-publish","format-standard","has-post-thumbnail","hentry","category-uncategorized"],"_links":{"self":[{"href":"https:\/\/mp2kwidzyn.pl\/index.php\/wp-json\/wp\/v2\/posts\/3090","targetHints":{"allow":["GET"]}}],"collection":[{"href":"https:\/\/mp2kwidzyn.pl\/index.php\/wp-json\/wp\/v2\/posts"}],"about":[{"href":"https:\/\/mp2kwidzyn.pl\/index.php\/wp-json\/wp\/v2\/types\/post"}],"author":[{"embeddable":true,"href":"https:\/\/mp2kwidzyn.pl\/index.php\/wp-json\/wp\/v2\/users\/1"}],"replies":[{"embeddable":true,"href":"https:\/\/mp2kwidzyn.pl\/index.php\/wp-json\/wp\/v2\/comments?post=3090"}],"version-history":[{"count":4,"href":"https:\/\/mp2kwidzyn.pl\/index.php\/wp-json\/wp\/v2\/posts\/3090\/revisions"}],"predecessor-version":[{"id":3108,"href":"https:\/\/mp2kwidzyn.pl\/index.php\/wp-json\/wp\/v2\/posts\/3090\/revisions\/3108"}],"wp:featuredmedia":[{"embeddable":true,"href":"https:\/\/mp2kwidzyn.pl\/index.php\/wp-json\/wp\/v2\/media\/3106"}],"wp:attachment":[{"href":"https:\/\/mp2kwidzyn.pl\/index.php\/wp-json\/wp\/v2\/media?parent=3090"}],"wp:term":[{"taxonomy":"category","embeddable":true,"href":"https:\/\/mp2kwidzyn.pl\/index.php\/wp-json\/wp\/v2\/categories?post=3090"},{"taxonomy":"post_tag","embeddable":true,"href":"https:\/\/mp2kwidzyn.pl\/index.php\/wp-json\/wp\/v2\/tags?post=3090"}],"curies":[{"name":"wp","href":"https:\/\/api.w.org\/{rel}","templated":true}]}}