{"id":3340,"date":"2025-06-19T16:21:41","date_gmt":"2025-06-19T16:21:41","guid":{"rendered":"https:\/\/mp2kwidzyn.pl\/?p=3340"},"modified":"2025-06-19T16:29:57","modified_gmt":"2025-06-19T16:29:57","slug":"uroczyste-zakonczenie-przedszkola-naszych-biedronek","status":"publish","type":"post","link":"https:\/\/mp2kwidzyn.pl\/index.php\/2025\/06\/19\/uroczyste-zakonczenie-przedszkola-naszych-biedronek\/","title":{"rendered":"Uroczyste zako\u0144czenie przedszkola naszych Biedronek"},"content":{"rendered":"<div dir=\"auto\">Uroczyste zako\u0144czenie przedszkola naszych Biedronek<span class=\"html-span xexx8yu xyri2b x18d9i69 x1c1uobl x1hl2dhg x16tdsg8 x1vvkbs x3nfvp2 x1j61x8r x1fcty0u xdj266r xat24cr xm2jcoa x1mpyi22 xxymvpz xlup9mm x1kky2od\"><img loading=\"lazy\" decoding=\"async\" class=\"xz74otr x15mokao x1ga7v0g x16uus16 xbiv7yw\" src=\"https:\/\/static.xx.fbcdn.net\/images\/emoji.php\/v9\/tde\/3\/16\/1f41e.png\" alt=\"&#x1f41e;\" width=\"16\" height=\"16\" \/><\/span><\/div>\n<div dir=\"auto\">To by\u0142 wyj\u0105tkowy moment, pe\u0142en emocji, u\u015bmiech\u00f3w i wzruszenia <span class=\"html-span xexx8yu xyri2b x18d9i69 x1c1uobl x1hl2dhg x16tdsg8 x1vvkbs x3nfvp2 x1j61x8r x1fcty0u xdj266r xat24cr xm2jcoa x1mpyi22 xxymvpz xlup9mm x1kky2od\"><img loading=\"lazy\" decoding=\"async\" class=\"xz74otr x15mokao x1ga7v0g x16uus16 xbiv7yw\" src=\"https:\/\/static.xx.fbcdn.net\/images\/emoji.php\/v9\/t28\/3\/16\/1f970.png\" alt=\"&#x1f970;\" width=\"16\" height=\"16\" \/><\/span><\/div>\n<div dir=\"auto\">Nasi absolwenci <span class=\"html-span xexx8yu xyri2b x18d9i69 x1c1uobl x1hl2dhg x16tdsg8 x1vvkbs x3nfvp2 x1j61x8r x1fcty0u xdj266r xat24cr xm2jcoa x1mpyi22 xxymvpz xlup9mm x1kky2od\"><img loading=\"lazy\" decoding=\"async\" class=\"xz74otr x15mokao x1ga7v0g x16uus16 xbiv7yw\" src=\"https:\/\/static.xx.fbcdn.net\/images\/emoji.php\/v9\/t93\/3\/16\/1f469_200d_1f393.png\" alt=\"&#x1f469;&#x200d;&#x1f393;\" width=\"16\" height=\"16\" \/><\/span><span class=\"html-span xexx8yu xyri2b x18d9i69 x1c1uobl x1hl2dhg x16tdsg8 x1vvkbs x3nfvp2 x1j61x8r x1fcty0u xdj266r xat24cr xm2jcoa x1mpyi22 xxymvpz xlup9mm x1kky2od\"><img loading=\"lazy\" decoding=\"async\" class=\"xz74otr x15mokao x1ga7v0g x16uus16 xbiv7yw\" src=\"https:\/\/static.xx.fbcdn.net\/images\/emoji.php\/v9\/tb4\/3\/16\/1f468_200d_1f393.png\" alt=\"&#x1f468;&#x200d;&#x1f393;\" width=\"16\" height=\"16\" \/><\/span>zaprezentowali zdobyte w przedszkolu umiej\u0119tno\u015bci recytatorskie, wokalne oraz taneczne w pi\u0119knym wyst\u0105pieniu, kt\u00f3re dostarczy\u0142o wszystkim niezapomnianych wra\u017ce\u0144. Naszym wychowankom \u017cyczymy wielu sukces\u00f3w w szkole<span class=\"html-span xexx8yu xyri2b x18d9i69 x1c1uobl x1hl2dhg x16tdsg8 x1vvkbs x3nfvp2 x1j61x8r x1fcty0u xdj266r xat24cr xm2jcoa x1mpyi22 xxymvpz xlup9mm x1kky2od\"><img loading=\"lazy\" decoding=\"async\" class=\"xz74otr x15mokao x1ga7v0g x16uus16 xbiv7yw\" src=\"https:\/\/static.xx.fbcdn.net\/images\/emoji.php\/v9\/t8a\/3\/16\/1f642.png\" alt=\"&#x1f642;\" width=\"16\" height=\"16\" \/><\/span>, a Rodzicom dzi\u0119kujemy za mi\u0142\u0105 i owocn\u0105 wsp\u00f3\u0142prac\u0119<span class=\"html-span xexx8yu xyri2b x18d9i69 x1c1uobl x1hl2dhg x16tdsg8 x1vvkbs x3nfvp2 x1j61x8r x1fcty0u xdj266r xat24cr xm2jcoa x1mpyi22 xxymvpz xlup9mm x1kky2od\"><img loading=\"lazy\" decoding=\"async\" class=\"xz74otr x15mokao x1ga7v0g x16uus16 xbiv7yw\" src=\"https:\/\/static.xx.fbcdn.net\/images\/emoji.php\/v9\/t6e\/3\/16\/2764.png\" alt=\"&#x2764;&#xfe0f;\" width=\"16\" height=\"16\" \/><\/span><\/div>\n<div dir=\"auto\"><strong style=\"font-size: 1rem;\"><div class=\"row\"><div class=\"col-md-4 col-lg-4 col-sm-4 gallery-image\">\n\t\t\t<div class=\"gallery view second-effect\">\n\t\t\t\t<div id=\"gallery-1\" style=\"display:none;\">\n\t\t\t\t\t<a href='https:\/\/mp2kwidzyn.pl\/wp-content\/uploads\/2025\/06\/504837247_996171069398472_4105880522926199701_n.jpg'><img loading=\"lazy\" decoding=\"async\" width=\"640\" height=\"361\" src=\"https:\/\/mp2kwidzyn.pl\/wp-content\/uploads\/2025\/06\/504837247_996171069398472_4105880522926199701_n-1024x577.jpg\" class=\"attachment-large size-large\" alt=\"\" srcset=\"https:\/\/mp2kwidzyn.pl\/wp-content\/uploads\/2025\/06\/504837247_996171069398472_4105880522926199701_n-1024x577.jpg 1024w, https:\/\/mp2kwidzyn.pl\/wp-content\/uploads\/2025\/06\/504837247_996171069398472_4105880522926199701_n-300x169.jpg 300w, https:\/\/mp2kwidzyn.pl\/wp-content\/uploads\/2025\/06\/504837247_996171069398472_4105880522926199701_n-768x433.jpg 768w, https:\/\/mp2kwidzyn.pl\/wp-content\/uploads\/2025\/06\/504837247_996171069398472_4105880522926199701_n-1536x866.jpg 1536w, https:\/\/mp2kwidzyn.pl\/wp-content\/uploads\/2025\/06\/504837247_996171069398472_4105880522926199701_n.jpg 1600w\" sizes=\"auto, (max-width: 640px) 100vw, 640px\" \/><\/a>\n\t\t\t\t<\/div>\n\t\t\t\t<div class=\"gl_img\">\n\t\t\t\t\t<a href='https:\/\/mp2kwidzyn.pl\/wp-content\/uploads\/2025\/06\/504837247_996171069398472_4105880522926199701_n.jpg'><img loading=\"lazy\" decoding=\"async\" width=\"300\" height=\"169\" src=\"https:\/\/mp2kwidzyn.pl\/wp-content\/uploads\/2025\/06\/504837247_996171069398472_4105880522926199701_n-300x169.jpg\" class=\"attachment-medium size-medium\" alt=\"\" srcset=\"https:\/\/mp2kwidzyn.pl\/wp-content\/uploads\/2025\/06\/504837247_996171069398472_4105880522926199701_n-300x169.jpg 300w, https:\/\/mp2kwidzyn.pl\/wp-content\/uploads\/2025\/06\/504837247_996171069398472_4105880522926199701_n-1024x577.jpg 1024w, https:\/\/mp2kwidzyn.pl\/wp-content\/uploads\/2025\/06\/504837247_996171069398472_4105880522926199701_n-768x433.jpg 768w, https:\/\/mp2kwidzyn.pl\/wp-content\/uploads\/2025\/06\/504837247_996171069398472_4105880522926199701_n-1536x866.jpg 1536w, https:\/\/mp2kwidzyn.pl\/wp-content\/uploads\/2025\/06\/504837247_996171069398472_4105880522926199701_n.jpg 1600w\" sizes=\"auto, (max-width: 300px) 100vw, 300px\" \/><\/a>\n\t\t\t\t\t\n\t\t\t\t<\/div>\n\t\t\t\t<div class=\"mask\">\n\t\t\t\t\t<a href=\"#TB_inline?width=600&height=550&inlineId=gallery-1\" class=\"info thickbox\" title=\"Uroczyste zako\u0144czenie przedszkola naszych Biedronek\">Uroczyste zako\u0144czenie przedszkola naszych Biedronek<\/a>\n\t\t\t\t<\/div>\n\t\t\t<\/div>\n\t\t\t<\/div><div class=\"col-md-4 col-lg-4 col-sm-4 gallery-image\">\n\t\t\t<div class=\"gallery view second-effect\">\n\t\t\t\t<div id=\"gallery-2\" style=\"display:none;\">\n\t\t\t\t\t<a href='https:\/\/mp2kwidzyn.pl\/wp-content\/uploads\/2025\/06\/502669753_996171009398478_6469925211662474988_n.jpg'><img loading=\"lazy\" decoding=\"async\" width=\"577\" height=\"1024\" src=\"https:\/\/mp2kwidzyn.pl\/wp-content\/uploads\/2025\/06\/502669753_996171009398478_6469925211662474988_n-577x1024.jpg\" class=\"attachment-large size-large\" alt=\"\" srcset=\"https:\/\/mp2kwidzyn.pl\/wp-content\/uploads\/2025\/06\/502669753_996171009398478_6469925211662474988_n-577x1024.jpg 577w, https:\/\/mp2kwidzyn.pl\/wp-content\/uploads\/2025\/06\/502669753_996171009398478_6469925211662474988_n-169x300.jpg 169w, https:\/\/mp2kwidzyn.pl\/wp-content\/uploads\/2025\/06\/502669753_996171009398478_6469925211662474988_n-768x1362.jpg 768w, https:\/\/mp2kwidzyn.pl\/wp-content\/uploads\/2025\/06\/502669753_996171009398478_6469925211662474988_n-866x1536.jpg 866w, https:\/\/mp2kwidzyn.pl\/wp-content\/uploads\/2025\/06\/502669753_996171009398478_6469925211662474988_n.jpg 902w\" sizes=\"auto, (max-width: 577px) 100vw, 577px\" \/><\/a>\n\t\t\t\t<\/div>\n\t\t\t\t<div class=\"gl_img\">\n\t\t\t\t\t<a href='https:\/\/mp2kwidzyn.pl\/wp-content\/uploads\/2025\/06\/502669753_996171009398478_6469925211662474988_n.jpg'><img loading=\"lazy\" decoding=\"async\" width=\"169\" height=\"300\" src=\"https:\/\/mp2kwidzyn.pl\/wp-content\/uploads\/2025\/06\/502669753_996171009398478_6469925211662474988_n-169x300.jpg\" class=\"attachment-medium size-medium\" alt=\"\" srcset=\"https:\/\/mp2kwidzyn.pl\/wp-content\/uploads\/2025\/06\/502669753_996171009398478_6469925211662474988_n-169x300.jpg 169w, https:\/\/mp2kwidzyn.pl\/wp-content\/uploads\/2025\/06\/502669753_996171009398478_6469925211662474988_n-577x1024.jpg 577w, https:\/\/mp2kwidzyn.pl\/wp-content\/uploads\/2025\/06\/502669753_996171009398478_6469925211662474988_n-768x1362.jpg 768w, https:\/\/mp2kwidzyn.pl\/wp-content\/uploads\/2025\/06\/502669753_996171009398478_6469925211662474988_n-866x1536.jpg 866w, https:\/\/mp2kwidzyn.pl\/wp-content\/uploads\/2025\/06\/502669753_996171009398478_6469925211662474988_n.jpg 902w\" sizes=\"auto, (max-width: 169px) 100vw, 169px\" \/><\/a>\n\t\t\t\t\t\n\t\t\t\t<\/div>\n\t\t\t\t<div class=\"mask\">\n\t\t\t\t\t<a href=\"#TB_inline?width=600&height=550&inlineId=gallery-2\" class=\"info thickbox\" title=\"Uroczyste zako\u0144czenie przedszkola naszych Biedronek\">Uroczyste zako\u0144czenie przedszkola naszych Biedronek<\/a>\n\t\t\t\t<\/div>\n\t\t\t<\/div>\n\t\t\t<\/div><div class=\"col-md-4 col-lg-4 col-sm-4 gallery-image\">\n\t\t\t<div class=\"gallery view second-effect\">\n\t\t\t\t<div id=\"gallery-3\" style=\"display:none;\">\n\t\t\t\t\t<a href='https:\/\/mp2kwidzyn.pl\/wp-content\/uploads\/2025\/06\/492815859_996170976065148_4464831254617496649_n.jpg'><img loading=\"lazy\" decoding=\"async\" width=\"640\" height=\"361\" src=\"https:\/\/mp2kwidzyn.pl\/wp-content\/uploads\/2025\/06\/492815859_996170976065148_4464831254617496649_n-1024x577.jpg\" class=\"attachment-large size-large\" alt=\"\" srcset=\"https:\/\/mp2kwidzyn.pl\/wp-content\/uploads\/2025\/06\/492815859_996170976065148_4464831254617496649_n-1024x577.jpg 1024w, https:\/\/mp2kwidzyn.pl\/wp-content\/uploads\/2025\/06\/492815859_996170976065148_4464831254617496649_n-300x169.jpg 300w, https:\/\/mp2kwidzyn.pl\/wp-content\/uploads\/2025\/06\/492815859_996170976065148_4464831254617496649_n-768x433.jpg 768w, https:\/\/mp2kwidzyn.pl\/wp-content\/uploads\/2025\/06\/492815859_996170976065148_4464831254617496649_n-1536x866.jpg 1536w, https:\/\/mp2kwidzyn.pl\/wp-content\/uploads\/2025\/06\/492815859_996170976065148_4464831254617496649_n.jpg 1600w\" sizes=\"auto, (max-width: 640px) 100vw, 640px\" \/><\/a>\n\t\t\t\t<\/div>\n\t\t\t\t<div class=\"gl_img\">\n\t\t\t\t\t<a href='https:\/\/mp2kwidzyn.pl\/wp-content\/uploads\/2025\/06\/492815859_996170976065148_4464831254617496649_n.jpg'><img loading=\"lazy\" decoding=\"async\" width=\"300\" height=\"169\" src=\"https:\/\/mp2kwidzyn.pl\/wp-content\/uploads\/2025\/06\/492815859_996170976065148_4464831254617496649_n-300x169.jpg\" class=\"attachment-medium size-medium\" alt=\"\" srcset=\"https:\/\/mp2kwidzyn.pl\/wp-content\/uploads\/2025\/06\/492815859_996170976065148_4464831254617496649_n-300x169.jpg 300w, https:\/\/mp2kwidzyn.pl\/wp-content\/uploads\/2025\/06\/492815859_996170976065148_4464831254617496649_n-1024x577.jpg 1024w, https:\/\/mp2kwidzyn.pl\/wp-content\/uploads\/2025\/06\/492815859_996170976065148_4464831254617496649_n-768x433.jpg 768w, https:\/\/mp2kwidzyn.pl\/wp-content\/uploads\/2025\/06\/492815859_996170976065148_4464831254617496649_n-1536x866.jpg 1536w, https:\/\/mp2kwidzyn.pl\/wp-content\/uploads\/2025\/06\/492815859_996170976065148_4464831254617496649_n.jpg 1600w\" sizes=\"auto, (max-width: 300px) 100vw, 300px\" \/><\/a>\n\t\t\t\t\t\n\t\t\t\t<\/div>\n\t\t\t\t<div class=\"mask\">\n\t\t\t\t\t<a href=\"#TB_inline?width=600&height=550&inlineId=gallery-3\" class=\"info thickbox\" title=\"Uroczyste zako\u0144czenie przedszkola naszych Biedronek\">Uroczyste zako\u0144czenie przedszkola naszych Biedronek<\/a>\n\t\t\t\t<\/div>\n\t\t\t<\/div>\n\t\t\t<\/div><div class=\"col-md-4 col-lg-4 col-sm-4 gallery-image\">\n\t\t\t<div class=\"gallery view second-effect\">\n\t\t\t\t<div id=\"gallery-4\" style=\"display:none;\">\n\t\t\t\t\t<a href='https:\/\/mp2kwidzyn.pl\/wp-content\/uploads\/2025\/06\/498128893_996170936065152_5320342106883660613_n.jpg'><img loading=\"lazy\" decoding=\"async\" width=\"640\" height=\"361\" src=\"https:\/\/mp2kwidzyn.pl\/wp-content\/uploads\/2025\/06\/498128893_996170936065152_5320342106883660613_n-1024x577.jpg\" class=\"attachment-large size-large\" alt=\"\" srcset=\"https:\/\/mp2kwidzyn.pl\/wp-content\/uploads\/2025\/06\/498128893_996170936065152_5320342106883660613_n-1024x577.jpg 1024w, https:\/\/mp2kwidzyn.pl\/wp-content\/uploads\/2025\/06\/498128893_996170936065152_5320342106883660613_n-300x169.jpg 300w, https:\/\/mp2kwidzyn.pl\/wp-content\/uploads\/2025\/06\/498128893_996170936065152_5320342106883660613_n-768x433.jpg 768w, https:\/\/mp2kwidzyn.pl\/wp-content\/uploads\/2025\/06\/498128893_996170936065152_5320342106883660613_n-1536x866.jpg 1536w, https:\/\/mp2kwidzyn.pl\/wp-content\/uploads\/2025\/06\/498128893_996170936065152_5320342106883660613_n.jpg 1600w\" sizes=\"auto, (max-width: 640px) 100vw, 640px\" \/><\/a>\n\t\t\t\t<\/div>\n\t\t\t\t<div class=\"gl_img\">\n\t\t\t\t\t<a href='https:\/\/mp2kwidzyn.pl\/wp-content\/uploads\/2025\/06\/498128893_996170936065152_5320342106883660613_n.jpg'><img loading=\"lazy\" decoding=\"async\" width=\"300\" height=\"169\" src=\"https:\/\/mp2kwidzyn.pl\/wp-content\/uploads\/2025\/06\/498128893_996170936065152_5320342106883660613_n-300x169.jpg\" class=\"attachment-medium size-medium\" alt=\"\" srcset=\"https:\/\/mp2kwidzyn.pl\/wp-content\/uploads\/2025\/06\/498128893_996170936065152_5320342106883660613_n-300x169.jpg 300w, https:\/\/mp2kwidzyn.pl\/wp-content\/uploads\/2025\/06\/498128893_996170936065152_5320342106883660613_n-1024x577.jpg 1024w, https:\/\/mp2kwidzyn.pl\/wp-content\/uploads\/2025\/06\/498128893_996170936065152_5320342106883660613_n-768x433.jpg 768w, https:\/\/mp2kwidzyn.pl\/wp-content\/uploads\/2025\/06\/498128893_996170936065152_5320342106883660613_n-1536x866.jpg 1536w, https:\/\/mp2kwidzyn.pl\/wp-content\/uploads\/2025\/06\/498128893_996170936065152_5320342106883660613_n.jpg 1600w\" sizes=\"auto, (max-width: 300px) 100vw, 300px\" \/><\/a>\n\t\t\t\t\t\n\t\t\t\t<\/div>\n\t\t\t\t<div class=\"mask\">\n\t\t\t\t\t<a href=\"#TB_inline?width=600&height=550&inlineId=gallery-4\" class=\"info thickbox\" title=\"Uroczyste zako\u0144czenie przedszkola naszych Biedronek\">Uroczyste zako\u0144czenie przedszkola naszych Biedronek<\/a>\n\t\t\t\t<\/div>\n\t\t\t<\/div>\n\t\t\t<\/div><div class=\"col-md-4 col-lg-4 col-sm-4 gallery-image\">\n\t\t\t<div class=\"gallery view second-effect\">\n\t\t\t\t<div id=\"gallery-5\" style=\"display:none;\">\n\t\t\t\t\t<a href='https:\/\/mp2kwidzyn.pl\/wp-content\/uploads\/2025\/06\/494555027_996170882731824_470517424206248353_n.jpg'><img loading=\"lazy\" decoding=\"async\" width=\"640\" height=\"361\" src=\"https:\/\/mp2kwidzyn.pl\/wp-content\/uploads\/2025\/06\/494555027_996170882731824_470517424206248353_n-1024x577.jpg\" class=\"attachment-large size-large\" alt=\"\" srcset=\"https:\/\/mp2kwidzyn.pl\/wp-content\/uploads\/2025\/06\/494555027_996170882731824_470517424206248353_n-1024x577.jpg 1024w, https:\/\/mp2kwidzyn.pl\/wp-content\/uploads\/2025\/06\/494555027_996170882731824_470517424206248353_n-300x169.jpg 300w, https:\/\/mp2kwidzyn.pl\/wp-content\/uploads\/2025\/06\/494555027_996170882731824_470517424206248353_n-768x433.jpg 768w, https:\/\/mp2kwidzyn.pl\/wp-content\/uploads\/2025\/06\/494555027_996170882731824_470517424206248353_n-1536x866.jpg 1536w, https:\/\/mp2kwidzyn.pl\/wp-content\/uploads\/2025\/06\/494555027_996170882731824_470517424206248353_n.jpg 1600w\" sizes=\"auto, (max-width: 640px) 100vw, 640px\" \/><\/a>\n\t\t\t\t<\/div>\n\t\t\t\t<div class=\"gl_img\">\n\t\t\t\t\t<a href='https:\/\/mp2kwidzyn.pl\/wp-content\/uploads\/2025\/06\/494555027_996170882731824_470517424206248353_n.jpg'><img loading=\"lazy\" decoding=\"async\" width=\"300\" height=\"169\" src=\"https:\/\/mp2kwidzyn.pl\/wp-content\/uploads\/2025\/06\/494555027_996170882731824_470517424206248353_n-300x169.jpg\" class=\"attachment-medium size-medium\" alt=\"\" srcset=\"https:\/\/mp2kwidzyn.pl\/wp-content\/uploads\/2025\/06\/494555027_996170882731824_470517424206248353_n-300x169.jpg 300w, https:\/\/mp2kwidzyn.pl\/wp-content\/uploads\/2025\/06\/494555027_996170882731824_470517424206248353_n-1024x577.jpg 1024w, https:\/\/mp2kwidzyn.pl\/wp-content\/uploads\/2025\/06\/494555027_996170882731824_470517424206248353_n-768x433.jpg 768w, https:\/\/mp2kwidzyn.pl\/wp-content\/uploads\/2025\/06\/494555027_996170882731824_470517424206248353_n-1536x866.jpg 1536w, https:\/\/mp2kwidzyn.pl\/wp-content\/uploads\/2025\/06\/494555027_996170882731824_470517424206248353_n.jpg 1600w\" sizes=\"auto, (max-width: 300px) 100vw, 300px\" \/><\/a>\n\t\t\t\t\t\n\t\t\t\t<\/div>\n\t\t\t\t<div class=\"mask\">\n\t\t\t\t\t<a href=\"#TB_inline?width=600&height=550&inlineId=gallery-5\" class=\"info thickbox\" title=\"Uroczyste zako\u0144czenie przedszkola naszych Biedronek\">Uroczyste zako\u0144czenie przedszkola naszych Biedronek<\/a>\n\t\t\t\t<\/div>\n\t\t\t<\/div>\n\t\t\t<\/div><div class=\"col-md-4 col-lg-4 col-sm-4 gallery-image\">\n\t\t\t<div class=\"gallery view second-effect\">\n\t\t\t\t<div id=\"gallery-6\" style=\"display:none;\">\n\t\t\t\t\t<a href='https:\/\/mp2kwidzyn.pl\/wp-content\/uploads\/2025\/06\/500793173_996170846065161_1677356303481654180_n.jpg'><img loading=\"lazy\" decoding=\"async\" width=\"640\" height=\"361\" src=\"https:\/\/mp2kwidzyn.pl\/wp-content\/uploads\/2025\/06\/500793173_996170846065161_1677356303481654180_n-1024x577.jpg\" class=\"attachment-large size-large\" alt=\"\" srcset=\"https:\/\/mp2kwidzyn.pl\/wp-content\/uploads\/2025\/06\/500793173_996170846065161_1677356303481654180_n-1024x577.jpg 1024w, https:\/\/mp2kwidzyn.pl\/wp-content\/uploads\/2025\/06\/500793173_996170846065161_1677356303481654180_n-300x169.jpg 300w, https:\/\/mp2kwidzyn.pl\/wp-content\/uploads\/2025\/06\/500793173_996170846065161_1677356303481654180_n-768x433.jpg 768w, https:\/\/mp2kwidzyn.pl\/wp-content\/uploads\/2025\/06\/500793173_996170846065161_1677356303481654180_n-1536x866.jpg 1536w, https:\/\/mp2kwidzyn.pl\/wp-content\/uploads\/2025\/06\/500793173_996170846065161_1677356303481654180_n.jpg 1600w\" sizes=\"auto, (max-width: 640px) 100vw, 640px\" \/><\/a>\n\t\t\t\t<\/div>\n\t\t\t\t<div class=\"gl_img\">\n\t\t\t\t\t<a href='https:\/\/mp2kwidzyn.pl\/wp-content\/uploads\/2025\/06\/500793173_996170846065161_1677356303481654180_n.jpg'><img loading=\"lazy\" decoding=\"async\" width=\"300\" height=\"169\" src=\"https:\/\/mp2kwidzyn.pl\/wp-content\/uploads\/2025\/06\/500793173_996170846065161_1677356303481654180_n-300x169.jpg\" class=\"attachment-medium size-medium\" alt=\"\" srcset=\"https:\/\/mp2kwidzyn.pl\/wp-content\/uploads\/2025\/06\/500793173_996170846065161_1677356303481654180_n-300x169.jpg 300w, https:\/\/mp2kwidzyn.pl\/wp-content\/uploads\/2025\/06\/500793173_996170846065161_1677356303481654180_n-1024x577.jpg 1024w, https:\/\/mp2kwidzyn.pl\/wp-content\/uploads\/2025\/06\/500793173_996170846065161_1677356303481654180_n-768x433.jpg 768w, https:\/\/mp2kwidzyn.pl\/wp-content\/uploads\/2025\/06\/500793173_996170846065161_1677356303481654180_n-1536x866.jpg 1536w, https:\/\/mp2kwidzyn.pl\/wp-content\/uploads\/2025\/06\/500793173_996170846065161_1677356303481654180_n.jpg 1600w\" sizes=\"auto, (max-width: 300px) 100vw, 300px\" \/><\/a>\n\t\t\t\t\t\n\t\t\t\t<\/div>\n\t\t\t\t<div class=\"mask\">\n\t\t\t\t\t<a href=\"#TB_inline?width=600&height=550&inlineId=gallery-6\" class=\"info thickbox\" title=\"Uroczyste zako\u0144czenie przedszkola naszych Biedronek\">Uroczyste zako\u0144czenie przedszkola naszych Biedronek<\/a>\n\t\t\t\t<\/div>\n\t\t\t<\/div>\n\t\t\t<\/div><div class=\"col-md-4 col-lg-4 col-sm-4 gallery-image\">\n\t\t\t<div class=\"gallery view second-effect\">\n\t\t\t\t<div id=\"gallery-7\" style=\"display:none;\">\n\t\t\t\t\t<a href='https:\/\/mp2kwidzyn.pl\/wp-content\/uploads\/2025\/06\/493473686_996170809398498_3719265381764225117_n.jpg'><img loading=\"lazy\" decoding=\"async\" width=\"640\" height=\"361\" src=\"https:\/\/mp2kwidzyn.pl\/wp-content\/uploads\/2025\/06\/493473686_996170809398498_3719265381764225117_n-1024x577.jpg\" class=\"attachment-large size-large\" alt=\"\" srcset=\"https:\/\/mp2kwidzyn.pl\/wp-content\/uploads\/2025\/06\/493473686_996170809398498_3719265381764225117_n-1024x577.jpg 1024w, https:\/\/mp2kwidzyn.pl\/wp-content\/uploads\/2025\/06\/493473686_996170809398498_3719265381764225117_n-300x169.jpg 300w, https:\/\/mp2kwidzyn.pl\/wp-content\/uploads\/2025\/06\/493473686_996170809398498_3719265381764225117_n-768x433.jpg 768w, https:\/\/mp2kwidzyn.pl\/wp-content\/uploads\/2025\/06\/493473686_996170809398498_3719265381764225117_n-1536x866.jpg 1536w, https:\/\/mp2kwidzyn.pl\/wp-content\/uploads\/2025\/06\/493473686_996170809398498_3719265381764225117_n.jpg 1600w\" sizes=\"auto, (max-width: 640px) 100vw, 640px\" \/><\/a>\n\t\t\t\t<\/div>\n\t\t\t\t<div class=\"gl_img\">\n\t\t\t\t\t<a href='https:\/\/mp2kwidzyn.pl\/wp-content\/uploads\/2025\/06\/493473686_996170809398498_3719265381764225117_n.jpg'><img loading=\"lazy\" decoding=\"async\" width=\"300\" height=\"169\" src=\"https:\/\/mp2kwidzyn.pl\/wp-content\/uploads\/2025\/06\/493473686_996170809398498_3719265381764225117_n-300x169.jpg\" class=\"attachment-medium size-medium\" alt=\"\" srcset=\"https:\/\/mp2kwidzyn.pl\/wp-content\/uploads\/2025\/06\/493473686_996170809398498_3719265381764225117_n-300x169.jpg 300w, https:\/\/mp2kwidzyn.pl\/wp-content\/uploads\/2025\/06\/493473686_996170809398498_3719265381764225117_n-1024x577.jpg 1024w, https:\/\/mp2kwidzyn.pl\/wp-content\/uploads\/2025\/06\/493473686_996170809398498_3719265381764225117_n-768x433.jpg 768w, https:\/\/mp2kwidzyn.pl\/wp-content\/uploads\/2025\/06\/493473686_996170809398498_3719265381764225117_n-1536x866.jpg 1536w, https:\/\/mp2kwidzyn.pl\/wp-content\/uploads\/2025\/06\/493473686_996170809398498_3719265381764225117_n.jpg 1600w\" sizes=\"auto, (max-width: 300px) 100vw, 300px\" \/><\/a>\n\t\t\t\t\t\n\t\t\t\t<\/div>\n\t\t\t\t<div class=\"mask\">\n\t\t\t\t\t<a href=\"#TB_inline?width=600&height=550&inlineId=gallery-7\" class=\"info thickbox\" title=\"Uroczyste zako\u0144czenie przedszkola naszych Biedronek\">Uroczyste zako\u0144czenie przedszkola naszych Biedronek<\/a>\n\t\t\t\t<\/div>\n\t\t\t<\/div>\n\t\t\t<\/div><div class=\"col-md-4 col-lg-4 col-sm-4 gallery-image\">\n\t\t\t<div class=\"gallery view second-effect\">\n\t\t\t\t<div id=\"gallery-8\" style=\"display:none;\">\n\t\t\t\t\t<a href='https:\/\/mp2kwidzyn.pl\/wp-content\/uploads\/2025\/06\/498162087_996170759398503_2683147207088049543_n.jpg'><img loading=\"lazy\" decoding=\"async\" width=\"640\" height=\"361\" src=\"https:\/\/mp2kwidzyn.pl\/wp-content\/uploads\/2025\/06\/498162087_996170759398503_2683147207088049543_n-1024x577.jpg\" class=\"attachment-large size-large\" alt=\"\" srcset=\"https:\/\/mp2kwidzyn.pl\/wp-content\/uploads\/2025\/06\/498162087_996170759398503_2683147207088049543_n-1024x577.jpg 1024w, https:\/\/mp2kwidzyn.pl\/wp-content\/uploads\/2025\/06\/498162087_996170759398503_2683147207088049543_n-300x169.jpg 300w, https:\/\/mp2kwidzyn.pl\/wp-content\/uploads\/2025\/06\/498162087_996170759398503_2683147207088049543_n-768x433.jpg 768w, https:\/\/mp2kwidzyn.pl\/wp-content\/uploads\/2025\/06\/498162087_996170759398503_2683147207088049543_n-1536x866.jpg 1536w, https:\/\/mp2kwidzyn.pl\/wp-content\/uploads\/2025\/06\/498162087_996170759398503_2683147207088049543_n.jpg 1600w\" sizes=\"auto, (max-width: 640px) 100vw, 640px\" \/><\/a>\n\t\t\t\t<\/div>\n\t\t\t\t<div class=\"gl_img\">\n\t\t\t\t\t<a href='https:\/\/mp2kwidzyn.pl\/wp-content\/uploads\/2025\/06\/498162087_996170759398503_2683147207088049543_n.jpg'><img loading=\"lazy\" decoding=\"async\" width=\"300\" height=\"169\" src=\"https:\/\/mp2kwidzyn.pl\/wp-content\/uploads\/2025\/06\/498162087_996170759398503_2683147207088049543_n-300x169.jpg\" class=\"attachment-medium size-medium\" alt=\"\" srcset=\"https:\/\/mp2kwidzyn.pl\/wp-content\/uploads\/2025\/06\/498162087_996170759398503_2683147207088049543_n-300x169.jpg 300w, https:\/\/mp2kwidzyn.pl\/wp-content\/uploads\/2025\/06\/498162087_996170759398503_2683147207088049543_n-1024x577.jpg 1024w, https:\/\/mp2kwidzyn.pl\/wp-content\/uploads\/2025\/06\/498162087_996170759398503_2683147207088049543_n-768x433.jpg 768w, https:\/\/mp2kwidzyn.pl\/wp-content\/uploads\/2025\/06\/498162087_996170759398503_2683147207088049543_n-1536x866.jpg 1536w, https:\/\/mp2kwidzyn.pl\/wp-content\/uploads\/2025\/06\/498162087_996170759398503_2683147207088049543_n.jpg 1600w\" sizes=\"auto, (max-width: 300px) 100vw, 300px\" \/><\/a>\n\t\t\t\t\t\n\t\t\t\t<\/div>\n\t\t\t\t<div class=\"mask\">\n\t\t\t\t\t<a href=\"#TB_inline?width=600&height=550&inlineId=gallery-8\" class=\"info thickbox\" title=\"Uroczyste zako\u0144czenie przedszkola naszych Biedronek\">Uroczyste zako\u0144czenie przedszkola naszych Biedronek<\/a>\n\t\t\t\t<\/div>\n\t\t\t<\/div>\n\t\t\t<\/div><div class=\"col-md-4 col-lg-4 col-sm-4 gallery-image\">\n\t\t\t<div class=\"gallery view second-effect\">\n\t\t\t\t<div id=\"gallery-9\" style=\"display:none;\">\n\t\t\t\t\t<a href='https:\/\/mp2kwidzyn.pl\/wp-content\/uploads\/2025\/06\/505911453_996170726065173_8694300121019180194_n.jpg'><img loading=\"lazy\" decoding=\"async\" width=\"640\" height=\"361\" src=\"https:\/\/mp2kwidzyn.pl\/wp-content\/uploads\/2025\/06\/505911453_996170726065173_8694300121019180194_n-1024x577.jpg\" class=\"attachment-large size-large\" alt=\"\" srcset=\"https:\/\/mp2kwidzyn.pl\/wp-content\/uploads\/2025\/06\/505911453_996170726065173_8694300121019180194_n-1024x577.jpg 1024w, https:\/\/mp2kwidzyn.pl\/wp-content\/uploads\/2025\/06\/505911453_996170726065173_8694300121019180194_n-300x169.jpg 300w, https:\/\/mp2kwidzyn.pl\/wp-content\/uploads\/2025\/06\/505911453_996170726065173_8694300121019180194_n-768x433.jpg 768w, https:\/\/mp2kwidzyn.pl\/wp-content\/uploads\/2025\/06\/505911453_996170726065173_8694300121019180194_n-1536x866.jpg 1536w, https:\/\/mp2kwidzyn.pl\/wp-content\/uploads\/2025\/06\/505911453_996170726065173_8694300121019180194_n.jpg 1600w\" sizes=\"auto, (max-width: 640px) 100vw, 640px\" \/><\/a>\n\t\t\t\t<\/div>\n\t\t\t\t<div class=\"gl_img\">\n\t\t\t\t\t<a href='https:\/\/mp2kwidzyn.pl\/wp-content\/uploads\/2025\/06\/505911453_996170726065173_8694300121019180194_n.jpg'><img loading=\"lazy\" decoding=\"async\" width=\"300\" height=\"169\" src=\"https:\/\/mp2kwidzyn.pl\/wp-content\/uploads\/2025\/06\/505911453_996170726065173_8694300121019180194_n-300x169.jpg\" class=\"attachment-medium size-medium\" alt=\"\" srcset=\"https:\/\/mp2kwidzyn.pl\/wp-content\/uploads\/2025\/06\/505911453_996170726065173_8694300121019180194_n-300x169.jpg 300w, https:\/\/mp2kwidzyn.pl\/wp-content\/uploads\/2025\/06\/505911453_996170726065173_8694300121019180194_n-1024x577.jpg 1024w, https:\/\/mp2kwidzyn.pl\/wp-content\/uploads\/2025\/06\/505911453_996170726065173_8694300121019180194_n-768x433.jpg 768w, https:\/\/mp2kwidzyn.pl\/wp-content\/uploads\/2025\/06\/505911453_996170726065173_8694300121019180194_n-1536x866.jpg 1536w, https:\/\/mp2kwidzyn.pl\/wp-content\/uploads\/2025\/06\/505911453_996170726065173_8694300121019180194_n.jpg 1600w\" sizes=\"auto, (max-width: 300px) 100vw, 300px\" \/><\/a>\n\t\t\t\t\t\n\t\t\t\t<\/div>\n\t\t\t\t<div class=\"mask\">\n\t\t\t\t\t<a href=\"#TB_inline?width=600&height=550&inlineId=gallery-9\" class=\"info thickbox\" title=\"Uroczyste zako\u0144czenie przedszkola naszych Biedronek\">Uroczyste zako\u0144czenie przedszkola naszych Biedronek<\/a>\n\t\t\t\t<\/div>\n\t\t\t<\/div>\n\t\t\t<\/div><div class=\"col-md-4 col-lg-4 col-sm-4 gallery-image\">\n\t\t\t<div class=\"gallery view second-effect\">\n\t\t\t\t<div id=\"gallery-10\" style=\"display:none;\">\n\t\t\t\t\t<a href='https:\/\/mp2kwidzyn.pl\/wp-content\/uploads\/2025\/06\/503930688_996170686065177_5072391040508507434_n.jpg'><img loading=\"lazy\" decoding=\"async\" width=\"640\" height=\"361\" src=\"https:\/\/mp2kwidzyn.pl\/wp-content\/uploads\/2025\/06\/503930688_996170686065177_5072391040508507434_n-1024x577.jpg\" class=\"attachment-large size-large\" alt=\"\" srcset=\"https:\/\/mp2kwidzyn.pl\/wp-content\/uploads\/2025\/06\/503930688_996170686065177_5072391040508507434_n-1024x577.jpg 1024w, https:\/\/mp2kwidzyn.pl\/wp-content\/uploads\/2025\/06\/503930688_996170686065177_5072391040508507434_n-300x169.jpg 300w, https:\/\/mp2kwidzyn.pl\/wp-content\/uploads\/2025\/06\/503930688_996170686065177_5072391040508507434_n-768x433.jpg 768w, https:\/\/mp2kwidzyn.pl\/wp-content\/uploads\/2025\/06\/503930688_996170686065177_5072391040508507434_n-1536x866.jpg 1536w, https:\/\/mp2kwidzyn.pl\/wp-content\/uploads\/2025\/06\/503930688_996170686065177_5072391040508507434_n.jpg 1600w\" sizes=\"auto, (max-width: 640px) 100vw, 640px\" \/><\/a>\n\t\t\t\t<\/div>\n\t\t\t\t<div class=\"gl_img\">\n\t\t\t\t\t<a href='https:\/\/mp2kwidzyn.pl\/wp-content\/uploads\/2025\/06\/503930688_996170686065177_5072391040508507434_n.jpg'><img loading=\"lazy\" decoding=\"async\" width=\"300\" height=\"169\" src=\"https:\/\/mp2kwidzyn.pl\/wp-content\/uploads\/2025\/06\/503930688_996170686065177_5072391040508507434_n-300x169.jpg\" class=\"attachment-medium size-medium\" alt=\"\" srcset=\"https:\/\/mp2kwidzyn.pl\/wp-content\/uploads\/2025\/06\/503930688_996170686065177_5072391040508507434_n-300x169.jpg 300w, https:\/\/mp2kwidzyn.pl\/wp-content\/uploads\/2025\/06\/503930688_996170686065177_5072391040508507434_n-1024x577.jpg 1024w, https:\/\/mp2kwidzyn.pl\/wp-content\/uploads\/2025\/06\/503930688_996170686065177_5072391040508507434_n-768x433.jpg 768w, https:\/\/mp2kwidzyn.pl\/wp-content\/uploads\/2025\/06\/503930688_996170686065177_5072391040508507434_n-1536x866.jpg 1536w, https:\/\/mp2kwidzyn.pl\/wp-content\/uploads\/2025\/06\/503930688_996170686065177_5072391040508507434_n.jpg 1600w\" sizes=\"auto, (max-width: 300px) 100vw, 300px\" \/><\/a>\n\t\t\t\t\t\n\t\t\t\t<\/div>\n\t\t\t\t<div class=\"mask\">\n\t\t\t\t\t<a href=\"#TB_inline?width=600&height=550&inlineId=gallery-10\" class=\"info thickbox\" title=\"Uroczyste zako\u0144czenie przedszkola naszych Biedronek\">Uroczyste zako\u0144czenie przedszkola naszych Biedronek<\/a>\n\t\t\t\t<\/div>\n\t\t\t<\/div>\n\t\t\t<\/div><div class=\"col-md-4 col-lg-4 col-sm-4 gallery-image\">\n\t\t\t<div class=\"gallery view second-effect\">\n\t\t\t\t<div id=\"gallery-11\" style=\"display:none;\">\n\t\t\t\t\t<a href='https:\/\/mp2kwidzyn.pl\/wp-content\/uploads\/2025\/06\/492913079_996170652731847_6455745747868320179_n.jpg'><img loading=\"lazy\" decoding=\"async\" width=\"640\" height=\"361\" src=\"https:\/\/mp2kwidzyn.pl\/wp-content\/uploads\/2025\/06\/492913079_996170652731847_6455745747868320179_n-1024x577.jpg\" class=\"attachment-large size-large\" alt=\"\" srcset=\"https:\/\/mp2kwidzyn.pl\/wp-content\/uploads\/2025\/06\/492913079_996170652731847_6455745747868320179_n-1024x577.jpg 1024w, https:\/\/mp2kwidzyn.pl\/wp-content\/uploads\/2025\/06\/492913079_996170652731847_6455745747868320179_n-300x169.jpg 300w, https:\/\/mp2kwidzyn.pl\/wp-content\/uploads\/2025\/06\/492913079_996170652731847_6455745747868320179_n-768x433.jpg 768w, https:\/\/mp2kwidzyn.pl\/wp-content\/uploads\/2025\/06\/492913079_996170652731847_6455745747868320179_n-1536x866.jpg 1536w, https:\/\/mp2kwidzyn.pl\/wp-content\/uploads\/2025\/06\/492913079_996170652731847_6455745747868320179_n.jpg 1600w\" sizes=\"auto, (max-width: 640px) 100vw, 640px\" \/><\/a>\n\t\t\t\t<\/div>\n\t\t\t\t<div class=\"gl_img\">\n\t\t\t\t\t<a href='https:\/\/mp2kwidzyn.pl\/wp-content\/uploads\/2025\/06\/492913079_996170652731847_6455745747868320179_n.jpg'><img loading=\"lazy\" decoding=\"async\" width=\"300\" height=\"169\" src=\"https:\/\/mp2kwidzyn.pl\/wp-content\/uploads\/2025\/06\/492913079_996170652731847_6455745747868320179_n-300x169.jpg\" class=\"attachment-medium size-medium\" alt=\"\" srcset=\"https:\/\/mp2kwidzyn.pl\/wp-content\/uploads\/2025\/06\/492913079_996170652731847_6455745747868320179_n-300x169.jpg 300w, https:\/\/mp2kwidzyn.pl\/wp-content\/uploads\/2025\/06\/492913079_996170652731847_6455745747868320179_n-1024x577.jpg 1024w, https:\/\/mp2kwidzyn.pl\/wp-content\/uploads\/2025\/06\/492913079_996170652731847_6455745747868320179_n-768x433.jpg 768w, https:\/\/mp2kwidzyn.pl\/wp-content\/uploads\/2025\/06\/492913079_996170652731847_6455745747868320179_n-1536x866.jpg 1536w, https:\/\/mp2kwidzyn.pl\/wp-content\/uploads\/2025\/06\/492913079_996170652731847_6455745747868320179_n.jpg 1600w\" sizes=\"auto, (max-width: 300px) 100vw, 300px\" \/><\/a>\n\t\t\t\t\t\n\t\t\t\t<\/div>\n\t\t\t\t<div class=\"mask\">\n\t\t\t\t\t<a href=\"#TB_inline?width=600&height=550&inlineId=gallery-11\" class=\"info thickbox\" title=\"Uroczyste zako\u0144czenie przedszkola naszych Biedronek\">Uroczyste zako\u0144czenie przedszkola naszych Biedronek<\/a>\n\t\t\t\t<\/div>\n\t\t\t<\/div>\n\t\t\t<\/div><div class=\"col-md-4 col-lg-4 col-sm-4 gallery-image\">\n\t\t\t<div class=\"gallery view second-effect\">\n\t\t\t\t<div id=\"gallery-12\" style=\"display:none;\">\n\t\t\t\t\t<a href='https:\/\/mp2kwidzyn.pl\/wp-content\/uploads\/2025\/06\/494093906_996170612731851_7158993337802766688_n.jpg'><img loading=\"lazy\" decoding=\"async\" width=\"640\" height=\"361\" src=\"https:\/\/mp2kwidzyn.pl\/wp-content\/uploads\/2025\/06\/494093906_996170612731851_7158993337802766688_n-1024x577.jpg\" class=\"attachment-large size-large\" alt=\"\" srcset=\"https:\/\/mp2kwidzyn.pl\/wp-content\/uploads\/2025\/06\/494093906_996170612731851_7158993337802766688_n-1024x577.jpg 1024w, https:\/\/mp2kwidzyn.pl\/wp-content\/uploads\/2025\/06\/494093906_996170612731851_7158993337802766688_n-300x169.jpg 300w, https:\/\/mp2kwidzyn.pl\/wp-content\/uploads\/2025\/06\/494093906_996170612731851_7158993337802766688_n-768x433.jpg 768w, https:\/\/mp2kwidzyn.pl\/wp-content\/uploads\/2025\/06\/494093906_996170612731851_7158993337802766688_n-1536x866.jpg 1536w, https:\/\/mp2kwidzyn.pl\/wp-content\/uploads\/2025\/06\/494093906_996170612731851_7158993337802766688_n.jpg 1600w\" sizes=\"auto, (max-width: 640px) 100vw, 640px\" \/><\/a>\n\t\t\t\t<\/div>\n\t\t\t\t<div class=\"gl_img\">\n\t\t\t\t\t<a href='https:\/\/mp2kwidzyn.pl\/wp-content\/uploads\/2025\/06\/494093906_996170612731851_7158993337802766688_n.jpg'><img loading=\"lazy\" decoding=\"async\" width=\"300\" height=\"169\" src=\"https:\/\/mp2kwidzyn.pl\/wp-content\/uploads\/2025\/06\/494093906_996170612731851_7158993337802766688_n-300x169.jpg\" class=\"attachment-medium size-medium\" alt=\"\" srcset=\"https:\/\/mp2kwidzyn.pl\/wp-content\/uploads\/2025\/06\/494093906_996170612731851_7158993337802766688_n-300x169.jpg 300w, https:\/\/mp2kwidzyn.pl\/wp-content\/uploads\/2025\/06\/494093906_996170612731851_7158993337802766688_n-1024x577.jpg 1024w, https:\/\/mp2kwidzyn.pl\/wp-content\/uploads\/2025\/06\/494093906_996170612731851_7158993337802766688_n-768x433.jpg 768w, https:\/\/mp2kwidzyn.pl\/wp-content\/uploads\/2025\/06\/494093906_996170612731851_7158993337802766688_n-1536x866.jpg 1536w, https:\/\/mp2kwidzyn.pl\/wp-content\/uploads\/2025\/06\/494093906_996170612731851_7158993337802766688_n.jpg 1600w\" sizes=\"auto, (max-width: 300px) 100vw, 300px\" \/><\/a>\n\t\t\t\t\t\n\t\t\t\t<\/div>\n\t\t\t\t<div class=\"mask\">\n\t\t\t\t\t<a href=\"#TB_inline?width=600&height=550&inlineId=gallery-12\" class=\"info thickbox\" title=\"Uroczyste zako\u0144czenie przedszkola naszych Biedronek\">Uroczyste zako\u0144czenie przedszkola naszych Biedronek<\/a>\n\t\t\t\t<\/div>\n\t\t\t<\/div>\n\t\t\t<\/div><div class=\"col-md-4 col-lg-4 col-sm-4 gallery-image\">\n\t\t\t<div class=\"gallery view second-effect\">\n\t\t\t\t<div id=\"gallery-13\" style=\"display:none;\">\n\t\t\t\t\t<a href='https:\/\/mp2kwidzyn.pl\/wp-content\/uploads\/2025\/06\/499721633_996170572731855_7891189632878335201_n.jpg'><img loading=\"lazy\" decoding=\"async\" width=\"640\" height=\"361\" src=\"https:\/\/mp2kwidzyn.pl\/wp-content\/uploads\/2025\/06\/499721633_996170572731855_7891189632878335201_n-1024x577.jpg\" class=\"attachment-large size-large\" alt=\"\" srcset=\"https:\/\/mp2kwidzyn.pl\/wp-content\/uploads\/2025\/06\/499721633_996170572731855_7891189632878335201_n-1024x577.jpg 1024w, https:\/\/mp2kwidzyn.pl\/wp-content\/uploads\/2025\/06\/499721633_996170572731855_7891189632878335201_n-300x169.jpg 300w, https:\/\/mp2kwidzyn.pl\/wp-content\/uploads\/2025\/06\/499721633_996170572731855_7891189632878335201_n-768x433.jpg 768w, https:\/\/mp2kwidzyn.pl\/wp-content\/uploads\/2025\/06\/499721633_996170572731855_7891189632878335201_n-1536x866.jpg 1536w, https:\/\/mp2kwidzyn.pl\/wp-content\/uploads\/2025\/06\/499721633_996170572731855_7891189632878335201_n.jpg 1600w\" sizes=\"auto, (max-width: 640px) 100vw, 640px\" \/><\/a>\n\t\t\t\t<\/div>\n\t\t\t\t<div class=\"gl_img\">\n\t\t\t\t\t<a href='https:\/\/mp2kwidzyn.pl\/wp-content\/uploads\/2025\/06\/499721633_996170572731855_7891189632878335201_n.jpg'><img loading=\"lazy\" decoding=\"async\" width=\"300\" height=\"169\" src=\"https:\/\/mp2kwidzyn.pl\/wp-content\/uploads\/2025\/06\/499721633_996170572731855_7891189632878335201_n-300x169.jpg\" class=\"attachment-medium size-medium\" alt=\"\" srcset=\"https:\/\/mp2kwidzyn.pl\/wp-content\/uploads\/2025\/06\/499721633_996170572731855_7891189632878335201_n-300x169.jpg 300w, https:\/\/mp2kwidzyn.pl\/wp-content\/uploads\/2025\/06\/499721633_996170572731855_7891189632878335201_n-1024x577.jpg 1024w, https:\/\/mp2kwidzyn.pl\/wp-content\/uploads\/2025\/06\/499721633_996170572731855_7891189632878335201_n-768x433.jpg 768w, https:\/\/mp2kwidzyn.pl\/wp-content\/uploads\/2025\/06\/499721633_996170572731855_7891189632878335201_n-1536x866.jpg 1536w, https:\/\/mp2kwidzyn.pl\/wp-content\/uploads\/2025\/06\/499721633_996170572731855_7891189632878335201_n.jpg 1600w\" sizes=\"auto, (max-width: 300px) 100vw, 300px\" \/><\/a>\n\t\t\t\t\t\n\t\t\t\t<\/div>\n\t\t\t\t<div class=\"mask\">\n\t\t\t\t\t<a href=\"#TB_inline?width=600&height=550&inlineId=gallery-13\" class=\"info thickbox\" title=\"Uroczyste zako\u0144czenie przedszkola naszych Biedronek\">Uroczyste zako\u0144czenie przedszkola naszych Biedronek<\/a>\n\t\t\t\t<\/div>\n\t\t\t<\/div>\n\t\t\t<\/div><div class=\"col-md-4 col-lg-4 col-sm-4 gallery-image\">\n\t\t\t<div class=\"gallery view second-effect\">\n\t\t\t\t<div id=\"gallery-14\" style=\"display:none;\">\n\t\t\t\t\t<a href='https:\/\/mp2kwidzyn.pl\/wp-content\/uploads\/2025\/06\/497060244_996170519398527_4692745905460706503_n.jpg'><img loading=\"lazy\" decoding=\"async\" width=\"640\" height=\"361\" src=\"https:\/\/mp2kwidzyn.pl\/wp-content\/uploads\/2025\/06\/497060244_996170519398527_4692745905460706503_n-1024x577.jpg\" class=\"attachment-large size-large\" alt=\"\" srcset=\"https:\/\/mp2kwidzyn.pl\/wp-content\/uploads\/2025\/06\/497060244_996170519398527_4692745905460706503_n-1024x577.jpg 1024w, https:\/\/mp2kwidzyn.pl\/wp-content\/uploads\/2025\/06\/497060244_996170519398527_4692745905460706503_n-300x169.jpg 300w, https:\/\/mp2kwidzyn.pl\/wp-content\/uploads\/2025\/06\/497060244_996170519398527_4692745905460706503_n-768x433.jpg 768w, https:\/\/mp2kwidzyn.pl\/wp-content\/uploads\/2025\/06\/497060244_996170519398527_4692745905460706503_n-1536x866.jpg 1536w, https:\/\/mp2kwidzyn.pl\/wp-content\/uploads\/2025\/06\/497060244_996170519398527_4692745905460706503_n.jpg 1600w\" sizes=\"auto, (max-width: 640px) 100vw, 640px\" \/><\/a>\n\t\t\t\t<\/div>\n\t\t\t\t<div class=\"gl_img\">\n\t\t\t\t\t<a href='https:\/\/mp2kwidzyn.pl\/wp-content\/uploads\/2025\/06\/497060244_996170519398527_4692745905460706503_n.jpg'><img loading=\"lazy\" decoding=\"async\" width=\"300\" height=\"169\" src=\"https:\/\/mp2kwidzyn.pl\/wp-content\/uploads\/2025\/06\/497060244_996170519398527_4692745905460706503_n-300x169.jpg\" class=\"attachment-medium size-medium\" alt=\"\" srcset=\"https:\/\/mp2kwidzyn.pl\/wp-content\/uploads\/2025\/06\/497060244_996170519398527_4692745905460706503_n-300x169.jpg 300w, https:\/\/mp2kwidzyn.pl\/wp-content\/uploads\/2025\/06\/497060244_996170519398527_4692745905460706503_n-1024x577.jpg 1024w, https:\/\/mp2kwidzyn.pl\/wp-content\/uploads\/2025\/06\/497060244_996170519398527_4692745905460706503_n-768x433.jpg 768w, https:\/\/mp2kwidzyn.pl\/wp-content\/uploads\/2025\/06\/497060244_996170519398527_4692745905460706503_n-1536x866.jpg 1536w, https:\/\/mp2kwidzyn.pl\/wp-content\/uploads\/2025\/06\/497060244_996170519398527_4692745905460706503_n.jpg 1600w\" sizes=\"auto, (max-width: 300px) 100vw, 300px\" \/><\/a>\n\t\t\t\t\t\n\t\t\t\t<\/div>\n\t\t\t\t<div class=\"mask\">\n\t\t\t\t\t<a href=\"#TB_inline?width=600&height=550&inlineId=gallery-14\" class=\"info thickbox\" title=\"Uroczyste zako\u0144czenie przedszkola naszych Biedronek\">Uroczyste zako\u0144czenie przedszkola naszych Biedronek<\/a>\n\t\t\t\t<\/div>\n\t\t\t<\/div>\n\t\t\t<\/div><div class=\"col-md-4 col-lg-4 col-sm-4 gallery-image\">\n\t\t\t<div class=\"gallery view second-effect\">\n\t\t\t\t<div id=\"gallery-15\" style=\"display:none;\">\n\t\t\t\t\t<a href='https:\/\/mp2kwidzyn.pl\/wp-content\/uploads\/2025\/06\/494153467_996170469398532_6336027399560528002_n.jpg'><img loading=\"lazy\" decoding=\"async\" width=\"640\" height=\"361\" src=\"https:\/\/mp2kwidzyn.pl\/wp-content\/uploads\/2025\/06\/494153467_996170469398532_6336027399560528002_n-1024x577.jpg\" class=\"attachment-large size-large\" alt=\"\" srcset=\"https:\/\/mp2kwidzyn.pl\/wp-content\/uploads\/2025\/06\/494153467_996170469398532_6336027399560528002_n-1024x577.jpg 1024w, https:\/\/mp2kwidzyn.pl\/wp-content\/uploads\/2025\/06\/494153467_996170469398532_6336027399560528002_n-300x169.jpg 300w, https:\/\/mp2kwidzyn.pl\/wp-content\/uploads\/2025\/06\/494153467_996170469398532_6336027399560528002_n-768x433.jpg 768w, https:\/\/mp2kwidzyn.pl\/wp-content\/uploads\/2025\/06\/494153467_996170469398532_6336027399560528002_n-1536x866.jpg 1536w, https:\/\/mp2kwidzyn.pl\/wp-content\/uploads\/2025\/06\/494153467_996170469398532_6336027399560528002_n.jpg 1600w\" sizes=\"auto, (max-width: 640px) 100vw, 640px\" \/><\/a>\n\t\t\t\t<\/div>\n\t\t\t\t<div class=\"gl_img\">\n\t\t\t\t\t<a href='https:\/\/mp2kwidzyn.pl\/wp-content\/uploads\/2025\/06\/494153467_996170469398532_6336027399560528002_n.jpg'><img loading=\"lazy\" decoding=\"async\" width=\"300\" height=\"169\" src=\"https:\/\/mp2kwidzyn.pl\/wp-content\/uploads\/2025\/06\/494153467_996170469398532_6336027399560528002_n-300x169.jpg\" class=\"attachment-medium size-medium\" alt=\"\" srcset=\"https:\/\/mp2kwidzyn.pl\/wp-content\/uploads\/2025\/06\/494153467_996170469398532_6336027399560528002_n-300x169.jpg 300w, https:\/\/mp2kwidzyn.pl\/wp-content\/uploads\/2025\/06\/494153467_996170469398532_6336027399560528002_n-1024x577.jpg 1024w, https:\/\/mp2kwidzyn.pl\/wp-content\/uploads\/2025\/06\/494153467_996170469398532_6336027399560528002_n-768x433.jpg 768w, https:\/\/mp2kwidzyn.pl\/wp-content\/uploads\/2025\/06\/494153467_996170469398532_6336027399560528002_n-1536x866.jpg 1536w, https:\/\/mp2kwidzyn.pl\/wp-content\/uploads\/2025\/06\/494153467_996170469398532_6336027399560528002_n.jpg 1600w\" sizes=\"auto, (max-width: 300px) 100vw, 300px\" \/><\/a>\n\t\t\t\t\t\n\t\t\t\t<\/div>\n\t\t\t\t<div class=\"mask\">\n\t\t\t\t\t<a href=\"#TB_inline?width=600&height=550&inlineId=gallery-15\" class=\"info thickbox\" title=\"Uroczyste zako\u0144czenie przedszkola naszych Biedronek\">Uroczyste zako\u0144czenie przedszkola naszych Biedronek<\/a>\n\t\t\t\t<\/div>\n\t\t\t<\/div>\n\t\t\t<\/div><div class=\"col-md-4 col-lg-4 col-sm-4 gallery-image\">\n\t\t\t<div class=\"gallery view second-effect\">\n\t\t\t\t<div id=\"gallery-16\" style=\"display:none;\">\n\t\t\t\t\t<a href='https:\/\/mp2kwidzyn.pl\/wp-content\/uploads\/2025\/06\/505356877_996170426065203_7545293023225304656_n.jpg'><img loading=\"lazy\" decoding=\"async\" width=\"640\" height=\"361\" src=\"https:\/\/mp2kwidzyn.pl\/wp-content\/uploads\/2025\/06\/505356877_996170426065203_7545293023225304656_n-1024x577.jpg\" class=\"attachment-large size-large\" alt=\"\" srcset=\"https:\/\/mp2kwidzyn.pl\/wp-content\/uploads\/2025\/06\/505356877_996170426065203_7545293023225304656_n-1024x577.jpg 1024w, https:\/\/mp2kwidzyn.pl\/wp-content\/uploads\/2025\/06\/505356877_996170426065203_7545293023225304656_n-300x169.jpg 300w, https:\/\/mp2kwidzyn.pl\/wp-content\/uploads\/2025\/06\/505356877_996170426065203_7545293023225304656_n-768x433.jpg 768w, https:\/\/mp2kwidzyn.pl\/wp-content\/uploads\/2025\/06\/505356877_996170426065203_7545293023225304656_n-1536x866.jpg 1536w, https:\/\/mp2kwidzyn.pl\/wp-content\/uploads\/2025\/06\/505356877_996170426065203_7545293023225304656_n.jpg 1600w\" sizes=\"auto, (max-width: 640px) 100vw, 640px\" \/><\/a>\n\t\t\t\t<\/div>\n\t\t\t\t<div class=\"gl_img\">\n\t\t\t\t\t<a href='https:\/\/mp2kwidzyn.pl\/wp-content\/uploads\/2025\/06\/505356877_996170426065203_7545293023225304656_n.jpg'><img loading=\"lazy\" decoding=\"async\" width=\"300\" height=\"169\" src=\"https:\/\/mp2kwidzyn.pl\/wp-content\/uploads\/2025\/06\/505356877_996170426065203_7545293023225304656_n-300x169.jpg\" class=\"attachment-medium size-medium\" alt=\"\" srcset=\"https:\/\/mp2kwidzyn.pl\/wp-content\/uploads\/2025\/06\/505356877_996170426065203_7545293023225304656_n-300x169.jpg 300w, https:\/\/mp2kwidzyn.pl\/wp-content\/uploads\/2025\/06\/505356877_996170426065203_7545293023225304656_n-1024x577.jpg 1024w, https:\/\/mp2kwidzyn.pl\/wp-content\/uploads\/2025\/06\/505356877_996170426065203_7545293023225304656_n-768x433.jpg 768w, https:\/\/mp2kwidzyn.pl\/wp-content\/uploads\/2025\/06\/505356877_996170426065203_7545293023225304656_n-1536x866.jpg 1536w, https:\/\/mp2kwidzyn.pl\/wp-content\/uploads\/2025\/06\/505356877_996170426065203_7545293023225304656_n.jpg 1600w\" sizes=\"auto, (max-width: 300px) 100vw, 300px\" \/><\/a>\n\t\t\t\t\t\n\t\t\t\t<\/div>\n\t\t\t\t<div class=\"mask\">\n\t\t\t\t\t<a href=\"#TB_inline?width=600&height=550&inlineId=gallery-16\" class=\"info thickbox\" title=\"Uroczyste zako\u0144czenie przedszkola naszych Biedronek\">Uroczyste zako\u0144czenie przedszkola naszych Biedronek<\/a>\n\t\t\t\t<\/div>\n\t\t\t<\/div>\n\t\t\t<\/div><div class=\"col-md-4 col-lg-4 col-sm-4 gallery-image\">\n\t\t\t<div class=\"gallery view second-effect\">\n\t\t\t\t<div id=\"gallery-17\" style=\"display:none;\">\n\t\t\t\t\t<a href='https:\/\/mp2kwidzyn.pl\/wp-content\/uploads\/2025\/06\/494312577_996170392731873_7002930834438571176_n.jpg'><img loading=\"lazy\" decoding=\"async\" width=\"640\" height=\"361\" src=\"https:\/\/mp2kwidzyn.pl\/wp-content\/uploads\/2025\/06\/494312577_996170392731873_7002930834438571176_n-1024x577.jpg\" class=\"attachment-large size-large\" alt=\"\" srcset=\"https:\/\/mp2kwidzyn.pl\/wp-content\/uploads\/2025\/06\/494312577_996170392731873_7002930834438571176_n-1024x577.jpg 1024w, https:\/\/mp2kwidzyn.pl\/wp-content\/uploads\/2025\/06\/494312577_996170392731873_7002930834438571176_n-300x169.jpg 300w, https:\/\/mp2kwidzyn.pl\/wp-content\/uploads\/2025\/06\/494312577_996170392731873_7002930834438571176_n-768x433.jpg 768w, https:\/\/mp2kwidzyn.pl\/wp-content\/uploads\/2025\/06\/494312577_996170392731873_7002930834438571176_n-1536x866.jpg 1536w, https:\/\/mp2kwidzyn.pl\/wp-content\/uploads\/2025\/06\/494312577_996170392731873_7002930834438571176_n.jpg 1600w\" sizes=\"auto, (max-width: 640px) 100vw, 640px\" \/><\/a>\n\t\t\t\t<\/div>\n\t\t\t\t<div class=\"gl_img\">\n\t\t\t\t\t<a href='https:\/\/mp2kwidzyn.pl\/wp-content\/uploads\/2025\/06\/494312577_996170392731873_7002930834438571176_n.jpg'><img loading=\"lazy\" decoding=\"async\" width=\"300\" height=\"169\" src=\"https:\/\/mp2kwidzyn.pl\/wp-content\/uploads\/2025\/06\/494312577_996170392731873_7002930834438571176_n-300x169.jpg\" class=\"attachment-medium size-medium\" alt=\"\" srcset=\"https:\/\/mp2kwidzyn.pl\/wp-content\/uploads\/2025\/06\/494312577_996170392731873_7002930834438571176_n-300x169.jpg 300w, https:\/\/mp2kwidzyn.pl\/wp-content\/uploads\/2025\/06\/494312577_996170392731873_7002930834438571176_n-1024x577.jpg 1024w, https:\/\/mp2kwidzyn.pl\/wp-content\/uploads\/2025\/06\/494312577_996170392731873_7002930834438571176_n-768x433.jpg 768w, https:\/\/mp2kwidzyn.pl\/wp-content\/uploads\/2025\/06\/494312577_996170392731873_7002930834438571176_n-1536x866.jpg 1536w, https:\/\/mp2kwidzyn.pl\/wp-content\/uploads\/2025\/06\/494312577_996170392731873_7002930834438571176_n.jpg 1600w\" sizes=\"auto, (max-width: 300px) 100vw, 300px\" \/><\/a>\n\t\t\t\t\t\n\t\t\t\t<\/div>\n\t\t\t\t<div class=\"mask\">\n\t\t\t\t\t<a href=\"#TB_inline?width=600&height=550&inlineId=gallery-17\" class=\"info thickbox\" title=\"Uroczyste zako\u0144czenie przedszkola naszych Biedronek\">Uroczyste zako\u0144czenie przedszkola naszych Biedronek<\/a>\n\t\t\t\t<\/div>\n\t\t\t<\/div>\n\t\t\t<\/div><div class=\"col-md-4 col-lg-4 col-sm-4 gallery-image\">\n\t\t\t<div class=\"gallery view second-effect\">\n\t\t\t\t<div id=\"gallery-18\" style=\"display:none;\">\n\t\t\t\t\t<a href='https:\/\/mp2kwidzyn.pl\/wp-content\/uploads\/2025\/06\/497774125_996170329398546_7849153927644326767_n.jpg'><img loading=\"lazy\" decoding=\"async\" width=\"640\" height=\"361\" src=\"https:\/\/mp2kwidzyn.pl\/wp-content\/uploads\/2025\/06\/497774125_996170329398546_7849153927644326767_n-1024x577.jpg\" class=\"attachment-large size-large\" alt=\"\" srcset=\"https:\/\/mp2kwidzyn.pl\/wp-content\/uploads\/2025\/06\/497774125_996170329398546_7849153927644326767_n-1024x577.jpg 1024w, https:\/\/mp2kwidzyn.pl\/wp-content\/uploads\/2025\/06\/497774125_996170329398546_7849153927644326767_n-300x169.jpg 300w, https:\/\/mp2kwidzyn.pl\/wp-content\/uploads\/2025\/06\/497774125_996170329398546_7849153927644326767_n-768x433.jpg 768w, https:\/\/mp2kwidzyn.pl\/wp-content\/uploads\/2025\/06\/497774125_996170329398546_7849153927644326767_n-1536x866.jpg 1536w, https:\/\/mp2kwidzyn.pl\/wp-content\/uploads\/2025\/06\/497774125_996170329398546_7849153927644326767_n.jpg 1600w\" sizes=\"auto, (max-width: 640px) 100vw, 640px\" \/><\/a>\n\t\t\t\t<\/div>\n\t\t\t\t<div class=\"gl_img\">\n\t\t\t\t\t<a href='https:\/\/mp2kwidzyn.pl\/wp-content\/uploads\/2025\/06\/497774125_996170329398546_7849153927644326767_n.jpg'><img loading=\"lazy\" decoding=\"async\" width=\"300\" height=\"169\" src=\"https:\/\/mp2kwidzyn.pl\/wp-content\/uploads\/2025\/06\/497774125_996170329398546_7849153927644326767_n-300x169.jpg\" class=\"attachment-medium size-medium\" alt=\"\" srcset=\"https:\/\/mp2kwidzyn.pl\/wp-content\/uploads\/2025\/06\/497774125_996170329398546_7849153927644326767_n-300x169.jpg 300w, https:\/\/mp2kwidzyn.pl\/wp-content\/uploads\/2025\/06\/497774125_996170329398546_7849153927644326767_n-1024x577.jpg 1024w, https:\/\/mp2kwidzyn.pl\/wp-content\/uploads\/2025\/06\/497774125_996170329398546_7849153927644326767_n-768x433.jpg 768w, https:\/\/mp2kwidzyn.pl\/wp-content\/uploads\/2025\/06\/497774125_996170329398546_7849153927644326767_n-1536x866.jpg 1536w, https:\/\/mp2kwidzyn.pl\/wp-content\/uploads\/2025\/06\/497774125_996170329398546_7849153927644326767_n.jpg 1600w\" sizes=\"auto, (max-width: 300px) 100vw, 300px\" \/><\/a>\n\t\t\t\t\t\n\t\t\t\t<\/div>\n\t\t\t\t<div class=\"mask\">\n\t\t\t\t\t<a href=\"#TB_inline?width=600&height=550&inlineId=gallery-18\" class=\"info thickbox\" title=\"Uroczyste zako\u0144czenie przedszkola naszych Biedronek\">Uroczyste zako\u0144czenie przedszkola naszych Biedronek<\/a>\n\t\t\t\t<\/div>\n\t\t\t<\/div>\n\t\t\t<\/div><div class=\"col-md-4 col-lg-4 col-sm-4 gallery-image\">\n\t\t\t<div class=\"gallery view second-effect\">\n\t\t\t\t<div id=\"gallery-19\" style=\"display:none;\">\n\t\t\t\t\t<a href='https:\/\/mp2kwidzyn.pl\/wp-content\/uploads\/2025\/06\/504274023_996170299398549_47736504823759542_n.jpg'><img loading=\"lazy\" decoding=\"async\" width=\"640\" height=\"361\" src=\"https:\/\/mp2kwidzyn.pl\/wp-content\/uploads\/2025\/06\/504274023_996170299398549_47736504823759542_n-1024x577.jpg\" class=\"attachment-large size-large\" alt=\"\" srcset=\"https:\/\/mp2kwidzyn.pl\/wp-content\/uploads\/2025\/06\/504274023_996170299398549_47736504823759542_n-1024x577.jpg 1024w, https:\/\/mp2kwidzyn.pl\/wp-content\/uploads\/2025\/06\/504274023_996170299398549_47736504823759542_n-300x169.jpg 300w, https:\/\/mp2kwidzyn.pl\/wp-content\/uploads\/2025\/06\/504274023_996170299398549_47736504823759542_n-768x433.jpg 768w, https:\/\/mp2kwidzyn.pl\/wp-content\/uploads\/2025\/06\/504274023_996170299398549_47736504823759542_n-1536x866.jpg 1536w, https:\/\/mp2kwidzyn.pl\/wp-content\/uploads\/2025\/06\/504274023_996170299398549_47736504823759542_n.jpg 1600w\" sizes=\"auto, (max-width: 640px) 100vw, 640px\" \/><\/a>\n\t\t\t\t<\/div>\n\t\t\t\t<div class=\"gl_img\">\n\t\t\t\t\t<a href='https:\/\/mp2kwidzyn.pl\/wp-content\/uploads\/2025\/06\/504274023_996170299398549_47736504823759542_n.jpg'><img loading=\"lazy\" decoding=\"async\" width=\"300\" height=\"169\" src=\"https:\/\/mp2kwidzyn.pl\/wp-content\/uploads\/2025\/06\/504274023_996170299398549_47736504823759542_n-300x169.jpg\" class=\"attachment-medium size-medium\" alt=\"\" srcset=\"https:\/\/mp2kwidzyn.pl\/wp-content\/uploads\/2025\/06\/504274023_996170299398549_47736504823759542_n-300x169.jpg 300w, https:\/\/mp2kwidzyn.pl\/wp-content\/uploads\/2025\/06\/504274023_996170299398549_47736504823759542_n-1024x577.jpg 1024w, https:\/\/mp2kwidzyn.pl\/wp-content\/uploads\/2025\/06\/504274023_996170299398549_47736504823759542_n-768x433.jpg 768w, https:\/\/mp2kwidzyn.pl\/wp-content\/uploads\/2025\/06\/504274023_996170299398549_47736504823759542_n-1536x866.jpg 1536w, https:\/\/mp2kwidzyn.pl\/wp-content\/uploads\/2025\/06\/504274023_996170299398549_47736504823759542_n.jpg 1600w\" sizes=\"auto, (max-width: 300px) 100vw, 300px\" \/><\/a>\n\t\t\t\t\t\n\t\t\t\t<\/div>\n\t\t\t\t<div class=\"mask\">\n\t\t\t\t\t<a href=\"#TB_inline?width=600&height=550&inlineId=gallery-19\" class=\"info thickbox\" title=\"Uroczyste zako\u0144czenie przedszkola naszych Biedronek\">Uroczyste zako\u0144czenie przedszkola naszych Biedronek<\/a>\n\t\t\t\t<\/div>\n\t\t\t<\/div>\n\t\t\t<\/div><div class=\"col-md-4 col-lg-4 col-sm-4 gallery-image\">\n\t\t\t<div class=\"gallery view second-effect\">\n\t\t\t\t<div id=\"gallery-20\" style=\"display:none;\">\n\t\t\t\t\t<a href='https:\/\/mp2kwidzyn.pl\/wp-content\/uploads\/2025\/06\/493225577_996170256065220_1562102096343422083_n.jpg'><img loading=\"lazy\" decoding=\"async\" width=\"640\" height=\"361\" src=\"https:\/\/mp2kwidzyn.pl\/wp-content\/uploads\/2025\/06\/493225577_996170256065220_1562102096343422083_n-1024x577.jpg\" class=\"attachment-large size-large\" alt=\"\" srcset=\"https:\/\/mp2kwidzyn.pl\/wp-content\/uploads\/2025\/06\/493225577_996170256065220_1562102096343422083_n-1024x577.jpg 1024w, https:\/\/mp2kwidzyn.pl\/wp-content\/uploads\/2025\/06\/493225577_996170256065220_1562102096343422083_n-300x169.jpg 300w, https:\/\/mp2kwidzyn.pl\/wp-content\/uploads\/2025\/06\/493225577_996170256065220_1562102096343422083_n-768x433.jpg 768w, https:\/\/mp2kwidzyn.pl\/wp-content\/uploads\/2025\/06\/493225577_996170256065220_1562102096343422083_n-1536x866.jpg 1536w, https:\/\/mp2kwidzyn.pl\/wp-content\/uploads\/2025\/06\/493225577_996170256065220_1562102096343422083_n.jpg 1600w\" sizes=\"auto, (max-width: 640px) 100vw, 640px\" \/><\/a>\n\t\t\t\t<\/div>\n\t\t\t\t<div class=\"gl_img\">\n\t\t\t\t\t<a href='https:\/\/mp2kwidzyn.pl\/wp-content\/uploads\/2025\/06\/493225577_996170256065220_1562102096343422083_n.jpg'><img loading=\"lazy\" decoding=\"async\" width=\"300\" height=\"169\" src=\"https:\/\/mp2kwidzyn.pl\/wp-content\/uploads\/2025\/06\/493225577_996170256065220_1562102096343422083_n-300x169.jpg\" class=\"attachment-medium size-medium\" alt=\"\" srcset=\"https:\/\/mp2kwidzyn.pl\/wp-content\/uploads\/2025\/06\/493225577_996170256065220_1562102096343422083_n-300x169.jpg 300w, https:\/\/mp2kwidzyn.pl\/wp-content\/uploads\/2025\/06\/493225577_996170256065220_1562102096343422083_n-1024x577.jpg 1024w, https:\/\/mp2kwidzyn.pl\/wp-content\/uploads\/2025\/06\/493225577_996170256065220_1562102096343422083_n-768x433.jpg 768w, https:\/\/mp2kwidzyn.pl\/wp-content\/uploads\/2025\/06\/493225577_996170256065220_1562102096343422083_n-1536x866.jpg 1536w, https:\/\/mp2kwidzyn.pl\/wp-content\/uploads\/2025\/06\/493225577_996170256065220_1562102096343422083_n.jpg 1600w\" sizes=\"auto, (max-width: 300px) 100vw, 300px\" \/><\/a>\n\t\t\t\t\t\n\t\t\t\t<\/div>\n\t\t\t\t<div class=\"mask\">\n\t\t\t\t\t<a href=\"#TB_inline?width=600&height=550&inlineId=gallery-20\" class=\"info thickbox\" title=\"Uroczyste zako\u0144czenie przedszkola naszych Biedronek\">Uroczyste zako\u0144czenie przedszkola naszych Biedronek<\/a>\n\t\t\t\t<\/div>\n\t\t\t<\/div>\n\t\t\t<\/div><div class=\"col-md-4 col-lg-4 col-sm-4 gallery-image\">\n\t\t\t<div class=\"gallery view second-effect\">\n\t\t\t\t<div id=\"gallery-21\" style=\"display:none;\">\n\t\t\t\t\t<a href='https:\/\/mp2kwidzyn.pl\/wp-content\/uploads\/2025\/06\/494991332_996170202731892_2581130455781458856_n.jpg'><img loading=\"lazy\" decoding=\"async\" width=\"640\" height=\"361\" src=\"https:\/\/mp2kwidzyn.pl\/wp-content\/uploads\/2025\/06\/494991332_996170202731892_2581130455781458856_n-1024x577.jpg\" class=\"attachment-large size-large\" alt=\"\" srcset=\"https:\/\/mp2kwidzyn.pl\/wp-content\/uploads\/2025\/06\/494991332_996170202731892_2581130455781458856_n-1024x577.jpg 1024w, https:\/\/mp2kwidzyn.pl\/wp-content\/uploads\/2025\/06\/494991332_996170202731892_2581130455781458856_n-300x169.jpg 300w, https:\/\/mp2kwidzyn.pl\/wp-content\/uploads\/2025\/06\/494991332_996170202731892_2581130455781458856_n-768x433.jpg 768w, https:\/\/mp2kwidzyn.pl\/wp-content\/uploads\/2025\/06\/494991332_996170202731892_2581130455781458856_n-1536x866.jpg 1536w, https:\/\/mp2kwidzyn.pl\/wp-content\/uploads\/2025\/06\/494991332_996170202731892_2581130455781458856_n.jpg 1600w\" sizes=\"auto, (max-width: 640px) 100vw, 640px\" \/><\/a>\n\t\t\t\t<\/div>\n\t\t\t\t<div class=\"gl_img\">\n\t\t\t\t\t<a href='https:\/\/mp2kwidzyn.pl\/wp-content\/uploads\/2025\/06\/494991332_996170202731892_2581130455781458856_n.jpg'><img loading=\"lazy\" decoding=\"async\" width=\"300\" height=\"169\" src=\"https:\/\/mp2kwidzyn.pl\/wp-content\/uploads\/2025\/06\/494991332_996170202731892_2581130455781458856_n-300x169.jpg\" class=\"attachment-medium size-medium\" alt=\"\" srcset=\"https:\/\/mp2kwidzyn.pl\/wp-content\/uploads\/2025\/06\/494991332_996170202731892_2581130455781458856_n-300x169.jpg 300w, https:\/\/mp2kwidzyn.pl\/wp-content\/uploads\/2025\/06\/494991332_996170202731892_2581130455781458856_n-1024x577.jpg 1024w, https:\/\/mp2kwidzyn.pl\/wp-content\/uploads\/2025\/06\/494991332_996170202731892_2581130455781458856_n-768x433.jpg 768w, https:\/\/mp2kwidzyn.pl\/wp-content\/uploads\/2025\/06\/494991332_996170202731892_2581130455781458856_n-1536x866.jpg 1536w, https:\/\/mp2kwidzyn.pl\/wp-content\/uploads\/2025\/06\/494991332_996170202731892_2581130455781458856_n.jpg 1600w\" sizes=\"auto, (max-width: 300px) 100vw, 300px\" \/><\/a>\n\t\t\t\t\t\n\t\t\t\t<\/div>\n\t\t\t\t<div class=\"mask\">\n\t\t\t\t\t<a href=\"#TB_inline?width=600&height=550&inlineId=gallery-21\" class=\"info thickbox\" title=\"Uroczyste zako\u0144czenie przedszkola naszych Biedronek\">Uroczyste zako\u0144czenie przedszkola naszych Biedronek<\/a>\n\t\t\t\t<\/div>\n\t\t\t<\/div>\n\t\t\t<\/div><div class=\"col-md-4 col-lg-4 col-sm-4 gallery-image\">\n\t\t\t<div class=\"gallery view second-effect\">\n\t\t\t\t<div id=\"gallery-22\" style=\"display:none;\">\n\t\t\t\t\t<a href='https:\/\/mp2kwidzyn.pl\/wp-content\/uploads\/2025\/06\/494733198_996170166065229_1905016333698527243_n.jpg'><img loading=\"lazy\" decoding=\"async\" width=\"640\" height=\"361\" src=\"https:\/\/mp2kwidzyn.pl\/wp-content\/uploads\/2025\/06\/494733198_996170166065229_1905016333698527243_n-1024x577.jpg\" class=\"attachment-large size-large\" alt=\"\" srcset=\"https:\/\/mp2kwidzyn.pl\/wp-content\/uploads\/2025\/06\/494733198_996170166065229_1905016333698527243_n-1024x577.jpg 1024w, https:\/\/mp2kwidzyn.pl\/wp-content\/uploads\/2025\/06\/494733198_996170166065229_1905016333698527243_n-300x169.jpg 300w, https:\/\/mp2kwidzyn.pl\/wp-content\/uploads\/2025\/06\/494733198_996170166065229_1905016333698527243_n-768x433.jpg 768w, https:\/\/mp2kwidzyn.pl\/wp-content\/uploads\/2025\/06\/494733198_996170166065229_1905016333698527243_n-1536x866.jpg 1536w, https:\/\/mp2kwidzyn.pl\/wp-content\/uploads\/2025\/06\/494733198_996170166065229_1905016333698527243_n.jpg 1600w\" sizes=\"auto, (max-width: 640px) 100vw, 640px\" \/><\/a>\n\t\t\t\t<\/div>\n\t\t\t\t<div class=\"gl_img\">\n\t\t\t\t\t<a href='https:\/\/mp2kwidzyn.pl\/wp-content\/uploads\/2025\/06\/494733198_996170166065229_1905016333698527243_n.jpg'><img loading=\"lazy\" decoding=\"async\" width=\"300\" height=\"169\" src=\"https:\/\/mp2kwidzyn.pl\/wp-content\/uploads\/2025\/06\/494733198_996170166065229_1905016333698527243_n-300x169.jpg\" class=\"attachment-medium size-medium\" alt=\"\" srcset=\"https:\/\/mp2kwidzyn.pl\/wp-content\/uploads\/2025\/06\/494733198_996170166065229_1905016333698527243_n-300x169.jpg 300w, https:\/\/mp2kwidzyn.pl\/wp-content\/uploads\/2025\/06\/494733198_996170166065229_1905016333698527243_n-1024x577.jpg 1024w, https:\/\/mp2kwidzyn.pl\/wp-content\/uploads\/2025\/06\/494733198_996170166065229_1905016333698527243_n-768x433.jpg 768w, https:\/\/mp2kwidzyn.pl\/wp-content\/uploads\/2025\/06\/494733198_996170166065229_1905016333698527243_n-1536x866.jpg 1536w, https:\/\/mp2kwidzyn.pl\/wp-content\/uploads\/2025\/06\/494733198_996170166065229_1905016333698527243_n.jpg 1600w\" sizes=\"auto, (max-width: 300px) 100vw, 300px\" \/><\/a>\n\t\t\t\t\t\n\t\t\t\t<\/div>\n\t\t\t\t<div class=\"mask\">\n\t\t\t\t\t<a href=\"#TB_inline?width=600&height=550&inlineId=gallery-22\" class=\"info thickbox\" title=\"Uroczyste zako\u0144czenie przedszkola naszych Biedronek\">Uroczyste zako\u0144czenie przedszkola naszych Biedronek<\/a>\n\t\t\t\t<\/div>\n\t\t\t<\/div>\n\t\t\t<\/div><div class=\"col-md-4 col-lg-4 col-sm-4 gallery-image\">\n\t\t\t<div class=\"gallery view second-effect\">\n\t\t\t\t<div id=\"gallery-23\" style=\"display:none;\">\n\t\t\t\t\t<a href='https:\/\/mp2kwidzyn.pl\/wp-content\/uploads\/2025\/06\/495007527_996170132731899_7427770102024125598_n.jpg'><img loading=\"lazy\" decoding=\"async\" width=\"640\" height=\"361\" src=\"https:\/\/mp2kwidzyn.pl\/wp-content\/uploads\/2025\/06\/495007527_996170132731899_7427770102024125598_n-1024x577.jpg\" class=\"attachment-large size-large\" alt=\"\" srcset=\"https:\/\/mp2kwidzyn.pl\/wp-content\/uploads\/2025\/06\/495007527_996170132731899_7427770102024125598_n-1024x577.jpg 1024w, https:\/\/mp2kwidzyn.pl\/wp-content\/uploads\/2025\/06\/495007527_996170132731899_7427770102024125598_n-300x169.jpg 300w, https:\/\/mp2kwidzyn.pl\/wp-content\/uploads\/2025\/06\/495007527_996170132731899_7427770102024125598_n-768x433.jpg 768w, https:\/\/mp2kwidzyn.pl\/wp-content\/uploads\/2025\/06\/495007527_996170132731899_7427770102024125598_n-1536x866.jpg 1536w, https:\/\/mp2kwidzyn.pl\/wp-content\/uploads\/2025\/06\/495007527_996170132731899_7427770102024125598_n.jpg 1600w\" sizes=\"auto, (max-width: 640px) 100vw, 640px\" \/><\/a>\n\t\t\t\t<\/div>\n\t\t\t\t<div class=\"gl_img\">\n\t\t\t\t\t<a href='https:\/\/mp2kwidzyn.pl\/wp-content\/uploads\/2025\/06\/495007527_996170132731899_7427770102024125598_n.jpg'><img loading=\"lazy\" decoding=\"async\" width=\"300\" height=\"169\" src=\"https:\/\/mp2kwidzyn.pl\/wp-content\/uploads\/2025\/06\/495007527_996170132731899_7427770102024125598_n-300x169.jpg\" class=\"attachment-medium size-medium\" alt=\"\" srcset=\"https:\/\/mp2kwidzyn.pl\/wp-content\/uploads\/2025\/06\/495007527_996170132731899_7427770102024125598_n-300x169.jpg 300w, https:\/\/mp2kwidzyn.pl\/wp-content\/uploads\/2025\/06\/495007527_996170132731899_7427770102024125598_n-1024x577.jpg 1024w, https:\/\/mp2kwidzyn.pl\/wp-content\/uploads\/2025\/06\/495007527_996170132731899_7427770102024125598_n-768x433.jpg 768w, https:\/\/mp2kwidzyn.pl\/wp-content\/uploads\/2025\/06\/495007527_996170132731899_7427770102024125598_n-1536x866.jpg 1536w, https:\/\/mp2kwidzyn.pl\/wp-content\/uploads\/2025\/06\/495007527_996170132731899_7427770102024125598_n.jpg 1600w\" sizes=\"auto, (max-width: 300px) 100vw, 300px\" \/><\/a>\n\t\t\t\t\t\n\t\t\t\t<\/div>\n\t\t\t\t<div class=\"mask\">\n\t\t\t\t\t<a href=\"#TB_inline?width=600&height=550&inlineId=gallery-23\" class=\"info thickbox\" title=\"Uroczyste zako\u0144czenie przedszkola naszych Biedronek\">Uroczyste zako\u0144czenie przedszkola naszych Biedronek<\/a>\n\t\t\t\t<\/div>\n\t\t\t<\/div>\n\t\t\t<\/div><div class=\"col-md-4 col-lg-4 col-sm-4 gallery-image\">\n\t\t\t<div class=\"gallery view second-effect\">\n\t\t\t\t<div id=\"gallery-24\" style=\"display:none;\">\n\t\t\t\t\t<a href='https:\/\/mp2kwidzyn.pl\/wp-content\/uploads\/2025\/06\/493912252_996170092731903_2190628176939517470_n.jpg'><img loading=\"lazy\" decoding=\"async\" width=\"640\" height=\"361\" src=\"https:\/\/mp2kwidzyn.pl\/wp-content\/uploads\/2025\/06\/493912252_996170092731903_2190628176939517470_n-1024x577.jpg\" class=\"attachment-large size-large\" alt=\"\" srcset=\"https:\/\/mp2kwidzyn.pl\/wp-content\/uploads\/2025\/06\/493912252_996170092731903_2190628176939517470_n-1024x577.jpg 1024w, https:\/\/mp2kwidzyn.pl\/wp-content\/uploads\/2025\/06\/493912252_996170092731903_2190628176939517470_n-300x169.jpg 300w, https:\/\/mp2kwidzyn.pl\/wp-content\/uploads\/2025\/06\/493912252_996170092731903_2190628176939517470_n-768x433.jpg 768w, https:\/\/mp2kwidzyn.pl\/wp-content\/uploads\/2025\/06\/493912252_996170092731903_2190628176939517470_n-1536x866.jpg 1536w, https:\/\/mp2kwidzyn.pl\/wp-content\/uploads\/2025\/06\/493912252_996170092731903_2190628176939517470_n.jpg 1600w\" sizes=\"auto, (max-width: 640px) 100vw, 640px\" \/><\/a>\n\t\t\t\t<\/div>\n\t\t\t\t<div class=\"gl_img\">\n\t\t\t\t\t<a href='https:\/\/mp2kwidzyn.pl\/wp-content\/uploads\/2025\/06\/493912252_996170092731903_2190628176939517470_n.jpg'><img loading=\"lazy\" decoding=\"async\" width=\"300\" height=\"169\" src=\"https:\/\/mp2kwidzyn.pl\/wp-content\/uploads\/2025\/06\/493912252_996170092731903_2190628176939517470_n-300x169.jpg\" class=\"attachment-medium size-medium\" alt=\"\" srcset=\"https:\/\/mp2kwidzyn.pl\/wp-content\/uploads\/2025\/06\/493912252_996170092731903_2190628176939517470_n-300x169.jpg 300w, https:\/\/mp2kwidzyn.pl\/wp-content\/uploads\/2025\/06\/493912252_996170092731903_2190628176939517470_n-1024x577.jpg 1024w, https:\/\/mp2kwidzyn.pl\/wp-content\/uploads\/2025\/06\/493912252_996170092731903_2190628176939517470_n-768x433.jpg 768w, https:\/\/mp2kwidzyn.pl\/wp-content\/uploads\/2025\/06\/493912252_996170092731903_2190628176939517470_n-1536x866.jpg 1536w, https:\/\/mp2kwidzyn.pl\/wp-content\/uploads\/2025\/06\/493912252_996170092731903_2190628176939517470_n.jpg 1600w\" sizes=\"auto, (max-width: 300px) 100vw, 300px\" \/><\/a>\n\t\t\t\t\t\n\t\t\t\t<\/div>\n\t\t\t\t<div class=\"mask\">\n\t\t\t\t\t<a href=\"#TB_inline?width=600&height=550&inlineId=gallery-24\" class=\"info thickbox\" title=\"Uroczyste zako\u0144czenie przedszkola naszych Biedronek\">Uroczyste zako\u0144czenie przedszkola naszych Biedronek<\/a>\n\t\t\t\t<\/div>\n\t\t\t<\/div>\n\t\t\t<\/div><div class=\"col-md-4 col-lg-4 col-sm-4 gallery-image\">\n\t\t\t<div class=\"gallery view second-effect\">\n\t\t\t\t<div id=\"gallery-25\" style=\"display:none;\">\n\t\t\t\t\t<a href='https:\/\/mp2kwidzyn.pl\/wp-content\/uploads\/2025\/06\/508616630_996170059398573_3145607513494760743_n.jpg'><img loading=\"lazy\" decoding=\"async\" width=\"640\" height=\"361\" src=\"https:\/\/mp2kwidzyn.pl\/wp-content\/uploads\/2025\/06\/508616630_996170059398573_3145607513494760743_n-1024x577.jpg\" class=\"attachment-large size-large\" alt=\"\" srcset=\"https:\/\/mp2kwidzyn.pl\/wp-content\/uploads\/2025\/06\/508616630_996170059398573_3145607513494760743_n-1024x577.jpg 1024w, https:\/\/mp2kwidzyn.pl\/wp-content\/uploads\/2025\/06\/508616630_996170059398573_3145607513494760743_n-300x169.jpg 300w, https:\/\/mp2kwidzyn.pl\/wp-content\/uploads\/2025\/06\/508616630_996170059398573_3145607513494760743_n-768x433.jpg 768w, https:\/\/mp2kwidzyn.pl\/wp-content\/uploads\/2025\/06\/508616630_996170059398573_3145607513494760743_n-1536x866.jpg 1536w, https:\/\/mp2kwidzyn.pl\/wp-content\/uploads\/2025\/06\/508616630_996170059398573_3145607513494760743_n.jpg 1600w\" sizes=\"auto, (max-width: 640px) 100vw, 640px\" \/><\/a>\n\t\t\t\t<\/div>\n\t\t\t\t<div class=\"gl_img\">\n\t\t\t\t\t<a href='https:\/\/mp2kwidzyn.pl\/wp-content\/uploads\/2025\/06\/508616630_996170059398573_3145607513494760743_n.jpg'><img loading=\"lazy\" decoding=\"async\" width=\"300\" height=\"169\" src=\"https:\/\/mp2kwidzyn.pl\/wp-content\/uploads\/2025\/06\/508616630_996170059398573_3145607513494760743_n-300x169.jpg\" class=\"attachment-medium size-medium\" alt=\"\" srcset=\"https:\/\/mp2kwidzyn.pl\/wp-content\/uploads\/2025\/06\/508616630_996170059398573_3145607513494760743_n-300x169.jpg 300w, https:\/\/mp2kwidzyn.pl\/wp-content\/uploads\/2025\/06\/508616630_996170059398573_3145607513494760743_n-1024x577.jpg 1024w, https:\/\/mp2kwidzyn.pl\/wp-content\/uploads\/2025\/06\/508616630_996170059398573_3145607513494760743_n-768x433.jpg 768w, https:\/\/mp2kwidzyn.pl\/wp-content\/uploads\/2025\/06\/508616630_996170059398573_3145607513494760743_n-1536x866.jpg 1536w, https:\/\/mp2kwidzyn.pl\/wp-content\/uploads\/2025\/06\/508616630_996170059398573_3145607513494760743_n.jpg 1600w\" sizes=\"auto, (max-width: 300px) 100vw, 300px\" \/><\/a>\n\t\t\t\t\t\n\t\t\t\t<\/div>\n\t\t\t\t<div class=\"mask\">\n\t\t\t\t\t<a href=\"#TB_inline?width=600&height=550&inlineId=gallery-25\" class=\"info thickbox\" title=\"Uroczyste zako\u0144czenie przedszkola naszych Biedronek\">Uroczyste zako\u0144czenie przedszkola naszych Biedronek<\/a>\n\t\t\t\t<\/div>\n\t\t\t<\/div>\n\t\t\t<\/div><div class=\"col-md-4 col-lg-4 col-sm-4 gallery-image\">\n\t\t\t<div class=\"gallery view second-effect\">\n\t\t\t\t<div id=\"gallery-26\" style=\"display:none;\">\n\t\t\t\t\t<a href='https:\/\/mp2kwidzyn.pl\/wp-content\/uploads\/2025\/06\/494144428_996170029398576_319735734860029452_n.jpg'><img loading=\"lazy\" decoding=\"async\" width=\"640\" height=\"361\" src=\"https:\/\/mp2kwidzyn.pl\/wp-content\/uploads\/2025\/06\/494144428_996170029398576_319735734860029452_n-1024x577.jpg\" class=\"attachment-large size-large\" alt=\"\" srcset=\"https:\/\/mp2kwidzyn.pl\/wp-content\/uploads\/2025\/06\/494144428_996170029398576_319735734860029452_n-1024x577.jpg 1024w, https:\/\/mp2kwidzyn.pl\/wp-content\/uploads\/2025\/06\/494144428_996170029398576_319735734860029452_n-300x169.jpg 300w, https:\/\/mp2kwidzyn.pl\/wp-content\/uploads\/2025\/06\/494144428_996170029398576_319735734860029452_n-768x433.jpg 768w, https:\/\/mp2kwidzyn.pl\/wp-content\/uploads\/2025\/06\/494144428_996170029398576_319735734860029452_n-1536x866.jpg 1536w, https:\/\/mp2kwidzyn.pl\/wp-content\/uploads\/2025\/06\/494144428_996170029398576_319735734860029452_n.jpg 1600w\" sizes=\"auto, (max-width: 640px) 100vw, 640px\" \/><\/a>\n\t\t\t\t<\/div>\n\t\t\t\t<div class=\"gl_img\">\n\t\t\t\t\t<a href='https:\/\/mp2kwidzyn.pl\/wp-content\/uploads\/2025\/06\/494144428_996170029398576_319735734860029452_n.jpg'><img loading=\"lazy\" decoding=\"async\" width=\"300\" height=\"169\" src=\"https:\/\/mp2kwidzyn.pl\/wp-content\/uploads\/2025\/06\/494144428_996170029398576_319735734860029452_n-300x169.jpg\" class=\"attachment-medium size-medium\" alt=\"\" srcset=\"https:\/\/mp2kwidzyn.pl\/wp-content\/uploads\/2025\/06\/494144428_996170029398576_319735734860029452_n-300x169.jpg 300w, https:\/\/mp2kwidzyn.pl\/wp-content\/uploads\/2025\/06\/494144428_996170029398576_319735734860029452_n-1024x577.jpg 1024w, https:\/\/mp2kwidzyn.pl\/wp-content\/uploads\/2025\/06\/494144428_996170029398576_319735734860029452_n-768x433.jpg 768w, https:\/\/mp2kwidzyn.pl\/wp-content\/uploads\/2025\/06\/494144428_996170029398576_319735734860029452_n-1536x866.jpg 1536w, https:\/\/mp2kwidzyn.pl\/wp-content\/uploads\/2025\/06\/494144428_996170029398576_319735734860029452_n.jpg 1600w\" sizes=\"auto, (max-width: 300px) 100vw, 300px\" \/><\/a>\n\t\t\t\t\t\n\t\t\t\t<\/div>\n\t\t\t\t<div class=\"mask\">\n\t\t\t\t\t<a href=\"#TB_inline?width=600&height=550&inlineId=gallery-26\" class=\"info thickbox\" title=\"Uroczyste zako\u0144czenie przedszkola naszych Biedronek\">Uroczyste zako\u0144czenie przedszkola naszych Biedronek<\/a>\n\t\t\t\t<\/div>\n\t\t\t<\/div>\n\t\t\t<\/div><div class=\"col-md-4 col-lg-4 col-sm-4 gallery-image\">\n\t\t\t<div class=\"gallery view second-effect\">\n\t\t\t\t<div id=\"gallery-27\" style=\"display:none;\">\n\t\t\t\t\t<a href='https:\/\/mp2kwidzyn.pl\/wp-content\/uploads\/2025\/06\/495525088_996169982731914_8263736197465180575_n.jpg'><img loading=\"lazy\" decoding=\"async\" width=\"640\" height=\"361\" src=\"https:\/\/mp2kwidzyn.pl\/wp-content\/uploads\/2025\/06\/495525088_996169982731914_8263736197465180575_n-1024x577.jpg\" class=\"attachment-large size-large\" alt=\"\" srcset=\"https:\/\/mp2kwidzyn.pl\/wp-content\/uploads\/2025\/06\/495525088_996169982731914_8263736197465180575_n-1024x577.jpg 1024w, https:\/\/mp2kwidzyn.pl\/wp-content\/uploads\/2025\/06\/495525088_996169982731914_8263736197465180575_n-300x169.jpg 300w, https:\/\/mp2kwidzyn.pl\/wp-content\/uploads\/2025\/06\/495525088_996169982731914_8263736197465180575_n-768x433.jpg 768w, https:\/\/mp2kwidzyn.pl\/wp-content\/uploads\/2025\/06\/495525088_996169982731914_8263736197465180575_n-1536x866.jpg 1536w, https:\/\/mp2kwidzyn.pl\/wp-content\/uploads\/2025\/06\/495525088_996169982731914_8263736197465180575_n.jpg 1600w\" sizes=\"auto, (max-width: 640px) 100vw, 640px\" \/><\/a>\n\t\t\t\t<\/div>\n\t\t\t\t<div class=\"gl_img\">\n\t\t\t\t\t<a href='https:\/\/mp2kwidzyn.pl\/wp-content\/uploads\/2025\/06\/495525088_996169982731914_8263736197465180575_n.jpg'><img loading=\"lazy\" decoding=\"async\" width=\"300\" height=\"169\" src=\"https:\/\/mp2kwidzyn.pl\/wp-content\/uploads\/2025\/06\/495525088_996169982731914_8263736197465180575_n-300x169.jpg\" class=\"attachment-medium size-medium\" alt=\"\" srcset=\"https:\/\/mp2kwidzyn.pl\/wp-content\/uploads\/2025\/06\/495525088_996169982731914_8263736197465180575_n-300x169.jpg 300w, https:\/\/mp2kwidzyn.pl\/wp-content\/uploads\/2025\/06\/495525088_996169982731914_8263736197465180575_n-1024x577.jpg 1024w, https:\/\/mp2kwidzyn.pl\/wp-content\/uploads\/2025\/06\/495525088_996169982731914_8263736197465180575_n-768x433.jpg 768w, https:\/\/mp2kwidzyn.pl\/wp-content\/uploads\/2025\/06\/495525088_996169982731914_8263736197465180575_n-1536x866.jpg 1536w, https:\/\/mp2kwidzyn.pl\/wp-content\/uploads\/2025\/06\/495525088_996169982731914_8263736197465180575_n.jpg 1600w\" sizes=\"auto, (max-width: 300px) 100vw, 300px\" \/><\/a>\n\t\t\t\t\t\n\t\t\t\t<\/div>\n\t\t\t\t<div class=\"mask\">\n\t\t\t\t\t<a href=\"#TB_inline?width=600&height=550&inlineId=gallery-27\" class=\"info thickbox\" title=\"Uroczyste zako\u0144czenie przedszkola naszych Biedronek\">Uroczyste zako\u0144czenie przedszkola naszych Biedronek<\/a>\n\t\t\t\t<\/div>\n\t\t\t<\/div>\n\t\t\t<\/div><div class=\"col-md-4 col-lg-4 col-sm-4 gallery-image\">\n\t\t\t<div class=\"gallery view second-effect\">\n\t\t\t\t<div id=\"gallery-28\" style=\"display:none;\">\n\t\t\t\t\t<a href='https:\/\/mp2kwidzyn.pl\/wp-content\/uploads\/2025\/06\/503923178_996169949398584_4831576659064079805_n.jpg'><img loading=\"lazy\" decoding=\"async\" width=\"640\" height=\"361\" src=\"https:\/\/mp2kwidzyn.pl\/wp-content\/uploads\/2025\/06\/503923178_996169949398584_4831576659064079805_n-1024x577.jpg\" class=\"attachment-large size-large\" alt=\"\" srcset=\"https:\/\/mp2kwidzyn.pl\/wp-content\/uploads\/2025\/06\/503923178_996169949398584_4831576659064079805_n-1024x577.jpg 1024w, https:\/\/mp2kwidzyn.pl\/wp-content\/uploads\/2025\/06\/503923178_996169949398584_4831576659064079805_n-300x169.jpg 300w, https:\/\/mp2kwidzyn.pl\/wp-content\/uploads\/2025\/06\/503923178_996169949398584_4831576659064079805_n-768x433.jpg 768w, https:\/\/mp2kwidzyn.pl\/wp-content\/uploads\/2025\/06\/503923178_996169949398584_4831576659064079805_n-1536x866.jpg 1536w, https:\/\/mp2kwidzyn.pl\/wp-content\/uploads\/2025\/06\/503923178_996169949398584_4831576659064079805_n.jpg 1600w\" sizes=\"auto, (max-width: 640px) 100vw, 640px\" \/><\/a>\n\t\t\t\t<\/div>\n\t\t\t\t<div class=\"gl_img\">\n\t\t\t\t\t<a href='https:\/\/mp2kwidzyn.pl\/wp-content\/uploads\/2025\/06\/503923178_996169949398584_4831576659064079805_n.jpg'><img loading=\"lazy\" decoding=\"async\" width=\"300\" height=\"169\" src=\"https:\/\/mp2kwidzyn.pl\/wp-content\/uploads\/2025\/06\/503923178_996169949398584_4831576659064079805_n-300x169.jpg\" class=\"attachment-medium size-medium\" alt=\"\" srcset=\"https:\/\/mp2kwidzyn.pl\/wp-content\/uploads\/2025\/06\/503923178_996169949398584_4831576659064079805_n-300x169.jpg 300w, https:\/\/mp2kwidzyn.pl\/wp-content\/uploads\/2025\/06\/503923178_996169949398584_4831576659064079805_n-1024x577.jpg 1024w, https:\/\/mp2kwidzyn.pl\/wp-content\/uploads\/2025\/06\/503923178_996169949398584_4831576659064079805_n-768x433.jpg 768w, https:\/\/mp2kwidzyn.pl\/wp-content\/uploads\/2025\/06\/503923178_996169949398584_4831576659064079805_n-1536x866.jpg 1536w, https:\/\/mp2kwidzyn.pl\/wp-content\/uploads\/2025\/06\/503923178_996169949398584_4831576659064079805_n.jpg 1600w\" sizes=\"auto, (max-width: 300px) 100vw, 300px\" \/><\/a>\n\t\t\t\t\t\n\t\t\t\t<\/div>\n\t\t\t\t<div class=\"mask\">\n\t\t\t\t\t<a href=\"#TB_inline?width=600&height=550&inlineId=gallery-28\" class=\"info thickbox\" title=\"Uroczyste zako\u0144czenie przedszkola naszych Biedronek\">Uroczyste zako\u0144czenie przedszkola naszych Biedronek<\/a>\n\t\t\t\t<\/div>\n\t\t\t<\/div>\n\t\t\t<\/div><div class=\"col-md-4 col-lg-4 col-sm-4 gallery-image\">\n\t\t\t<div class=\"gallery view second-effect\">\n\t\t\t\t<div id=\"gallery-29\" style=\"display:none;\">\n\t\t\t\t\t<a href='https:\/\/mp2kwidzyn.pl\/wp-content\/uploads\/2025\/06\/494216035_996169916065254_806625929471456651_n.jpg'><img loading=\"lazy\" decoding=\"async\" width=\"640\" height=\"361\" src=\"https:\/\/mp2kwidzyn.pl\/wp-content\/uploads\/2025\/06\/494216035_996169916065254_806625929471456651_n-1024x577.jpg\" class=\"attachment-large size-large\" alt=\"\" srcset=\"https:\/\/mp2kwidzyn.pl\/wp-content\/uploads\/2025\/06\/494216035_996169916065254_806625929471456651_n-1024x577.jpg 1024w, https:\/\/mp2kwidzyn.pl\/wp-content\/uploads\/2025\/06\/494216035_996169916065254_806625929471456651_n-300x169.jpg 300w, https:\/\/mp2kwidzyn.pl\/wp-content\/uploads\/2025\/06\/494216035_996169916065254_806625929471456651_n-768x433.jpg 768w, https:\/\/mp2kwidzyn.pl\/wp-content\/uploads\/2025\/06\/494216035_996169916065254_806625929471456651_n-1536x866.jpg 1536w, https:\/\/mp2kwidzyn.pl\/wp-content\/uploads\/2025\/06\/494216035_996169916065254_806625929471456651_n.jpg 1600w\" sizes=\"auto, (max-width: 640px) 100vw, 640px\" \/><\/a>\n\t\t\t\t<\/div>\n\t\t\t\t<div class=\"gl_img\">\n\t\t\t\t\t<a href='https:\/\/mp2kwidzyn.pl\/wp-content\/uploads\/2025\/06\/494216035_996169916065254_806625929471456651_n.jpg'><img loading=\"lazy\" decoding=\"async\" width=\"300\" height=\"169\" src=\"https:\/\/mp2kwidzyn.pl\/wp-content\/uploads\/2025\/06\/494216035_996169916065254_806625929471456651_n-300x169.jpg\" class=\"attachment-medium size-medium\" alt=\"\" srcset=\"https:\/\/mp2kwidzyn.pl\/wp-content\/uploads\/2025\/06\/494216035_996169916065254_806625929471456651_n-300x169.jpg 300w, https:\/\/mp2kwidzyn.pl\/wp-content\/uploads\/2025\/06\/494216035_996169916065254_806625929471456651_n-1024x577.jpg 1024w, https:\/\/mp2kwidzyn.pl\/wp-content\/uploads\/2025\/06\/494216035_996169916065254_806625929471456651_n-768x433.jpg 768w, https:\/\/mp2kwidzyn.pl\/wp-content\/uploads\/2025\/06\/494216035_996169916065254_806625929471456651_n-1536x866.jpg 1536w, https:\/\/mp2kwidzyn.pl\/wp-content\/uploads\/2025\/06\/494216035_996169916065254_806625929471456651_n.jpg 1600w\" sizes=\"auto, (max-width: 300px) 100vw, 300px\" \/><\/a>\n\t\t\t\t\t\n\t\t\t\t<\/div>\n\t\t\t\t<div class=\"mask\">\n\t\t\t\t\t<a href=\"#TB_inline?width=600&height=550&inlineId=gallery-29\" class=\"info thickbox\" title=\"Uroczyste zako\u0144czenie przedszkola naszych Biedronek\">Uroczyste zako\u0144czenie przedszkola naszych Biedronek<\/a>\n\t\t\t\t<\/div>\n\t\t\t<\/div>\n\t\t\t<\/div><div class=\"col-md-4 col-lg-4 col-sm-4 gallery-image\">\n\t\t\t<div class=\"gallery view second-effect\">\n\t\t\t\t<div id=\"gallery-30\" style=\"display:none;\">\n\t\t\t\t\t<a href='https:\/\/mp2kwidzyn.pl\/wp-content\/uploads\/2025\/06\/492519788_996169879398591_8556151604899620468_n.jpg'><img loading=\"lazy\" decoding=\"async\" width=\"640\" height=\"361\" src=\"https:\/\/mp2kwidzyn.pl\/wp-content\/uploads\/2025\/06\/492519788_996169879398591_8556151604899620468_n-1024x577.jpg\" class=\"attachment-large size-large\" alt=\"\" srcset=\"https:\/\/mp2kwidzyn.pl\/wp-content\/uploads\/2025\/06\/492519788_996169879398591_8556151604899620468_n-1024x577.jpg 1024w, https:\/\/mp2kwidzyn.pl\/wp-content\/uploads\/2025\/06\/492519788_996169879398591_8556151604899620468_n-300x169.jpg 300w, https:\/\/mp2kwidzyn.pl\/wp-content\/uploads\/2025\/06\/492519788_996169879398591_8556151604899620468_n-768x433.jpg 768w, https:\/\/mp2kwidzyn.pl\/wp-content\/uploads\/2025\/06\/492519788_996169879398591_8556151604899620468_n-1536x866.jpg 1536w, https:\/\/mp2kwidzyn.pl\/wp-content\/uploads\/2025\/06\/492519788_996169879398591_8556151604899620468_n.jpg 1600w\" sizes=\"auto, (max-width: 640px) 100vw, 640px\" \/><\/a>\n\t\t\t\t<\/div>\n\t\t\t\t<div class=\"gl_img\">\n\t\t\t\t\t<a href='https:\/\/mp2kwidzyn.pl\/wp-content\/uploads\/2025\/06\/492519788_996169879398591_8556151604899620468_n.jpg'><img loading=\"lazy\" decoding=\"async\" width=\"300\" height=\"169\" src=\"https:\/\/mp2kwidzyn.pl\/wp-content\/uploads\/2025\/06\/492519788_996169879398591_8556151604899620468_n-300x169.jpg\" class=\"attachment-medium size-medium\" alt=\"\" srcset=\"https:\/\/mp2kwidzyn.pl\/wp-content\/uploads\/2025\/06\/492519788_996169879398591_8556151604899620468_n-300x169.jpg 300w, https:\/\/mp2kwidzyn.pl\/wp-content\/uploads\/2025\/06\/492519788_996169879398591_8556151604899620468_n-1024x577.jpg 1024w, https:\/\/mp2kwidzyn.pl\/wp-content\/uploads\/2025\/06\/492519788_996169879398591_8556151604899620468_n-768x433.jpg 768w, https:\/\/mp2kwidzyn.pl\/wp-content\/uploads\/2025\/06\/492519788_996169879398591_8556151604899620468_n-1536x866.jpg 1536w, https:\/\/mp2kwidzyn.pl\/wp-content\/uploads\/2025\/06\/492519788_996169879398591_8556151604899620468_n.jpg 1600w\" sizes=\"auto, (max-width: 300px) 100vw, 300px\" \/><\/a>\n\t\t\t\t\t\n\t\t\t\t<\/div>\n\t\t\t\t<div class=\"mask\">\n\t\t\t\t\t<a href=\"#TB_inline?width=600&height=550&inlineId=gallery-30\" class=\"info thickbox\" title=\"Uroczyste zako\u0144czenie przedszkola naszych Biedronek\">Uroczyste zako\u0144czenie przedszkola naszych Biedronek<\/a>\n\t\t\t\t<\/div>\n\t\t\t<\/div>\n\t\t\t<\/div><div class=\"col-md-4 col-lg-4 col-sm-4 gallery-image\">\n\t\t\t<div class=\"gallery view second-effect\">\n\t\t\t\t<div id=\"gallery-31\" style=\"display:none;\">\n\t\t\t\t\t<a href='https:\/\/mp2kwidzyn.pl\/wp-content\/uploads\/2025\/06\/493134163_996169822731930_7149410662013193735_n.jpg'><img loading=\"lazy\" decoding=\"async\" width=\"640\" height=\"361\" src=\"https:\/\/mp2kwidzyn.pl\/wp-content\/uploads\/2025\/06\/493134163_996169822731930_7149410662013193735_n-1024x577.jpg\" class=\"attachment-large size-large\" alt=\"\" srcset=\"https:\/\/mp2kwidzyn.pl\/wp-content\/uploads\/2025\/06\/493134163_996169822731930_7149410662013193735_n-1024x577.jpg 1024w, https:\/\/mp2kwidzyn.pl\/wp-content\/uploads\/2025\/06\/493134163_996169822731930_7149410662013193735_n-300x169.jpg 300w, https:\/\/mp2kwidzyn.pl\/wp-content\/uploads\/2025\/06\/493134163_996169822731930_7149410662013193735_n-768x433.jpg 768w, https:\/\/mp2kwidzyn.pl\/wp-content\/uploads\/2025\/06\/493134163_996169822731930_7149410662013193735_n-1536x866.jpg 1536w, https:\/\/mp2kwidzyn.pl\/wp-content\/uploads\/2025\/06\/493134163_996169822731930_7149410662013193735_n.jpg 1600w\" sizes=\"auto, (max-width: 640px) 100vw, 640px\" \/><\/a>\n\t\t\t\t<\/div>\n\t\t\t\t<div class=\"gl_img\">\n\t\t\t\t\t<a href='https:\/\/mp2kwidzyn.pl\/wp-content\/uploads\/2025\/06\/493134163_996169822731930_7149410662013193735_n.jpg'><img loading=\"lazy\" decoding=\"async\" width=\"300\" height=\"169\" src=\"https:\/\/mp2kwidzyn.pl\/wp-content\/uploads\/2025\/06\/493134163_996169822731930_7149410662013193735_n-300x169.jpg\" class=\"attachment-medium size-medium\" alt=\"\" srcset=\"https:\/\/mp2kwidzyn.pl\/wp-content\/uploads\/2025\/06\/493134163_996169822731930_7149410662013193735_n-300x169.jpg 300w, https:\/\/mp2kwidzyn.pl\/wp-content\/uploads\/2025\/06\/493134163_996169822731930_7149410662013193735_n-1024x577.jpg 1024w, https:\/\/mp2kwidzyn.pl\/wp-content\/uploads\/2025\/06\/493134163_996169822731930_7149410662013193735_n-768x433.jpg 768w, https:\/\/mp2kwidzyn.pl\/wp-content\/uploads\/2025\/06\/493134163_996169822731930_7149410662013193735_n-1536x866.jpg 1536w, https:\/\/mp2kwidzyn.pl\/wp-content\/uploads\/2025\/06\/493134163_996169822731930_7149410662013193735_n.jpg 1600w\" sizes=\"auto, (max-width: 300px) 100vw, 300px\" \/><\/a>\n\t\t\t\t\t\n\t\t\t\t<\/div>\n\t\t\t\t<div class=\"mask\">\n\t\t\t\t\t<a href=\"#TB_inline?width=600&height=550&inlineId=gallery-31\" class=\"info thickbox\" title=\"Uroczyste zako\u0144czenie przedszkola naszych Biedronek\">Uroczyste zako\u0144czenie przedszkola naszych Biedronek<\/a>\n\t\t\t\t<\/div>\n\t\t\t<\/div>\n\t\t\t<\/div><div class=\"col-md-4 col-lg-4 col-sm-4 gallery-image\">\n\t\t\t<div class=\"gallery view second-effect\">\n\t\t\t\t<div id=\"gallery-32\" style=\"display:none;\">\n\t\t\t\t\t<a href='https:\/\/mp2kwidzyn.pl\/wp-content\/uploads\/2025\/06\/uss4ta.jpg'><img loading=\"lazy\" decoding=\"async\" width=\"640\" height=\"361\" src=\"https:\/\/mp2kwidzyn.pl\/wp-content\/uploads\/2025\/06\/uss4ta-1024x577.jpg\" class=\"attachment-large size-large\" alt=\"\" srcset=\"https:\/\/mp2kwidzyn.pl\/wp-content\/uploads\/2025\/06\/uss4ta-1024x577.jpg 1024w, https:\/\/mp2kwidzyn.pl\/wp-content\/uploads\/2025\/06\/uss4ta-300x169.jpg 300w, https:\/\/mp2kwidzyn.pl\/wp-content\/uploads\/2025\/06\/uss4ta-768x433.jpg 768w, https:\/\/mp2kwidzyn.pl\/wp-content\/uploads\/2025\/06\/uss4ta-1536x866.jpg 1536w, https:\/\/mp2kwidzyn.pl\/wp-content\/uploads\/2025\/06\/uss4ta.jpg 1600w\" sizes=\"auto, (max-width: 640px) 100vw, 640px\" \/><\/a>\n\t\t\t\t<\/div>\n\t\t\t\t<div class=\"gl_img\">\n\t\t\t\t\t<a href='https:\/\/mp2kwidzyn.pl\/wp-content\/uploads\/2025\/06\/uss4ta.jpg'><img loading=\"lazy\" decoding=\"async\" width=\"300\" height=\"169\" src=\"https:\/\/mp2kwidzyn.pl\/wp-content\/uploads\/2025\/06\/uss4ta-300x169.jpg\" class=\"attachment-medium size-medium\" alt=\"\" srcset=\"https:\/\/mp2kwidzyn.pl\/wp-content\/uploads\/2025\/06\/uss4ta-300x169.jpg 300w, https:\/\/mp2kwidzyn.pl\/wp-content\/uploads\/2025\/06\/uss4ta-1024x577.jpg 1024w, https:\/\/mp2kwidzyn.pl\/wp-content\/uploads\/2025\/06\/uss4ta-768x433.jpg 768w, https:\/\/mp2kwidzyn.pl\/wp-content\/uploads\/2025\/06\/uss4ta-1536x866.jpg 1536w, https:\/\/mp2kwidzyn.pl\/wp-content\/uploads\/2025\/06\/uss4ta.jpg 1600w\" sizes=\"auto, (max-width: 300px) 100vw, 300px\" \/><\/a>\n\t\t\t\t\t\n\t\t\t\t<\/div>\n\t\t\t\t<div class=\"mask\">\n\t\t\t\t\t<a href=\"#TB_inline?width=600&height=550&inlineId=gallery-32\" class=\"info thickbox\" title=\"Uroczyste zako\u0144czenie przedszkola naszych Biedronek\">Uroczyste zako\u0144czenie przedszkola naszych Biedronek<\/a>\n\t\t\t\t<\/div>\n\t\t\t<\/div>\n\t\t\t<\/div><\/div><\/strong><\/div>\n","protected":false},"excerpt":{"rendered":"<p>Uroczyste zako\u0144czenie przedszkola naszych Biedronek To by\u0142 wyj\u0105tkowy moment, pe\u0142en emocji, u\u015bmiech\u00f3w i wzruszenia Nasi absolwenci zaprezentowali zdobyte w przedszkolu umiej\u0119tno\u015bci recytatorskie, wokalne oraz taneczne w pi\u0119knym wyst\u0105pieniu, kt\u00f3re dostarczy\u0142o wszystkim niezapomnianych wra\u017ce\u0144. Naszym wychowankom \u017cyczymy wielu sukces\u00f3w w szkole, a Rodzicom dzi\u0119kujemy za mi\u0142\u0105 i owocn\u0105 wsp\u00f3\u0142prac\u0119<\/p>\n","protected":false},"author":1,"featured_media":3344,"comment_status":"open","ping_status":"open","sticky":false,"template":"","format":"standard","meta":{"footnotes":""},"categories":[1],"tags":[],"class_list":["post-3340","post","type-post","status-publish","format-standard","has-post-thumbnail","hentry","category-uncategorized"],"_links":{"self":[{"href":"https:\/\/mp2kwidzyn.pl\/index.php\/wp-json\/wp\/v2\/posts\/3340","targetHints":{"allow":["GET"]}}],"collection":[{"href":"https:\/\/mp2kwidzyn.pl\/index.php\/wp-json\/wp\/v2\/posts"}],"about":[{"href":"https:\/\/mp2kwidzyn.pl\/index.php\/wp-json\/wp\/v2\/types\/post"}],"author":[{"embeddable":true,"href":"https:\/\/mp2kwidzyn.pl\/index.php\/wp-json\/wp\/v2\/users\/1"}],"replies":[{"embeddable":true,"href":"https:\/\/mp2kwidzyn.pl\/index.php\/wp-json\/wp\/v2\/comments?post=3340"}],"version-history":[{"count":2,"href":"https:\/\/mp2kwidzyn.pl\/index.php\/wp-json\/wp\/v2\/posts\/3340\/revisions"}],"predecessor-version":[{"id":3376,"href":"https:\/\/mp2kwidzyn.pl\/index.php\/wp-json\/wp\/v2\/posts\/3340\/revisions\/3376"}],"wp:featuredmedia":[{"embeddable":true,"href":"https:\/\/mp2kwidzyn.pl\/index.php\/wp-json\/wp\/v2\/media\/3344"}],"wp:attachment":[{"href":"https:\/\/mp2kwidzyn.pl\/index.php\/wp-json\/wp\/v2\/media?parent=3340"}],"wp:term":[{"taxonomy":"category","embeddable":true,"href":"https:\/\/mp2kwidzyn.pl\/index.php\/wp-json\/wp\/v2\/categories?post=3340"},{"taxonomy":"post_tag","embeddable":true,"href":"https:\/\/mp2kwidzyn.pl\/index.php\/wp-json\/wp\/v2\/tags?post=3340"}],"curies":[{"name":"wp","href":"https:\/\/api.w.org\/{rel}","templated":true}]}}