{"id":3377,"date":"2025-06-22T07:17:14","date_gmt":"2025-06-22T07:17:14","guid":{"rendered":"https:\/\/mp2kwidzyn.pl\/?p=3377"},"modified":"2025-06-22T07:27:32","modified_gmt":"2025-06-22T07:27:32","slug":"zakonczenie-roku-w-miejskim-przedszkolu-nr-2-w-kwidzynie","status":"publish","type":"post","link":"https:\/\/mp2kwidzyn.pl\/index.php\/2025\/06\/22\/zakonczenie-roku-w-miejskim-przedszkolu-nr-2-w-kwidzynie\/","title":{"rendered":"Zako\u0144czenie roku w Miejskim Przedszkolu nr 2 w Kwidzynie"},"content":{"rendered":"<p>Polonez w wykonaniu naszych sze\u015bciolatk\u00f3w <span class=\"html-span xexx8yu xyri2b x18d9i69 x1c1uobl x1hl2dhg x16tdsg8 x1vvkbs x3nfvp2 x1j61x8r x1fcty0u xdj266r xat24cr xm2jcoa x1mpyi22 xxymvpz xlup9mm x1kky2od\"><img loading=\"lazy\" decoding=\"async\" class=\"xz74otr x15mokao x1ga7v0g x16uus16 xbiv7yw\" src=\"https:\/\/static.xx.fbcdn.net\/images\/emoji.php\/v9\/tb4\/3\/16\/1f468_200d_1f393.png\" alt=\"&#x1f468;&#x200d;&#x1f393;\" width=\"16\" height=\"16\" \/><\/span><span class=\"html-span xexx8yu xyri2b x18d9i69 x1c1uobl x1hl2dhg x16tdsg8 x1vvkbs x3nfvp2 x1j61x8r x1fcty0u xdj266r xat24cr xm2jcoa x1mpyi22 xxymvpz xlup9mm x1kky2od\"><img loading=\"lazy\" decoding=\"async\" class=\"xz74otr x15mokao x1ga7v0g x16uus16 xbiv7yw\" src=\"https:\/\/static.xx.fbcdn.net\/images\/emoji.php\/v9\/t93\/3\/16\/1f469_200d_1f393.png\" alt=\"&#x1f469;&#x200d;&#x1f393;\" width=\"16\" height=\"16\" \/><\/span><\/p>\n<p><a href=\"https:\/\/www.facebook.com\/MiejskiePrzedszkolenr2wKwidzynie\/videos\/2084053792104349\"><img loading=\"lazy\" decoding=\"async\" class=\"size-medium wp-image-3378 aligncenter\" src=\"https:\/\/mp2kwidzyn.pl\/wp-content\/uploads\/2025\/06\/film1-300x167.jpg\" alt=\"\" width=\"300\" height=\"167\" srcset=\"https:\/\/mp2kwidzyn.pl\/wp-content\/uploads\/2025\/06\/film1-300x167.jpg 300w, https:\/\/mp2kwidzyn.pl\/wp-content\/uploads\/2025\/06\/film1-1024x569.jpg 1024w, https:\/\/mp2kwidzyn.pl\/wp-content\/uploads\/2025\/06\/film1-768x427.jpg 768w, https:\/\/mp2kwidzyn.pl\/wp-content\/uploads\/2025\/06\/film1-1536x853.jpg 1536w, https:\/\/mp2kwidzyn.pl\/wp-content\/uploads\/2025\/06\/film1-2048x1138.jpg 2048w\" sizes=\"auto, (max-width: 300px) 100vw, 300px\" \/><\/a><\/p>\n<p>Po\u017cegnanie przedszkola w rytmie rock\u2019n\u2019rolla &#8211; Biedronki<span class=\"html-span xexx8yu xyri2b x18d9i69 x1c1uobl x1hl2dhg x16tdsg8 x1vvkbs x3nfvp2 x1j61x8r x1fcty0u xdj266r xat24cr xm2jcoa x1mpyi22 xxymvpz xlup9mm x1kky2od\"><img loading=\"lazy\" decoding=\"async\" class=\"xz74otr x15mokao x1ga7v0g x16uus16 xbiv7yw\" src=\"https:\/\/static.xx.fbcdn.net\/images\/emoji.php\/v9\/tde\/3\/16\/1f41e.png\" alt=\"&#x1f41e;\" width=\"16\" height=\"16\" \/><\/span><\/p>\n<p><a href=\"https:\/\/www.facebook.com\/MiejskiePrzedszkolenr2wKwidzynie\/videos\/1947480129327204\"><img loading=\"lazy\" decoding=\"async\" class=\"size-medium wp-image-3381 aligncenter\" src=\"https:\/\/mp2kwidzyn.pl\/wp-content\/uploads\/2025\/06\/rockandroll-300x168.jpg\" alt=\"\" width=\"300\" height=\"168\" srcset=\"https:\/\/mp2kwidzyn.pl\/wp-content\/uploads\/2025\/06\/rockandroll-300x168.jpg 300w, https:\/\/mp2kwidzyn.pl\/wp-content\/uploads\/2025\/06\/rockandroll-1024x573.jpg 1024w, https:\/\/mp2kwidzyn.pl\/wp-content\/uploads\/2025\/06\/rockandroll-768x430.jpg 768w, https:\/\/mp2kwidzyn.pl\/wp-content\/uploads\/2025\/06\/rockandroll-1536x860.jpg 1536w, https:\/\/mp2kwidzyn.pl\/wp-content\/uploads\/2025\/06\/rockandroll-2048x1146.jpg 2048w\" sizes=\"auto, (max-width: 300px) 100vw, 300px\" \/><\/a><\/p>\n<p>Zako\u0144czenie roku <span class=\"html-span xexx8yu xyri2b x18d9i69 x1c1uobl x1hl2dhg x16tdsg8 x1vvkbs x3nfvp2 x1j61x8r x1fcty0u xdj266r xat24cr xm2jcoa x1mpyi22 xxymvpz xlup9mm x1kky2od\"><img loading=\"lazy\" decoding=\"async\" class=\"xz74otr x15mokao x1ga7v0g x16uus16 xbiv7yw\" src=\"https:\/\/static.xx.fbcdn.net\/images\/emoji.php\/v9\/t93\/3\/16\/1f469_200d_1f393.png\" alt=\"&#x1f469;&#x200d;&#x1f393;\" width=\"16\" height=\"16\" \/><\/span><span class=\"html-span xexx8yu xyri2b x18d9i69 x1c1uobl x1hl2dhg x16tdsg8 x1vvkbs x3nfvp2 x1j61x8r x1fcty0u xdj266r xat24cr xm2jcoa x1mpyi22 xxymvpz xlup9mm x1kky2od\"><img loading=\"lazy\" decoding=\"async\" class=\"xz74otr x15mokao x1ga7v0g x16uus16 xbiv7yw\" src=\"https:\/\/static.xx.fbcdn.net\/images\/emoji.php\/v9\/tb4\/3\/16\/1f468_200d_1f393.png\" alt=\"&#x1f468;&#x200d;&#x1f393;\" width=\"16\" height=\"16\" \/><\/span>&#8211; wyst\u0119py Biedronek<span class=\"html-span xexx8yu xyri2b x18d9i69 x1c1uobl x1hl2dhg x16tdsg8 x1vvkbs x3nfvp2 x1j61x8r x1fcty0u xdj266r xat24cr xm2jcoa x1mpyi22 xxymvpz xlup9mm x1kky2od\"><img loading=\"lazy\" decoding=\"async\" class=\"xz74otr x15mokao x1ga7v0g x16uus16 xbiv7yw\" src=\"https:\/\/static.xx.fbcdn.net\/images\/emoji.php\/v9\/tde\/3\/16\/1f41e.png\" alt=\"&#x1f41e;\" width=\"16\" height=\"16\" \/><\/span><\/p>\n<p><img loading=\"lazy\" decoding=\"async\" class=\"size-medium wp-image-3384 aligncenter\" src=\"https:\/\/mp2kwidzyn.pl\/wp-content\/uploads\/2025\/06\/wystepybiedronek-300x168.jpg\" alt=\"\" width=\"300\" height=\"168\" srcset=\"https:\/\/mp2kwidzyn.pl\/wp-content\/uploads\/2025\/06\/wystepybiedronek-300x168.jpg 300w, https:\/\/mp2kwidzyn.pl\/wp-content\/uploads\/2025\/06\/wystepybiedronek-1024x573.jpg 1024w, https:\/\/mp2kwidzyn.pl\/wp-content\/uploads\/2025\/06\/wystepybiedronek-768x430.jpg 768w, https:\/\/mp2kwidzyn.pl\/wp-content\/uploads\/2025\/06\/wystepybiedronek-1536x860.jpg 1536w, https:\/\/mp2kwidzyn.pl\/wp-content\/uploads\/2025\/06\/wystepybiedronek-2048x1146.jpg 2048w\" sizes=\"auto, (max-width: 300px) 100vw, 300px\" \/><\/p>\n<p><a href=\"https:\/\/www.facebook.com\/MiejskiePrzedszkolenr2wKwidzynie\/videos\/1003698928502517\"><img loading=\"lazy\" decoding=\"async\" class=\"size-medium wp-image-3386 aligncenter\" src=\"https:\/\/mp2kwidzyn.pl\/wp-content\/uploads\/2025\/06\/wystepybiedronek2-300x168.jpg\" alt=\"\" width=\"300\" height=\"168\" srcset=\"https:\/\/mp2kwidzyn.pl\/wp-content\/uploads\/2025\/06\/wystepybiedronek2-300x168.jpg 300w, https:\/\/mp2kwidzyn.pl\/wp-content\/uploads\/2025\/06\/wystepybiedronek2-1024x573.jpg 1024w, https:\/\/mp2kwidzyn.pl\/wp-content\/uploads\/2025\/06\/wystepybiedronek2-768x430.jpg 768w, https:\/\/mp2kwidzyn.pl\/wp-content\/uploads\/2025\/06\/wystepybiedronek2-1536x860.jpg 1536w, https:\/\/mp2kwidzyn.pl\/wp-content\/uploads\/2025\/06\/wystepybiedronek2-2048x1146.jpg 2048w\" sizes=\"auto, (max-width: 300px) 100vw, 300px\" \/><\/a><\/p>\n<p><a href=\"https:\/\/www.facebook.com\/MiejskiePrzedszkolenr2wKwidzynie\/videos\/1385143759251220\"><img loading=\"lazy\" decoding=\"async\" class=\"size-medium wp-image-3388 aligncenter\" src=\"https:\/\/mp2kwidzyn.pl\/wp-content\/uploads\/2025\/06\/wystepybiedronek3-300x168.jpg\" alt=\"\" width=\"300\" height=\"168\" srcset=\"https:\/\/mp2kwidzyn.pl\/wp-content\/uploads\/2025\/06\/wystepybiedronek3-300x168.jpg 300w, https:\/\/mp2kwidzyn.pl\/wp-content\/uploads\/2025\/06\/wystepybiedronek3-1024x573.jpg 1024w, https:\/\/mp2kwidzyn.pl\/wp-content\/uploads\/2025\/06\/wystepybiedronek3-768x430.jpg 768w, https:\/\/mp2kwidzyn.pl\/wp-content\/uploads\/2025\/06\/wystepybiedronek3-1536x860.jpg 1536w, https:\/\/mp2kwidzyn.pl\/wp-content\/uploads\/2025\/06\/wystepybiedronek3-2048x1146.jpg 2048w\" sizes=\"auto, (max-width: 300px) 100vw, 300px\" \/><\/a><\/p>\n<p>&nbsp;<\/p>\n","protected":false},"excerpt":{"rendered":"<p>Polonez w wykonaniu naszych sze\u015bciolatk\u00f3w Po\u017cegnanie przedszkola w rytmie rock\u2019n\u2019rolla &#8211; Biedronki Zako\u0144czenie roku &#8211; wyst\u0119py Biedronek &nbsp;<\/p>\n","protected":false},"author":1,"featured_media":3356,"comment_status":"open","ping_status":"open","sticky":false,"template":"","format":"standard","meta":{"footnotes":""},"categories":[1],"tags":[],"class_list":["post-3377","post","type-post","status-publish","format-standard","has-post-thumbnail","hentry","category-uncategorized"],"_links":{"self":[{"href":"https:\/\/mp2kwidzyn.pl\/index.php\/wp-json\/wp\/v2\/posts\/3377","targetHints":{"allow":["GET"]}}],"collection":[{"href":"https:\/\/mp2kwidzyn.pl\/index.php\/wp-json\/wp\/v2\/posts"}],"about":[{"href":"https:\/\/mp2kwidzyn.pl\/index.php\/wp-json\/wp\/v2\/types\/post"}],"author":[{"embeddable":true,"href":"https:\/\/mp2kwidzyn.pl\/index.php\/wp-json\/wp\/v2\/users\/1"}],"replies":[{"embeddable":true,"href":"https:\/\/mp2kwidzyn.pl\/index.php\/wp-json\/wp\/v2\/comments?post=3377"}],"version-history":[{"count":8,"href":"https:\/\/mp2kwidzyn.pl\/index.php\/wp-json\/wp\/v2\/posts\/3377\/revisions"}],"predecessor-version":[{"id":3390,"href":"https:\/\/mp2kwidzyn.pl\/index.php\/wp-json\/wp\/v2\/posts\/3377\/revisions\/3390"}],"wp:featuredmedia":[{"embeddable":true,"href":"https:\/\/mp2kwidzyn.pl\/index.php\/wp-json\/wp\/v2\/media\/3356"}],"wp:attachment":[{"href":"https:\/\/mp2kwidzyn.pl\/index.php\/wp-json\/wp\/v2\/media?parent=3377"}],"wp:term":[{"taxonomy":"category","embeddable":true,"href":"https:\/\/mp2kwidzyn.pl\/index.php\/wp-json\/wp\/v2\/categories?post=3377"},{"taxonomy":"post_tag","embeddable":true,"href":"https:\/\/mp2kwidzyn.pl\/index.php\/wp-json\/wp\/v2\/tags?post=3377"}],"curies":[{"name":"wp","href":"https:\/\/api.w.org\/{rel}","templated":true}]}}