{"id":3611,"date":"2025-09-03T06:14:10","date_gmt":"2025-09-03T06:14:10","guid":{"rendered":"https:\/\/mp2kwidzyn.pl\/?p=3611"},"modified":"2025-09-03T06:15:02","modified_gmt":"2025-09-03T06:15:02","slug":"3611","status":"publish","type":"post","link":"https:\/\/mp2kwidzyn.pl\/index.php\/2025\/09\/03\/3611\/","title":{"rendered":"Rozpocz\u0119cie Nowego Roku Przedszkolnego"},"content":{"rendered":"<div dir=\"auto\"><strong>Drodzy Rodzice<\/strong>,<\/div>\n<div dir=\"auto\">Koniec wakacji oznacza, \u017ce rozpoczyna si\u0119 nowy rok szkolny. Od poniedzia\u0142ku, <strong>1\u00a0<\/strong><strong style=\"font-size: 1rem;\">wrze\u015bnia<\/strong><span style=\"font-size: 1rem;\">, Wasze dzieci rozpoczn\u0105 przedszkoln\u0105 <\/span><strong style=\"font-size: 1rem;\">przygod\u0119<\/strong><span style=\"font-size: 1rem;\"> pe\u0142n\u0105 radosnej zabawy. To czas wyzwa\u0144, wzrusze\u0144 i sukces\u00f3w. Przedszkole dla Was wsparciem<\/span><span style=\"font-size: 1rem;\">\u00a0i miejscem, w kt\u00f3rym spe\u0142niaj\u0105 si\u0119 marzenia Waszych dzieci.<\/span><\/div>\n<div dir=\"auto\">W najbli\u017cszym czasie rozpoczniemy przygotowania do <strong>Dnia przedszkolaka<\/strong> w <strong>Miejskim Przedszkolu nr 2 w Kwidzynie<\/strong>. Chcemy, by by\u0142o to wyj\u0105tkowe \u015bwi\u0119to. \u017byczymy dumy z ka\u017cdego kroku, kt\u00f3ry Wasze dziecko postawi na drodze rozwoju. Pozdrawiam w imieniu zespo\u0142u Miejskiego Przedszkola nr 2 w Kwidzynie &#8211; dyrektor przedszkola <strong>Lidia Nowacka<\/strong><\/div>\n","protected":false},"excerpt":{"rendered":"<p>Drodzy Rodzice, Koniec wakacji oznacza, \u017ce rozpoczyna si\u0119 nowy rok szkolny. Od poniedzia\u0142ku, 1\u00a0wrze\u015bnia, Wasze dzieci rozpoczn\u0105 przedszkoln\u0105 przygod\u0119 pe\u0142n\u0105 radosnej zabawy. To czas wyzwa\u0144, wzrusze\u0144 i sukces\u00f3w. Przedszkole dla Was wsparciem\u00a0i miejscem, w kt\u00f3rym spe\u0142niaj\u0105 si\u0119 marzenia Waszych dzieci. W najbli\u017cszym czasie rozpoczniemy przygotowania do Dnia przedszkolaka w Miejskim Przedszkolu nr 2 w Kwidzynie. &hellip; <\/p>\n<p class=\"link-more\"><a href=\"https:\/\/mp2kwidzyn.pl\/index.php\/2025\/09\/03\/3611\/\" class=\"more-link\">Continue reading<span class=\"screen-reader-text\"> &#8222;Rozpocz\u0119cie Nowego Roku Przedszkolnego&#8221;<\/span><\/a><\/p>\n","protected":false},"author":1,"featured_media":3613,"comment_status":"open","ping_status":"open","sticky":false,"template":"","format":"standard","meta":{"footnotes":""},"categories":[1],"tags":[],"class_list":["post-3611","post","type-post","status-publish","format-standard","has-post-thumbnail","hentry","category-uncategorized"],"_links":{"self":[{"href":"https:\/\/mp2kwidzyn.pl\/index.php\/wp-json\/wp\/v2\/posts\/3611","targetHints":{"allow":["GET"]}}],"collection":[{"href":"https:\/\/mp2kwidzyn.pl\/index.php\/wp-json\/wp\/v2\/posts"}],"about":[{"href":"https:\/\/mp2kwidzyn.pl\/index.php\/wp-json\/wp\/v2\/types\/post"}],"author":[{"embeddable":true,"href":"https:\/\/mp2kwidzyn.pl\/index.php\/wp-json\/wp\/v2\/users\/1"}],"replies":[{"embeddable":true,"href":"https:\/\/mp2kwidzyn.pl\/index.php\/wp-json\/wp\/v2\/comments?post=3611"}],"version-history":[{"count":2,"href":"https:\/\/mp2kwidzyn.pl\/index.php\/wp-json\/wp\/v2\/posts\/3611\/revisions"}],"predecessor-version":[{"id":3615,"href":"https:\/\/mp2kwidzyn.pl\/index.php\/wp-json\/wp\/v2\/posts\/3611\/revisions\/3615"}],"wp:featuredmedia":[{"embeddable":true,"href":"https:\/\/mp2kwidzyn.pl\/index.php\/wp-json\/wp\/v2\/media\/3613"}],"wp:attachment":[{"href":"https:\/\/mp2kwidzyn.pl\/index.php\/wp-json\/wp\/v2\/media?parent=3611"}],"wp:term":[{"taxonomy":"category","embeddable":true,"href":"https:\/\/mp2kwidzyn.pl\/index.php\/wp-json\/wp\/v2\/categories?post=3611"},{"taxonomy":"post_tag","embeddable":true,"href":"https:\/\/mp2kwidzyn.pl\/index.php\/wp-json\/wp\/v2\/tags?post=3611"}],"curies":[{"name":"wp","href":"https:\/\/api.w.org\/{rel}","templated":true}]}}