{"id":3639,"date":"2025-09-23T20:03:18","date_gmt":"2025-09-23T20:03:18","guid":{"rendered":"https:\/\/mp2kwidzyn.pl\/?p=3639"},"modified":"2025-09-23T20:03:59","modified_gmt":"2025-09-23T20:03:59","slug":"wspomnienia-z-dnia-przedszkolaka","status":"publish","type":"post","link":"https:\/\/mp2kwidzyn.pl\/index.php\/2025\/09\/23\/wspomnienia-z-dnia-przedszkolaka\/","title":{"rendered":"Wspomnienia z Dnia Przedszkolaka"},"content":{"rendered":"<p>&nbsp;<\/p>\n<div dir=\"auto\">Nasze Przedszkolaki\u00a0<span class=\"html-span xexx8yu xyri2b x18d9i69 x1c1uobl x1hl2dhg x16tdsg8 x1vvkbs x3nfvp2 x1j61x8r x1fcty0u xdj266r xat24cr xm2jcoa x1mpyi22 xxymvpz xlup9mm x1kky2od\"><img loading=\"lazy\" decoding=\"async\" class=\"xz74otr x15mokao x1ga7v0g x16uus16 xbiv7yw\" src=\"https:\/\/static.xx.fbcdn.net\/images\/emoji.php\/v9\/t96\/3\/16\/1f929.png\" alt=\"&#x1f929;\" width=\"16\" height=\"16\" \/><a href=\"https:\/\/www.facebook.com\/MiejskiePrzedszkolenr2wKwidzynie\/videos\/1090912183256993\"><img loading=\"lazy\" decoding=\"async\" class=\"size-medium wp-image-3640 alignright\" src=\"https:\/\/mp2kwidzyn.pl\/wp-content\/uploads\/2025\/09\/wspomnieniazdniaprzedszkolaka-300x300.jpg\" alt=\"\" width=\"300\" height=\"300\" srcset=\"https:\/\/mp2kwidzyn.pl\/wp-content\/uploads\/2025\/09\/wspomnieniazdniaprzedszkolaka-300x300.jpg 300w, https:\/\/mp2kwidzyn.pl\/wp-content\/uploads\/2025\/09\/wspomnieniazdniaprzedszkolaka-1022x1024.jpg 1022w, https:\/\/mp2kwidzyn.pl\/wp-content\/uploads\/2025\/09\/wspomnieniazdniaprzedszkolaka-150x150.jpg 150w, https:\/\/mp2kwidzyn.pl\/wp-content\/uploads\/2025\/09\/wspomnieniazdniaprzedszkolaka-768x769.jpg 768w, https:\/\/mp2kwidzyn.pl\/wp-content\/uploads\/2025\/09\/wspomnieniazdniaprzedszkolaka.jpg 1180w\" sizes=\"auto, (max-width: 300px) 100vw, 300px\" \/><\/a><\/span><\/div>\n<div dir=\"auto\">Grupa- S\u00f3wki<\/div>\n<div dir=\"auto\">Grupa- Je\u017cyki<\/div>\n<div dir=\"auto\">Grupa- Motylk\u00f3w<\/div>\n<div dir=\"auto\">Grupa- \u017babki<\/div>\n<div dir=\"auto\">Grupa- Liski<\/div>\n<div dir=\"auto\">Grupa- Pszcz\u00f3\u0142ki<\/div>\n<div dir=\"auto\">Grupa- Tygryski<\/div>\n<div dir=\"auto\">Grupa- Misi\u00f3w<\/div>\n<div dir=\"auto\">Grupa- K\u0142apouszki<\/div>\n<p>&nbsp;<\/p>\n","protected":false},"excerpt":{"rendered":"<p>&nbsp; Nasze Przedszkolaki\u00a0 Grupa- S\u00f3wki Grupa- Je\u017cyki Grupa- Motylk\u00f3w Grupa- \u017babki Grupa- Liski Grupa- Pszcz\u00f3\u0142ki Grupa- Tygryski Grupa- Misi\u00f3w Grupa- K\u0142apouszki &nbsp;<\/p>\n","protected":false},"author":1,"featured_media":3640,"comment_status":"open","ping_status":"open","sticky":false,"template":"","format":"standard","meta":{"footnotes":""},"categories":[1],"tags":[],"class_list":["post-3639","post","type-post","status-publish","format-standard","has-post-thumbnail","hentry","category-uncategorized"],"_links":{"self":[{"href":"https:\/\/mp2kwidzyn.pl\/index.php\/wp-json\/wp\/v2\/posts\/3639","targetHints":{"allow":["GET"]}}],"collection":[{"href":"https:\/\/mp2kwidzyn.pl\/index.php\/wp-json\/wp\/v2\/posts"}],"about":[{"href":"https:\/\/mp2kwidzyn.pl\/index.php\/wp-json\/wp\/v2\/types\/post"}],"author":[{"embeddable":true,"href":"https:\/\/mp2kwidzyn.pl\/index.php\/wp-json\/wp\/v2\/users\/1"}],"replies":[{"embeddable":true,"href":"https:\/\/mp2kwidzyn.pl\/index.php\/wp-json\/wp\/v2\/comments?post=3639"}],"version-history":[{"count":1,"href":"https:\/\/mp2kwidzyn.pl\/index.php\/wp-json\/wp\/v2\/posts\/3639\/revisions"}],"predecessor-version":[{"id":3641,"href":"https:\/\/mp2kwidzyn.pl\/index.php\/wp-json\/wp\/v2\/posts\/3639\/revisions\/3641"}],"wp:featuredmedia":[{"embeddable":true,"href":"https:\/\/mp2kwidzyn.pl\/index.php\/wp-json\/wp\/v2\/media\/3640"}],"wp:attachment":[{"href":"https:\/\/mp2kwidzyn.pl\/index.php\/wp-json\/wp\/v2\/media?parent=3639"}],"wp:term":[{"taxonomy":"category","embeddable":true,"href":"https:\/\/mp2kwidzyn.pl\/index.php\/wp-json\/wp\/v2\/categories?post=3639"},{"taxonomy":"post_tag","embeddable":true,"href":"https:\/\/mp2kwidzyn.pl\/index.php\/wp-json\/wp\/v2\/tags?post=3639"}],"curies":[{"name":"wp","href":"https:\/\/api.w.org\/{rel}","templated":true}]}}