{"id":3798,"date":"2025-10-17T11:25:13","date_gmt":"2025-10-17T11:25:13","guid":{"rendered":"https:\/\/mp2kwidzyn.pl\/?p=3798"},"modified":"2025-10-17T12:09:45","modified_gmt":"2025-10-17T12:09:45","slug":"uroczyste-otwarcie-naszego-przedszkola","status":"publish","type":"post","link":"https:\/\/mp2kwidzyn.pl\/index.php\/2025\/10\/17\/uroczyste-otwarcie-naszego-przedszkola\/","title":{"rendered":"Uroczyste otwarcie naszego przedszkola"},"content":{"rendered":"<p>Dnia 15.10.25 uroczy\u015bcie otworzyli\u015bmy nasze przedszkole to wyj\u0105tkowe wydarzenie po\u0142\u0105czyli\u015bmy ze \u015bwi\u0119towaniem Dnia Edukacji Narodowej . Uroczysto\u015b\u0107 u\u015bwietni\u0142y wyst\u0119py naszych wspania\u0142ych sze\u015bciolatk\u00f3w z grup <span class=\"html-span xexx8yu xyri2b x18d9i69 x1c1uobl x1hl2dhg x16tdsg8 x1vvkbs x3nfvp2 x1j61x8r x1fcty0u xdj266r xat24cr xm2jcoa x1mpyi22 xxymvpz xlup9mm x1kky2od\"><img loading=\"lazy\" decoding=\"async\" class=\"xz74otr x15mokao x1ga7v0g x16uus16 xbiv7yw\" src=\"https:\/\/static.xx.fbcdn.net\/images\/emoji.php\/v9\/tf1\/3\/16\/1f638.png\" alt=\"&#x1f638;\" width=\"16\" height=\"16\" \/><\/span><span class=\"html-span xexx8yu xyri2b x18d9i69 x1c1uobl x1hl2dhg x16tdsg8 x1vvkbs x3nfvp2 x1j61x8r x1fcty0u xdj266r xat24cr xm2jcoa x1mpyi22 xxymvpz xlup9mm x1kky2od\"><img loading=\"lazy\" decoding=\"async\" class=\"xz74otr x15mokao x1ga7v0g x16uus16 xbiv7yw\" src=\"https:\/\/static.xx.fbcdn.net\/images\/emoji.php\/v9\/t99\/3\/16\/1f43b.png\" alt=\"&#x1f43b;\" width=\"16\" height=\"16\" \/><\/span>. Dzi\u0119kujemy wszystkim go\u015bciom za obecno\u015b\u0107 i wsp\u00f3lne \u015bwi\u0119towanie tego wa\u017cnego dnia .<\/p>\n<p><strong style=\"font-size: 1rem;\"><div class=\"row\"><div class=\"col-md-4 col-lg-4 col-sm-4 gallery-image\">\n\t\t\t<div class=\"gallery view second-effect\">\n\t\t\t\t<div id=\"gallery-1\" style=\"display:none;\">\n\t\t\t\t\t<a href='https:\/\/mp2kwidzyn.pl\/wp-content\/uploads\/2025\/10\/560656732_1091435569872021_6616822065127555573_n.jpg'><img loading=\"lazy\" decoding=\"async\" width=\"640\" height=\"480\" src=\"https:\/\/mp2kwidzyn.pl\/wp-content\/uploads\/2025\/10\/560656732_1091435569872021_6616822065127555573_n-1024x768.jpg\" class=\"attachment-large size-large\" alt=\"\" srcset=\"https:\/\/mp2kwidzyn.pl\/wp-content\/uploads\/2025\/10\/560656732_1091435569872021_6616822065127555573_n-1024x768.jpg 1024w, https:\/\/mp2kwidzyn.pl\/wp-content\/uploads\/2025\/10\/560656732_1091435569872021_6616822065127555573_n-300x225.jpg 300w, https:\/\/mp2kwidzyn.pl\/wp-content\/uploads\/2025\/10\/560656732_1091435569872021_6616822065127555573_n-768x576.jpg 768w, https:\/\/mp2kwidzyn.pl\/wp-content\/uploads\/2025\/10\/560656732_1091435569872021_6616822065127555573_n-1536x1152.jpg 1536w, https:\/\/mp2kwidzyn.pl\/wp-content\/uploads\/2025\/10\/560656732_1091435569872021_6616822065127555573_n.jpg 2000w\" sizes=\"auto, (max-width: 640px) 100vw, 640px\" \/><\/a>\n\t\t\t\t<\/div>\n\t\t\t\t<div class=\"gl_img\">\n\t\t\t\t\t<a href='https:\/\/mp2kwidzyn.pl\/wp-content\/uploads\/2025\/10\/560656732_1091435569872021_6616822065127555573_n.jpg'><img loading=\"lazy\" decoding=\"async\" width=\"300\" height=\"225\" src=\"https:\/\/mp2kwidzyn.pl\/wp-content\/uploads\/2025\/10\/560656732_1091435569872021_6616822065127555573_n-300x225.jpg\" class=\"attachment-medium size-medium\" alt=\"\" srcset=\"https:\/\/mp2kwidzyn.pl\/wp-content\/uploads\/2025\/10\/560656732_1091435569872021_6616822065127555573_n-300x225.jpg 300w, https:\/\/mp2kwidzyn.pl\/wp-content\/uploads\/2025\/10\/560656732_1091435569872021_6616822065127555573_n-1024x768.jpg 1024w, https:\/\/mp2kwidzyn.pl\/wp-content\/uploads\/2025\/10\/560656732_1091435569872021_6616822065127555573_n-768x576.jpg 768w, https:\/\/mp2kwidzyn.pl\/wp-content\/uploads\/2025\/10\/560656732_1091435569872021_6616822065127555573_n-1536x1152.jpg 1536w, https:\/\/mp2kwidzyn.pl\/wp-content\/uploads\/2025\/10\/560656732_1091435569872021_6616822065127555573_n.jpg 2000w\" sizes=\"auto, (max-width: 300px) 100vw, 300px\" \/><\/a>\n\t\t\t\t\t\n\t\t\t\t<\/div>\n\t\t\t\t<div class=\"mask\">\n\t\t\t\t\t<a href=\"#TB_inline?width=600&height=550&inlineId=gallery-1\" class=\"info thickbox\" title=\"Uroczyste otwarcie naszego przedszkola\">Uroczyste otwarcie naszego przedszkola<\/a>\n\t\t\t\t<\/div>\n\t\t\t<\/div>\n\t\t\t<\/div><div class=\"col-md-4 col-lg-4 col-sm-4 gallery-image\">\n\t\t\t<div class=\"gallery view second-effect\">\n\t\t\t\t<div id=\"gallery-2\" style=\"display:none;\">\n\t\t\t\t\t<a href='https:\/\/mp2kwidzyn.pl\/wp-content\/uploads\/2025\/10\/560988363_1091435103205401_5550027136162669933_n.jpg'><img loading=\"lazy\" decoding=\"async\" width=\"640\" height=\"480\" src=\"https:\/\/mp2kwidzyn.pl\/wp-content\/uploads\/2025\/10\/560988363_1091435103205401_5550027136162669933_n-1024x768.jpg\" class=\"attachment-large size-large\" alt=\"\" srcset=\"https:\/\/mp2kwidzyn.pl\/wp-content\/uploads\/2025\/10\/560988363_1091435103205401_5550027136162669933_n-1024x768.jpg 1024w, https:\/\/mp2kwidzyn.pl\/wp-content\/uploads\/2025\/10\/560988363_1091435103205401_5550027136162669933_n-300x225.jpg 300w, https:\/\/mp2kwidzyn.pl\/wp-content\/uploads\/2025\/10\/560988363_1091435103205401_5550027136162669933_n-768x576.jpg 768w, https:\/\/mp2kwidzyn.pl\/wp-content\/uploads\/2025\/10\/560988363_1091435103205401_5550027136162669933_n-1536x1152.jpg 1536w, https:\/\/mp2kwidzyn.pl\/wp-content\/uploads\/2025\/10\/560988363_1091435103205401_5550027136162669933_n.jpg 1600w\" sizes=\"auto, (max-width: 640px) 100vw, 640px\" \/><\/a>\n\t\t\t\t<\/div>\n\t\t\t\t<div class=\"gl_img\">\n\t\t\t\t\t<a href='https:\/\/mp2kwidzyn.pl\/wp-content\/uploads\/2025\/10\/560988363_1091435103205401_5550027136162669933_n.jpg'><img loading=\"lazy\" decoding=\"async\" width=\"300\" height=\"225\" src=\"https:\/\/mp2kwidzyn.pl\/wp-content\/uploads\/2025\/10\/560988363_1091435103205401_5550027136162669933_n-300x225.jpg\" class=\"attachment-medium size-medium\" alt=\"\" srcset=\"https:\/\/mp2kwidzyn.pl\/wp-content\/uploads\/2025\/10\/560988363_1091435103205401_5550027136162669933_n-300x225.jpg 300w, https:\/\/mp2kwidzyn.pl\/wp-content\/uploads\/2025\/10\/560988363_1091435103205401_5550027136162669933_n-1024x768.jpg 1024w, https:\/\/mp2kwidzyn.pl\/wp-content\/uploads\/2025\/10\/560988363_1091435103205401_5550027136162669933_n-768x576.jpg 768w, https:\/\/mp2kwidzyn.pl\/wp-content\/uploads\/2025\/10\/560988363_1091435103205401_5550027136162669933_n-1536x1152.jpg 1536w, https:\/\/mp2kwidzyn.pl\/wp-content\/uploads\/2025\/10\/560988363_1091435103205401_5550027136162669933_n.jpg 1600w\" sizes=\"auto, (max-width: 300px) 100vw, 300px\" \/><\/a>\n\t\t\t\t\t\n\t\t\t\t<\/div>\n\t\t\t\t<div class=\"mask\">\n\t\t\t\t\t<a href=\"#TB_inline?width=600&height=550&inlineId=gallery-2\" class=\"info thickbox\" title=\"Uroczyste otwarcie naszego przedszkola\">Uroczyste otwarcie naszego przedszkola<\/a>\n\t\t\t\t<\/div>\n\t\t\t<\/div>\n\t\t\t<\/div><div class=\"col-md-4 col-lg-4 col-sm-4 gallery-image\">\n\t\t\t<div class=\"gallery view second-effect\">\n\t\t\t\t<div id=\"gallery-3\" style=\"display:none;\">\n\t\t\t\t\t<a href='https:\/\/mp2kwidzyn.pl\/wp-content\/uploads\/2025\/10\/561397233_1091435069872071_4192537857630655553_n.jpg'><img loading=\"lazy\" decoding=\"async\" width=\"640\" height=\"853\" src=\"https:\/\/mp2kwidzyn.pl\/wp-content\/uploads\/2025\/10\/561397233_1091435069872071_4192537857630655553_n-768x1024.jpg\" class=\"attachment-large size-large\" alt=\"\" srcset=\"https:\/\/mp2kwidzyn.pl\/wp-content\/uploads\/2025\/10\/561397233_1091435069872071_4192537857630655553_n-768x1024.jpg 768w, https:\/\/mp2kwidzyn.pl\/wp-content\/uploads\/2025\/10\/561397233_1091435069872071_4192537857630655553_n-225x300.jpg 225w, https:\/\/mp2kwidzyn.pl\/wp-content\/uploads\/2025\/10\/561397233_1091435069872071_4192537857630655553_n-1152x1536.jpg 1152w, https:\/\/mp2kwidzyn.pl\/wp-content\/uploads\/2025\/10\/561397233_1091435069872071_4192537857630655553_n.jpg 1200w\" sizes=\"auto, (max-width: 640px) 100vw, 640px\" \/><\/a>\n\t\t\t\t<\/div>\n\t\t\t\t<div class=\"gl_img\">\n\t\t\t\t\t<a href='https:\/\/mp2kwidzyn.pl\/wp-content\/uploads\/2025\/10\/561397233_1091435069872071_4192537857630655553_n.jpg'><img loading=\"lazy\" decoding=\"async\" width=\"225\" height=\"300\" src=\"https:\/\/mp2kwidzyn.pl\/wp-content\/uploads\/2025\/10\/561397233_1091435069872071_4192537857630655553_n-225x300.jpg\" class=\"attachment-medium size-medium\" alt=\"\" srcset=\"https:\/\/mp2kwidzyn.pl\/wp-content\/uploads\/2025\/10\/561397233_1091435069872071_4192537857630655553_n-225x300.jpg 225w, https:\/\/mp2kwidzyn.pl\/wp-content\/uploads\/2025\/10\/561397233_1091435069872071_4192537857630655553_n-768x1024.jpg 768w, https:\/\/mp2kwidzyn.pl\/wp-content\/uploads\/2025\/10\/561397233_1091435069872071_4192537857630655553_n-1152x1536.jpg 1152w, https:\/\/mp2kwidzyn.pl\/wp-content\/uploads\/2025\/10\/561397233_1091435069872071_4192537857630655553_n.jpg 1200w\" sizes=\"auto, (max-width: 225px) 100vw, 225px\" \/><\/a>\n\t\t\t\t\t\n\t\t\t\t<\/div>\n\t\t\t\t<div class=\"mask\">\n\t\t\t\t\t<a href=\"#TB_inline?width=600&height=550&inlineId=gallery-3\" class=\"info thickbox\" title=\"Uroczyste otwarcie naszego przedszkola\">Uroczyste otwarcie naszego przedszkola<\/a>\n\t\t\t\t<\/div>\n\t\t\t<\/div>\n\t\t\t<\/div><div class=\"col-md-4 col-lg-4 col-sm-4 gallery-image\">\n\t\t\t<div class=\"gallery view second-effect\">\n\t\t\t\t<div id=\"gallery-4\" style=\"display:none;\">\n\t\t\t\t\t<a href='https:\/\/mp2kwidzyn.pl\/wp-content\/uploads\/2025\/10\/561766301_1091435033205408_5686423896110181919_n.jpg'><img loading=\"lazy\" decoding=\"async\" width=\"640\" height=\"480\" src=\"https:\/\/mp2kwidzyn.pl\/wp-content\/uploads\/2025\/10\/561766301_1091435033205408_5686423896110181919_n-1024x768.jpg\" class=\"attachment-large size-large\" alt=\"\" srcset=\"https:\/\/mp2kwidzyn.pl\/wp-content\/uploads\/2025\/10\/561766301_1091435033205408_5686423896110181919_n-1024x768.jpg 1024w, https:\/\/mp2kwidzyn.pl\/wp-content\/uploads\/2025\/10\/561766301_1091435033205408_5686423896110181919_n-300x225.jpg 300w, https:\/\/mp2kwidzyn.pl\/wp-content\/uploads\/2025\/10\/561766301_1091435033205408_5686423896110181919_n-768x576.jpg 768w, https:\/\/mp2kwidzyn.pl\/wp-content\/uploads\/2025\/10\/561766301_1091435033205408_5686423896110181919_n-1536x1152.jpg 1536w, https:\/\/mp2kwidzyn.pl\/wp-content\/uploads\/2025\/10\/561766301_1091435033205408_5686423896110181919_n.jpg 1600w\" sizes=\"auto, (max-width: 640px) 100vw, 640px\" \/><\/a>\n\t\t\t\t<\/div>\n\t\t\t\t<div class=\"gl_img\">\n\t\t\t\t\t<a href='https:\/\/mp2kwidzyn.pl\/wp-content\/uploads\/2025\/10\/561766301_1091435033205408_5686423896110181919_n.jpg'><img loading=\"lazy\" decoding=\"async\" width=\"300\" height=\"225\" src=\"https:\/\/mp2kwidzyn.pl\/wp-content\/uploads\/2025\/10\/561766301_1091435033205408_5686423896110181919_n-300x225.jpg\" class=\"attachment-medium size-medium\" alt=\"\" srcset=\"https:\/\/mp2kwidzyn.pl\/wp-content\/uploads\/2025\/10\/561766301_1091435033205408_5686423896110181919_n-300x225.jpg 300w, https:\/\/mp2kwidzyn.pl\/wp-content\/uploads\/2025\/10\/561766301_1091435033205408_5686423896110181919_n-1024x768.jpg 1024w, https:\/\/mp2kwidzyn.pl\/wp-content\/uploads\/2025\/10\/561766301_1091435033205408_5686423896110181919_n-768x576.jpg 768w, https:\/\/mp2kwidzyn.pl\/wp-content\/uploads\/2025\/10\/561766301_1091435033205408_5686423896110181919_n-1536x1152.jpg 1536w, https:\/\/mp2kwidzyn.pl\/wp-content\/uploads\/2025\/10\/561766301_1091435033205408_5686423896110181919_n.jpg 1600w\" sizes=\"auto, (max-width: 300px) 100vw, 300px\" \/><\/a>\n\t\t\t\t\t\n\t\t\t\t<\/div>\n\t\t\t\t<div class=\"mask\">\n\t\t\t\t\t<a href=\"#TB_inline?width=600&height=550&inlineId=gallery-4\" class=\"info thickbox\" title=\"Uroczyste otwarcie naszego przedszkola\">Uroczyste otwarcie naszego przedszkola<\/a>\n\t\t\t\t<\/div>\n\t\t\t<\/div>\n\t\t\t<\/div><div class=\"col-md-4 col-lg-4 col-sm-4 gallery-image\">\n\t\t\t<div class=\"gallery view second-effect\">\n\t\t\t\t<div id=\"gallery-5\" style=\"display:none;\">\n\t\t\t\t\t<a href='https:\/\/mp2kwidzyn.pl\/wp-content\/uploads\/2025\/10\/565792800_1091434916538753_3088773691265789714_n.jpg'><img loading=\"lazy\" decoding=\"async\" width=\"640\" height=\"480\" src=\"https:\/\/mp2kwidzyn.pl\/wp-content\/uploads\/2025\/10\/565792800_1091434916538753_3088773691265789714_n-1024x768.jpg\" class=\"attachment-large size-large\" alt=\"\" srcset=\"https:\/\/mp2kwidzyn.pl\/wp-content\/uploads\/2025\/10\/565792800_1091434916538753_3088773691265789714_n-1024x768.jpg 1024w, https:\/\/mp2kwidzyn.pl\/wp-content\/uploads\/2025\/10\/565792800_1091434916538753_3088773691265789714_n-300x225.jpg 300w, https:\/\/mp2kwidzyn.pl\/wp-content\/uploads\/2025\/10\/565792800_1091434916538753_3088773691265789714_n-768x576.jpg 768w, https:\/\/mp2kwidzyn.pl\/wp-content\/uploads\/2025\/10\/565792800_1091434916538753_3088773691265789714_n-1536x1152.jpg 1536w, https:\/\/mp2kwidzyn.pl\/wp-content\/uploads\/2025\/10\/565792800_1091434916538753_3088773691265789714_n.jpg 1600w\" sizes=\"auto, (max-width: 640px) 100vw, 640px\" \/><\/a>\n\t\t\t\t<\/div>\n\t\t\t\t<div class=\"gl_img\">\n\t\t\t\t\t<a href='https:\/\/mp2kwidzyn.pl\/wp-content\/uploads\/2025\/10\/565792800_1091434916538753_3088773691265789714_n.jpg'><img loading=\"lazy\" decoding=\"async\" width=\"300\" height=\"225\" src=\"https:\/\/mp2kwidzyn.pl\/wp-content\/uploads\/2025\/10\/565792800_1091434916538753_3088773691265789714_n-300x225.jpg\" class=\"attachment-medium size-medium\" alt=\"\" srcset=\"https:\/\/mp2kwidzyn.pl\/wp-content\/uploads\/2025\/10\/565792800_1091434916538753_3088773691265789714_n-300x225.jpg 300w, https:\/\/mp2kwidzyn.pl\/wp-content\/uploads\/2025\/10\/565792800_1091434916538753_3088773691265789714_n-1024x768.jpg 1024w, https:\/\/mp2kwidzyn.pl\/wp-content\/uploads\/2025\/10\/565792800_1091434916538753_3088773691265789714_n-768x576.jpg 768w, https:\/\/mp2kwidzyn.pl\/wp-content\/uploads\/2025\/10\/565792800_1091434916538753_3088773691265789714_n-1536x1152.jpg 1536w, https:\/\/mp2kwidzyn.pl\/wp-content\/uploads\/2025\/10\/565792800_1091434916538753_3088773691265789714_n.jpg 1600w\" sizes=\"auto, (max-width: 300px) 100vw, 300px\" \/><\/a>\n\t\t\t\t\t\n\t\t\t\t<\/div>\n\t\t\t\t<div class=\"mask\">\n\t\t\t\t\t<a href=\"#TB_inline?width=600&height=550&inlineId=gallery-5\" class=\"info thickbox\" title=\"Uroczyste otwarcie naszego przedszkola\">Uroczyste otwarcie naszego przedszkola<\/a>\n\t\t\t\t<\/div>\n\t\t\t<\/div>\n\t\t\t<\/div><div class=\"col-md-4 col-lg-4 col-sm-4 gallery-image\">\n\t\t\t<div class=\"gallery view second-effect\">\n\t\t\t\t<div id=\"gallery-6\" style=\"display:none;\">\n\t\t\t\t\t<a href='https:\/\/mp2kwidzyn.pl\/wp-content\/uploads\/2025\/10\/566203793_1091434829872095_2343944291170892833_n.jpg'><img loading=\"lazy\" decoding=\"async\" width=\"640\" height=\"480\" src=\"https:\/\/mp2kwidzyn.pl\/wp-content\/uploads\/2025\/10\/566203793_1091434829872095_2343944291170892833_n-1024x768.jpg\" class=\"attachment-large size-large\" alt=\"\" srcset=\"https:\/\/mp2kwidzyn.pl\/wp-content\/uploads\/2025\/10\/566203793_1091434829872095_2343944291170892833_n-1024x768.jpg 1024w, https:\/\/mp2kwidzyn.pl\/wp-content\/uploads\/2025\/10\/566203793_1091434829872095_2343944291170892833_n-300x225.jpg 300w, https:\/\/mp2kwidzyn.pl\/wp-content\/uploads\/2025\/10\/566203793_1091434829872095_2343944291170892833_n-768x576.jpg 768w, https:\/\/mp2kwidzyn.pl\/wp-content\/uploads\/2025\/10\/566203793_1091434829872095_2343944291170892833_n-1536x1152.jpg 1536w, https:\/\/mp2kwidzyn.pl\/wp-content\/uploads\/2025\/10\/566203793_1091434829872095_2343944291170892833_n.jpg 1600w\" sizes=\"auto, (max-width: 640px) 100vw, 640px\" \/><\/a>\n\t\t\t\t<\/div>\n\t\t\t\t<div class=\"gl_img\">\n\t\t\t\t\t<a href='https:\/\/mp2kwidzyn.pl\/wp-content\/uploads\/2025\/10\/566203793_1091434829872095_2343944291170892833_n.jpg'><img loading=\"lazy\" decoding=\"async\" width=\"300\" height=\"225\" src=\"https:\/\/mp2kwidzyn.pl\/wp-content\/uploads\/2025\/10\/566203793_1091434829872095_2343944291170892833_n-300x225.jpg\" class=\"attachment-medium size-medium\" alt=\"\" srcset=\"https:\/\/mp2kwidzyn.pl\/wp-content\/uploads\/2025\/10\/566203793_1091434829872095_2343944291170892833_n-300x225.jpg 300w, https:\/\/mp2kwidzyn.pl\/wp-content\/uploads\/2025\/10\/566203793_1091434829872095_2343944291170892833_n-1024x768.jpg 1024w, https:\/\/mp2kwidzyn.pl\/wp-content\/uploads\/2025\/10\/566203793_1091434829872095_2343944291170892833_n-768x576.jpg 768w, https:\/\/mp2kwidzyn.pl\/wp-content\/uploads\/2025\/10\/566203793_1091434829872095_2343944291170892833_n-1536x1152.jpg 1536w, https:\/\/mp2kwidzyn.pl\/wp-content\/uploads\/2025\/10\/566203793_1091434829872095_2343944291170892833_n.jpg 1600w\" sizes=\"auto, (max-width: 300px) 100vw, 300px\" \/><\/a>\n\t\t\t\t\t\n\t\t\t\t<\/div>\n\t\t\t\t<div class=\"mask\">\n\t\t\t\t\t<a href=\"#TB_inline?width=600&height=550&inlineId=gallery-6\" class=\"info thickbox\" title=\"Uroczyste otwarcie naszego przedszkola\">Uroczyste otwarcie naszego przedszkola<\/a>\n\t\t\t\t<\/div>\n\t\t\t<\/div>\n\t\t\t<\/div><div class=\"col-md-4 col-lg-4 col-sm-4 gallery-image\">\n\t\t\t<div class=\"gallery view second-effect\">\n\t\t\t\t<div id=\"gallery-7\" style=\"display:none;\">\n\t\t\t\t\t<a href='https:\/\/mp2kwidzyn.pl\/wp-content\/uploads\/2025\/10\/560695412_1091434786538766_6967524512999010586_n.jpg'><img loading=\"lazy\" decoding=\"async\" width=\"640\" height=\"480\" src=\"https:\/\/mp2kwidzyn.pl\/wp-content\/uploads\/2025\/10\/560695412_1091434786538766_6967524512999010586_n-1024x768.jpg\" class=\"attachment-large size-large\" alt=\"\" srcset=\"https:\/\/mp2kwidzyn.pl\/wp-content\/uploads\/2025\/10\/560695412_1091434786538766_6967524512999010586_n-1024x768.jpg 1024w, https:\/\/mp2kwidzyn.pl\/wp-content\/uploads\/2025\/10\/560695412_1091434786538766_6967524512999010586_n-300x225.jpg 300w, https:\/\/mp2kwidzyn.pl\/wp-content\/uploads\/2025\/10\/560695412_1091434786538766_6967524512999010586_n-768x576.jpg 768w, https:\/\/mp2kwidzyn.pl\/wp-content\/uploads\/2025\/10\/560695412_1091434786538766_6967524512999010586_n-1536x1152.jpg 1536w, https:\/\/mp2kwidzyn.pl\/wp-content\/uploads\/2025\/10\/560695412_1091434786538766_6967524512999010586_n.jpg 1600w\" sizes=\"auto, (max-width: 640px) 100vw, 640px\" \/><\/a>\n\t\t\t\t<\/div>\n\t\t\t\t<div class=\"gl_img\">\n\t\t\t\t\t<a href='https:\/\/mp2kwidzyn.pl\/wp-content\/uploads\/2025\/10\/560695412_1091434786538766_6967524512999010586_n.jpg'><img loading=\"lazy\" decoding=\"async\" width=\"300\" height=\"225\" src=\"https:\/\/mp2kwidzyn.pl\/wp-content\/uploads\/2025\/10\/560695412_1091434786538766_6967524512999010586_n-300x225.jpg\" class=\"attachment-medium size-medium\" alt=\"\" srcset=\"https:\/\/mp2kwidzyn.pl\/wp-content\/uploads\/2025\/10\/560695412_1091434786538766_6967524512999010586_n-300x225.jpg 300w, https:\/\/mp2kwidzyn.pl\/wp-content\/uploads\/2025\/10\/560695412_1091434786538766_6967524512999010586_n-1024x768.jpg 1024w, https:\/\/mp2kwidzyn.pl\/wp-content\/uploads\/2025\/10\/560695412_1091434786538766_6967524512999010586_n-768x576.jpg 768w, https:\/\/mp2kwidzyn.pl\/wp-content\/uploads\/2025\/10\/560695412_1091434786538766_6967524512999010586_n-1536x1152.jpg 1536w, https:\/\/mp2kwidzyn.pl\/wp-content\/uploads\/2025\/10\/560695412_1091434786538766_6967524512999010586_n.jpg 1600w\" sizes=\"auto, (max-width: 300px) 100vw, 300px\" \/><\/a>\n\t\t\t\t\t\n\t\t\t\t<\/div>\n\t\t\t\t<div class=\"mask\">\n\t\t\t\t\t<a href=\"#TB_inline?width=600&height=550&inlineId=gallery-7\" class=\"info thickbox\" title=\"Uroczyste otwarcie naszego przedszkola\">Uroczyste otwarcie naszego przedszkola<\/a>\n\t\t\t\t<\/div>\n\t\t\t<\/div>\n\t\t\t<\/div><div class=\"col-md-4 col-lg-4 col-sm-4 gallery-image\">\n\t\t\t<div class=\"gallery view second-effect\">\n\t\t\t\t<div id=\"gallery-8\" style=\"display:none;\">\n\t\t\t\t\t<a href='https:\/\/mp2kwidzyn.pl\/wp-content\/uploads\/2025\/10\/560413490_1091434739872104_2323422399618554637_n.jpg'><img loading=\"lazy\" decoding=\"async\" width=\"640\" height=\"480\" src=\"https:\/\/mp2kwidzyn.pl\/wp-content\/uploads\/2025\/10\/560413490_1091434739872104_2323422399618554637_n-1024x768.jpg\" class=\"attachment-large size-large\" alt=\"\" srcset=\"https:\/\/mp2kwidzyn.pl\/wp-content\/uploads\/2025\/10\/560413490_1091434739872104_2323422399618554637_n-1024x768.jpg 1024w, https:\/\/mp2kwidzyn.pl\/wp-content\/uploads\/2025\/10\/560413490_1091434739872104_2323422399618554637_n-300x225.jpg 300w, https:\/\/mp2kwidzyn.pl\/wp-content\/uploads\/2025\/10\/560413490_1091434739872104_2323422399618554637_n-768x576.jpg 768w, https:\/\/mp2kwidzyn.pl\/wp-content\/uploads\/2025\/10\/560413490_1091434739872104_2323422399618554637_n-1536x1152.jpg 1536w, https:\/\/mp2kwidzyn.pl\/wp-content\/uploads\/2025\/10\/560413490_1091434739872104_2323422399618554637_n.jpg 1600w\" sizes=\"auto, (max-width: 640px) 100vw, 640px\" \/><\/a>\n\t\t\t\t<\/div>\n\t\t\t\t<div class=\"gl_img\">\n\t\t\t\t\t<a href='https:\/\/mp2kwidzyn.pl\/wp-content\/uploads\/2025\/10\/560413490_1091434739872104_2323422399618554637_n.jpg'><img loading=\"lazy\" decoding=\"async\" width=\"300\" height=\"225\" src=\"https:\/\/mp2kwidzyn.pl\/wp-content\/uploads\/2025\/10\/560413490_1091434739872104_2323422399618554637_n-300x225.jpg\" class=\"attachment-medium size-medium\" alt=\"\" srcset=\"https:\/\/mp2kwidzyn.pl\/wp-content\/uploads\/2025\/10\/560413490_1091434739872104_2323422399618554637_n-300x225.jpg 300w, https:\/\/mp2kwidzyn.pl\/wp-content\/uploads\/2025\/10\/560413490_1091434739872104_2323422399618554637_n-1024x768.jpg 1024w, https:\/\/mp2kwidzyn.pl\/wp-content\/uploads\/2025\/10\/560413490_1091434739872104_2323422399618554637_n-768x576.jpg 768w, https:\/\/mp2kwidzyn.pl\/wp-content\/uploads\/2025\/10\/560413490_1091434739872104_2323422399618554637_n-1536x1152.jpg 1536w, https:\/\/mp2kwidzyn.pl\/wp-content\/uploads\/2025\/10\/560413490_1091434739872104_2323422399618554637_n.jpg 1600w\" sizes=\"auto, (max-width: 300px) 100vw, 300px\" \/><\/a>\n\t\t\t\t\t\n\t\t\t\t<\/div>\n\t\t\t\t<div class=\"mask\">\n\t\t\t\t\t<a href=\"#TB_inline?width=600&height=550&inlineId=gallery-8\" class=\"info thickbox\" title=\"Uroczyste otwarcie naszego przedszkola\">Uroczyste otwarcie naszego przedszkola<\/a>\n\t\t\t\t<\/div>\n\t\t\t<\/div>\n\t\t\t<\/div><div class=\"col-md-4 col-lg-4 col-sm-4 gallery-image\">\n\t\t\t<div class=\"gallery view second-effect\">\n\t\t\t\t<div id=\"gallery-9\" style=\"display:none;\">\n\t\t\t\t\t<a href='https:\/\/mp2kwidzyn.pl\/wp-content\/uploads\/2025\/10\/561766295_1091434639872114_7388120413391411317_n.jpg'><img loading=\"lazy\" decoding=\"async\" width=\"640\" height=\"480\" src=\"https:\/\/mp2kwidzyn.pl\/wp-content\/uploads\/2025\/10\/561766295_1091434639872114_7388120413391411317_n-1024x768.jpg\" class=\"attachment-large size-large\" alt=\"\" srcset=\"https:\/\/mp2kwidzyn.pl\/wp-content\/uploads\/2025\/10\/561766295_1091434639872114_7388120413391411317_n-1024x768.jpg 1024w, https:\/\/mp2kwidzyn.pl\/wp-content\/uploads\/2025\/10\/561766295_1091434639872114_7388120413391411317_n-300x225.jpg 300w, https:\/\/mp2kwidzyn.pl\/wp-content\/uploads\/2025\/10\/561766295_1091434639872114_7388120413391411317_n-768x576.jpg 768w, https:\/\/mp2kwidzyn.pl\/wp-content\/uploads\/2025\/10\/561766295_1091434639872114_7388120413391411317_n-1536x1152.jpg 1536w, https:\/\/mp2kwidzyn.pl\/wp-content\/uploads\/2025\/10\/561766295_1091434639872114_7388120413391411317_n.jpg 1600w\" sizes=\"auto, (max-width: 640px) 100vw, 640px\" \/><\/a>\n\t\t\t\t<\/div>\n\t\t\t\t<div class=\"gl_img\">\n\t\t\t\t\t<a href='https:\/\/mp2kwidzyn.pl\/wp-content\/uploads\/2025\/10\/561766295_1091434639872114_7388120413391411317_n.jpg'><img loading=\"lazy\" decoding=\"async\" width=\"300\" height=\"225\" src=\"https:\/\/mp2kwidzyn.pl\/wp-content\/uploads\/2025\/10\/561766295_1091434639872114_7388120413391411317_n-300x225.jpg\" class=\"attachment-medium size-medium\" alt=\"\" srcset=\"https:\/\/mp2kwidzyn.pl\/wp-content\/uploads\/2025\/10\/561766295_1091434639872114_7388120413391411317_n-300x225.jpg 300w, https:\/\/mp2kwidzyn.pl\/wp-content\/uploads\/2025\/10\/561766295_1091434639872114_7388120413391411317_n-1024x768.jpg 1024w, https:\/\/mp2kwidzyn.pl\/wp-content\/uploads\/2025\/10\/561766295_1091434639872114_7388120413391411317_n-768x576.jpg 768w, https:\/\/mp2kwidzyn.pl\/wp-content\/uploads\/2025\/10\/561766295_1091434639872114_7388120413391411317_n-1536x1152.jpg 1536w, https:\/\/mp2kwidzyn.pl\/wp-content\/uploads\/2025\/10\/561766295_1091434639872114_7388120413391411317_n.jpg 1600w\" sizes=\"auto, (max-width: 300px) 100vw, 300px\" \/><\/a>\n\t\t\t\t\t\n\t\t\t\t<\/div>\n\t\t\t\t<div class=\"mask\">\n\t\t\t\t\t<a href=\"#TB_inline?width=600&height=550&inlineId=gallery-9\" class=\"info thickbox\" title=\"Uroczyste otwarcie naszego przedszkola\">Uroczyste otwarcie naszego przedszkola<\/a>\n\t\t\t\t<\/div>\n\t\t\t<\/div>\n\t\t\t<\/div><div class=\"col-md-4 col-lg-4 col-sm-4 gallery-image\">\n\t\t\t<div class=\"gallery view second-effect\">\n\t\t\t\t<div id=\"gallery-10\" style=\"display:none;\">\n\t\t\t\t\t<a href='https:\/\/mp2kwidzyn.pl\/wp-content\/uploads\/2025\/10\/565834892_1091434603205451_5060254028049825034_n.jpg'><img loading=\"lazy\" decoding=\"async\" width=\"640\" height=\"480\" src=\"https:\/\/mp2kwidzyn.pl\/wp-content\/uploads\/2025\/10\/565834892_1091434603205451_5060254028049825034_n-1024x768.jpg\" class=\"attachment-large size-large\" alt=\"\" srcset=\"https:\/\/mp2kwidzyn.pl\/wp-content\/uploads\/2025\/10\/565834892_1091434603205451_5060254028049825034_n-1024x768.jpg 1024w, https:\/\/mp2kwidzyn.pl\/wp-content\/uploads\/2025\/10\/565834892_1091434603205451_5060254028049825034_n-300x225.jpg 300w, https:\/\/mp2kwidzyn.pl\/wp-content\/uploads\/2025\/10\/565834892_1091434603205451_5060254028049825034_n-768x576.jpg 768w, https:\/\/mp2kwidzyn.pl\/wp-content\/uploads\/2025\/10\/565834892_1091434603205451_5060254028049825034_n-1536x1152.jpg 1536w, https:\/\/mp2kwidzyn.pl\/wp-content\/uploads\/2025\/10\/565834892_1091434603205451_5060254028049825034_n.jpg 1600w\" sizes=\"auto, (max-width: 640px) 100vw, 640px\" \/><\/a>\n\t\t\t\t<\/div>\n\t\t\t\t<div class=\"gl_img\">\n\t\t\t\t\t<a href='https:\/\/mp2kwidzyn.pl\/wp-content\/uploads\/2025\/10\/565834892_1091434603205451_5060254028049825034_n.jpg'><img loading=\"lazy\" decoding=\"async\" width=\"300\" height=\"225\" src=\"https:\/\/mp2kwidzyn.pl\/wp-content\/uploads\/2025\/10\/565834892_1091434603205451_5060254028049825034_n-300x225.jpg\" class=\"attachment-medium size-medium\" alt=\"\" srcset=\"https:\/\/mp2kwidzyn.pl\/wp-content\/uploads\/2025\/10\/565834892_1091434603205451_5060254028049825034_n-300x225.jpg 300w, https:\/\/mp2kwidzyn.pl\/wp-content\/uploads\/2025\/10\/565834892_1091434603205451_5060254028049825034_n-1024x768.jpg 1024w, https:\/\/mp2kwidzyn.pl\/wp-content\/uploads\/2025\/10\/565834892_1091434603205451_5060254028049825034_n-768x576.jpg 768w, https:\/\/mp2kwidzyn.pl\/wp-content\/uploads\/2025\/10\/565834892_1091434603205451_5060254028049825034_n-1536x1152.jpg 1536w, https:\/\/mp2kwidzyn.pl\/wp-content\/uploads\/2025\/10\/565834892_1091434603205451_5060254028049825034_n.jpg 1600w\" sizes=\"auto, (max-width: 300px) 100vw, 300px\" \/><\/a>\n\t\t\t\t\t\n\t\t\t\t<\/div>\n\t\t\t\t<div class=\"mask\">\n\t\t\t\t\t<a href=\"#TB_inline?width=600&height=550&inlineId=gallery-10\" class=\"info thickbox\" title=\"Uroczyste otwarcie naszego przedszkola\">Uroczyste otwarcie naszego przedszkola<\/a>\n\t\t\t\t<\/div>\n\t\t\t<\/div>\n\t\t\t<\/div><div class=\"col-md-4 col-lg-4 col-sm-4 gallery-image\">\n\t\t\t<div class=\"gallery view second-effect\">\n\t\t\t\t<div id=\"gallery-11\" style=\"display:none;\">\n\t\t\t\t\t<a href='https:\/\/mp2kwidzyn.pl\/wp-content\/uploads\/2025\/10\/561222359_1091434573205454_1264478341915360763_n.jpg'><img loading=\"lazy\" decoding=\"async\" width=\"640\" height=\"480\" src=\"https:\/\/mp2kwidzyn.pl\/wp-content\/uploads\/2025\/10\/561222359_1091434573205454_1264478341915360763_n-1024x768.jpg\" class=\"attachment-large size-large\" alt=\"\" srcset=\"https:\/\/mp2kwidzyn.pl\/wp-content\/uploads\/2025\/10\/561222359_1091434573205454_1264478341915360763_n-1024x768.jpg 1024w, https:\/\/mp2kwidzyn.pl\/wp-content\/uploads\/2025\/10\/561222359_1091434573205454_1264478341915360763_n-300x225.jpg 300w, https:\/\/mp2kwidzyn.pl\/wp-content\/uploads\/2025\/10\/561222359_1091434573205454_1264478341915360763_n-768x576.jpg 768w, https:\/\/mp2kwidzyn.pl\/wp-content\/uploads\/2025\/10\/561222359_1091434573205454_1264478341915360763_n-1536x1152.jpg 1536w, https:\/\/mp2kwidzyn.pl\/wp-content\/uploads\/2025\/10\/561222359_1091434573205454_1264478341915360763_n.jpg 1600w\" sizes=\"auto, (max-width: 640px) 100vw, 640px\" \/><\/a>\n\t\t\t\t<\/div>\n\t\t\t\t<div class=\"gl_img\">\n\t\t\t\t\t<a href='https:\/\/mp2kwidzyn.pl\/wp-content\/uploads\/2025\/10\/561222359_1091434573205454_1264478341915360763_n.jpg'><img loading=\"lazy\" decoding=\"async\" width=\"300\" height=\"225\" src=\"https:\/\/mp2kwidzyn.pl\/wp-content\/uploads\/2025\/10\/561222359_1091434573205454_1264478341915360763_n-300x225.jpg\" class=\"attachment-medium size-medium\" alt=\"\" srcset=\"https:\/\/mp2kwidzyn.pl\/wp-content\/uploads\/2025\/10\/561222359_1091434573205454_1264478341915360763_n-300x225.jpg 300w, https:\/\/mp2kwidzyn.pl\/wp-content\/uploads\/2025\/10\/561222359_1091434573205454_1264478341915360763_n-1024x768.jpg 1024w, https:\/\/mp2kwidzyn.pl\/wp-content\/uploads\/2025\/10\/561222359_1091434573205454_1264478341915360763_n-768x576.jpg 768w, https:\/\/mp2kwidzyn.pl\/wp-content\/uploads\/2025\/10\/561222359_1091434573205454_1264478341915360763_n-1536x1152.jpg 1536w, https:\/\/mp2kwidzyn.pl\/wp-content\/uploads\/2025\/10\/561222359_1091434573205454_1264478341915360763_n.jpg 1600w\" sizes=\"auto, (max-width: 300px) 100vw, 300px\" \/><\/a>\n\t\t\t\t\t\n\t\t\t\t<\/div>\n\t\t\t\t<div class=\"mask\">\n\t\t\t\t\t<a href=\"#TB_inline?width=600&height=550&inlineId=gallery-11\" class=\"info thickbox\" title=\"Uroczyste otwarcie naszego przedszkola\">Uroczyste otwarcie naszego przedszkola<\/a>\n\t\t\t\t<\/div>\n\t\t\t<\/div>\n\t\t\t<\/div><div class=\"col-md-4 col-lg-4 col-sm-4 gallery-image\">\n\t\t\t<div class=\"gallery view second-effect\">\n\t\t\t\t<div id=\"gallery-12\" style=\"display:none;\">\n\t\t\t\t\t<a href='https:\/\/mp2kwidzyn.pl\/wp-content\/uploads\/2025\/10\/565170190_1091434519872126_2102061488179650442_n.jpg'><img loading=\"lazy\" decoding=\"async\" width=\"640\" height=\"480\" src=\"https:\/\/mp2kwidzyn.pl\/wp-content\/uploads\/2025\/10\/565170190_1091434519872126_2102061488179650442_n-1024x768.jpg\" class=\"attachment-large size-large\" alt=\"\" srcset=\"https:\/\/mp2kwidzyn.pl\/wp-content\/uploads\/2025\/10\/565170190_1091434519872126_2102061488179650442_n-1024x768.jpg 1024w, https:\/\/mp2kwidzyn.pl\/wp-content\/uploads\/2025\/10\/565170190_1091434519872126_2102061488179650442_n-300x225.jpg 300w, https:\/\/mp2kwidzyn.pl\/wp-content\/uploads\/2025\/10\/565170190_1091434519872126_2102061488179650442_n-768x576.jpg 768w, https:\/\/mp2kwidzyn.pl\/wp-content\/uploads\/2025\/10\/565170190_1091434519872126_2102061488179650442_n-1536x1152.jpg 1536w, https:\/\/mp2kwidzyn.pl\/wp-content\/uploads\/2025\/10\/565170190_1091434519872126_2102061488179650442_n.jpg 1600w\" sizes=\"auto, (max-width: 640px) 100vw, 640px\" \/><\/a>\n\t\t\t\t<\/div>\n\t\t\t\t<div class=\"gl_img\">\n\t\t\t\t\t<a href='https:\/\/mp2kwidzyn.pl\/wp-content\/uploads\/2025\/10\/565170190_1091434519872126_2102061488179650442_n.jpg'><img loading=\"lazy\" decoding=\"async\" width=\"300\" height=\"225\" src=\"https:\/\/mp2kwidzyn.pl\/wp-content\/uploads\/2025\/10\/565170190_1091434519872126_2102061488179650442_n-300x225.jpg\" class=\"attachment-medium size-medium\" alt=\"\" srcset=\"https:\/\/mp2kwidzyn.pl\/wp-content\/uploads\/2025\/10\/565170190_1091434519872126_2102061488179650442_n-300x225.jpg 300w, https:\/\/mp2kwidzyn.pl\/wp-content\/uploads\/2025\/10\/565170190_1091434519872126_2102061488179650442_n-1024x768.jpg 1024w, https:\/\/mp2kwidzyn.pl\/wp-content\/uploads\/2025\/10\/565170190_1091434519872126_2102061488179650442_n-768x576.jpg 768w, https:\/\/mp2kwidzyn.pl\/wp-content\/uploads\/2025\/10\/565170190_1091434519872126_2102061488179650442_n-1536x1152.jpg 1536w, https:\/\/mp2kwidzyn.pl\/wp-content\/uploads\/2025\/10\/565170190_1091434519872126_2102061488179650442_n.jpg 1600w\" sizes=\"auto, (max-width: 300px) 100vw, 300px\" \/><\/a>\n\t\t\t\t\t\n\t\t\t\t<\/div>\n\t\t\t\t<div class=\"mask\">\n\t\t\t\t\t<a href=\"#TB_inline?width=600&height=550&inlineId=gallery-12\" class=\"info thickbox\" title=\"Uroczyste otwarcie naszego przedszkola\">Uroczyste otwarcie naszego przedszkola<\/a>\n\t\t\t\t<\/div>\n\t\t\t<\/div>\n\t\t\t<\/div><div class=\"col-md-4 col-lg-4 col-sm-4 gallery-image\">\n\t\t\t<div class=\"gallery view second-effect\">\n\t\t\t\t<div id=\"gallery-13\" style=\"display:none;\">\n\t\t\t\t\t<a href='https:\/\/mp2kwidzyn.pl\/wp-content\/uploads\/2025\/10\/560749062_1091434459872132_8382986550363159787_n.jpg'><img loading=\"lazy\" decoding=\"async\" width=\"640\" height=\"480\" src=\"https:\/\/mp2kwidzyn.pl\/wp-content\/uploads\/2025\/10\/560749062_1091434459872132_8382986550363159787_n-1024x768.jpg\" class=\"attachment-large size-large\" alt=\"\" srcset=\"https:\/\/mp2kwidzyn.pl\/wp-content\/uploads\/2025\/10\/560749062_1091434459872132_8382986550363159787_n-1024x768.jpg 1024w, https:\/\/mp2kwidzyn.pl\/wp-content\/uploads\/2025\/10\/560749062_1091434459872132_8382986550363159787_n-300x225.jpg 300w, https:\/\/mp2kwidzyn.pl\/wp-content\/uploads\/2025\/10\/560749062_1091434459872132_8382986550363159787_n-768x576.jpg 768w, https:\/\/mp2kwidzyn.pl\/wp-content\/uploads\/2025\/10\/560749062_1091434459872132_8382986550363159787_n-1536x1152.jpg 1536w, https:\/\/mp2kwidzyn.pl\/wp-content\/uploads\/2025\/10\/560749062_1091434459872132_8382986550363159787_n.jpg 1600w\" sizes=\"auto, (max-width: 640px) 100vw, 640px\" \/><\/a>\n\t\t\t\t<\/div>\n\t\t\t\t<div class=\"gl_img\">\n\t\t\t\t\t<a href='https:\/\/mp2kwidzyn.pl\/wp-content\/uploads\/2025\/10\/560749062_1091434459872132_8382986550363159787_n.jpg'><img loading=\"lazy\" decoding=\"async\" width=\"300\" height=\"225\" src=\"https:\/\/mp2kwidzyn.pl\/wp-content\/uploads\/2025\/10\/560749062_1091434459872132_8382986550363159787_n-300x225.jpg\" class=\"attachment-medium size-medium\" alt=\"\" srcset=\"https:\/\/mp2kwidzyn.pl\/wp-content\/uploads\/2025\/10\/560749062_1091434459872132_8382986550363159787_n-300x225.jpg 300w, https:\/\/mp2kwidzyn.pl\/wp-content\/uploads\/2025\/10\/560749062_1091434459872132_8382986550363159787_n-1024x768.jpg 1024w, https:\/\/mp2kwidzyn.pl\/wp-content\/uploads\/2025\/10\/560749062_1091434459872132_8382986550363159787_n-768x576.jpg 768w, https:\/\/mp2kwidzyn.pl\/wp-content\/uploads\/2025\/10\/560749062_1091434459872132_8382986550363159787_n-1536x1152.jpg 1536w, https:\/\/mp2kwidzyn.pl\/wp-content\/uploads\/2025\/10\/560749062_1091434459872132_8382986550363159787_n.jpg 1600w\" sizes=\"auto, (max-width: 300px) 100vw, 300px\" \/><\/a>\n\t\t\t\t\t\n\t\t\t\t<\/div>\n\t\t\t\t<div class=\"mask\">\n\t\t\t\t\t<a href=\"#TB_inline?width=600&height=550&inlineId=gallery-13\" class=\"info thickbox\" title=\"Uroczyste otwarcie naszego przedszkola\">Uroczyste otwarcie naszego przedszkola<\/a>\n\t\t\t\t<\/div>\n\t\t\t<\/div>\n\t\t\t<\/div><div class=\"col-md-4 col-lg-4 col-sm-4 gallery-image\">\n\t\t\t<div class=\"gallery view second-effect\">\n\t\t\t\t<div id=\"gallery-14\" style=\"display:none;\">\n\t\t\t\t\t<a href='https:\/\/mp2kwidzyn.pl\/wp-content\/uploads\/2025\/10\/565708138_1091434416538803_3502558311774526179_n.jpg'><img loading=\"lazy\" decoding=\"async\" width=\"640\" height=\"853\" src=\"https:\/\/mp2kwidzyn.pl\/wp-content\/uploads\/2025\/10\/565708138_1091434416538803_3502558311774526179_n-768x1024.jpg\" class=\"attachment-large size-large\" alt=\"\" srcset=\"https:\/\/mp2kwidzyn.pl\/wp-content\/uploads\/2025\/10\/565708138_1091434416538803_3502558311774526179_n-768x1024.jpg 768w, https:\/\/mp2kwidzyn.pl\/wp-content\/uploads\/2025\/10\/565708138_1091434416538803_3502558311774526179_n-225x300.jpg 225w, https:\/\/mp2kwidzyn.pl\/wp-content\/uploads\/2025\/10\/565708138_1091434416538803_3502558311774526179_n-1152x1536.jpg 1152w, https:\/\/mp2kwidzyn.pl\/wp-content\/uploads\/2025\/10\/565708138_1091434416538803_3502558311774526179_n.jpg 1200w\" sizes=\"auto, (max-width: 640px) 100vw, 640px\" \/><\/a>\n\t\t\t\t<\/div>\n\t\t\t\t<div class=\"gl_img\">\n\t\t\t\t\t<a href='https:\/\/mp2kwidzyn.pl\/wp-content\/uploads\/2025\/10\/565708138_1091434416538803_3502558311774526179_n.jpg'><img loading=\"lazy\" decoding=\"async\" width=\"225\" height=\"300\" src=\"https:\/\/mp2kwidzyn.pl\/wp-content\/uploads\/2025\/10\/565708138_1091434416538803_3502558311774526179_n-225x300.jpg\" class=\"attachment-medium size-medium\" alt=\"\" srcset=\"https:\/\/mp2kwidzyn.pl\/wp-content\/uploads\/2025\/10\/565708138_1091434416538803_3502558311774526179_n-225x300.jpg 225w, https:\/\/mp2kwidzyn.pl\/wp-content\/uploads\/2025\/10\/565708138_1091434416538803_3502558311774526179_n-768x1024.jpg 768w, https:\/\/mp2kwidzyn.pl\/wp-content\/uploads\/2025\/10\/565708138_1091434416538803_3502558311774526179_n-1152x1536.jpg 1152w, https:\/\/mp2kwidzyn.pl\/wp-content\/uploads\/2025\/10\/565708138_1091434416538803_3502558311774526179_n.jpg 1200w\" sizes=\"auto, (max-width: 225px) 100vw, 225px\" \/><\/a>\n\t\t\t\t\t\n\t\t\t\t<\/div>\n\t\t\t\t<div class=\"mask\">\n\t\t\t\t\t<a href=\"#TB_inline?width=600&height=550&inlineId=gallery-14\" class=\"info thickbox\" title=\"Uroczyste otwarcie naszego przedszkola\">Uroczyste otwarcie naszego przedszkola<\/a>\n\t\t\t\t<\/div>\n\t\t\t<\/div>\n\t\t\t<\/div><div class=\"col-md-4 col-lg-4 col-sm-4 gallery-image\">\n\t\t\t<div class=\"gallery view second-effect\">\n\t\t\t\t<div id=\"gallery-15\" style=\"display:none;\">\n\t\t\t\t\t<a href='https:\/\/mp2kwidzyn.pl\/wp-content\/uploads\/2025\/10\/561766890_1091434373205474_1505276408726629058_n.jpg'><img loading=\"lazy\" decoding=\"async\" width=\"640\" height=\"853\" src=\"https:\/\/mp2kwidzyn.pl\/wp-content\/uploads\/2025\/10\/561766890_1091434373205474_1505276408726629058_n-768x1024.jpg\" class=\"attachment-large size-large\" alt=\"\" srcset=\"https:\/\/mp2kwidzyn.pl\/wp-content\/uploads\/2025\/10\/561766890_1091434373205474_1505276408726629058_n-768x1024.jpg 768w, https:\/\/mp2kwidzyn.pl\/wp-content\/uploads\/2025\/10\/561766890_1091434373205474_1505276408726629058_n-225x300.jpg 225w, https:\/\/mp2kwidzyn.pl\/wp-content\/uploads\/2025\/10\/561766890_1091434373205474_1505276408726629058_n-1152x1536.jpg 1152w, https:\/\/mp2kwidzyn.pl\/wp-content\/uploads\/2025\/10\/561766890_1091434373205474_1505276408726629058_n.jpg 1200w\" sizes=\"auto, (max-width: 640px) 100vw, 640px\" \/><\/a>\n\t\t\t\t<\/div>\n\t\t\t\t<div class=\"gl_img\">\n\t\t\t\t\t<a href='https:\/\/mp2kwidzyn.pl\/wp-content\/uploads\/2025\/10\/561766890_1091434373205474_1505276408726629058_n.jpg'><img loading=\"lazy\" decoding=\"async\" width=\"225\" height=\"300\" src=\"https:\/\/mp2kwidzyn.pl\/wp-content\/uploads\/2025\/10\/561766890_1091434373205474_1505276408726629058_n-225x300.jpg\" class=\"attachment-medium size-medium\" alt=\"\" srcset=\"https:\/\/mp2kwidzyn.pl\/wp-content\/uploads\/2025\/10\/561766890_1091434373205474_1505276408726629058_n-225x300.jpg 225w, https:\/\/mp2kwidzyn.pl\/wp-content\/uploads\/2025\/10\/561766890_1091434373205474_1505276408726629058_n-768x1024.jpg 768w, https:\/\/mp2kwidzyn.pl\/wp-content\/uploads\/2025\/10\/561766890_1091434373205474_1505276408726629058_n-1152x1536.jpg 1152w, https:\/\/mp2kwidzyn.pl\/wp-content\/uploads\/2025\/10\/561766890_1091434373205474_1505276408726629058_n.jpg 1200w\" sizes=\"auto, (max-width: 225px) 100vw, 225px\" \/><\/a>\n\t\t\t\t\t\n\t\t\t\t<\/div>\n\t\t\t\t<div class=\"mask\">\n\t\t\t\t\t<a href=\"#TB_inline?width=600&height=550&inlineId=gallery-15\" class=\"info thickbox\" title=\"Uroczyste otwarcie naszego przedszkola\">Uroczyste otwarcie naszego przedszkola<\/a>\n\t\t\t\t<\/div>\n\t\t\t<\/div>\n\t\t\t<\/div><div class=\"col-md-4 col-lg-4 col-sm-4 gallery-image\">\n\t\t\t<div class=\"gallery view second-effect\">\n\t\t\t\t<div id=\"gallery-16\" style=\"display:none;\">\n\t\t\t\t\t<a href='https:\/\/mp2kwidzyn.pl\/wp-content\/uploads\/2025\/10\/561744980_1091434346538810_4293727963251760356_n.jpg'><img loading=\"lazy\" decoding=\"async\" width=\"640\" height=\"480\" src=\"https:\/\/mp2kwidzyn.pl\/wp-content\/uploads\/2025\/10\/561744980_1091434346538810_4293727963251760356_n-1024x768.jpg\" class=\"attachment-large size-large\" alt=\"\" srcset=\"https:\/\/mp2kwidzyn.pl\/wp-content\/uploads\/2025\/10\/561744980_1091434346538810_4293727963251760356_n-1024x768.jpg 1024w, https:\/\/mp2kwidzyn.pl\/wp-content\/uploads\/2025\/10\/561744980_1091434346538810_4293727963251760356_n-300x225.jpg 300w, https:\/\/mp2kwidzyn.pl\/wp-content\/uploads\/2025\/10\/561744980_1091434346538810_4293727963251760356_n-768x576.jpg 768w, https:\/\/mp2kwidzyn.pl\/wp-content\/uploads\/2025\/10\/561744980_1091434346538810_4293727963251760356_n-1536x1152.jpg 1536w, https:\/\/mp2kwidzyn.pl\/wp-content\/uploads\/2025\/10\/561744980_1091434346538810_4293727963251760356_n.jpg 1600w\" sizes=\"auto, (max-width: 640px) 100vw, 640px\" \/><\/a>\n\t\t\t\t<\/div>\n\t\t\t\t<div class=\"gl_img\">\n\t\t\t\t\t<a href='https:\/\/mp2kwidzyn.pl\/wp-content\/uploads\/2025\/10\/561744980_1091434346538810_4293727963251760356_n.jpg'><img loading=\"lazy\" decoding=\"async\" width=\"300\" height=\"225\" src=\"https:\/\/mp2kwidzyn.pl\/wp-content\/uploads\/2025\/10\/561744980_1091434346538810_4293727963251760356_n-300x225.jpg\" class=\"attachment-medium size-medium\" alt=\"\" srcset=\"https:\/\/mp2kwidzyn.pl\/wp-content\/uploads\/2025\/10\/561744980_1091434346538810_4293727963251760356_n-300x225.jpg 300w, https:\/\/mp2kwidzyn.pl\/wp-content\/uploads\/2025\/10\/561744980_1091434346538810_4293727963251760356_n-1024x768.jpg 1024w, https:\/\/mp2kwidzyn.pl\/wp-content\/uploads\/2025\/10\/561744980_1091434346538810_4293727963251760356_n-768x576.jpg 768w, https:\/\/mp2kwidzyn.pl\/wp-content\/uploads\/2025\/10\/561744980_1091434346538810_4293727963251760356_n-1536x1152.jpg 1536w, https:\/\/mp2kwidzyn.pl\/wp-content\/uploads\/2025\/10\/561744980_1091434346538810_4293727963251760356_n.jpg 1600w\" sizes=\"auto, (max-width: 300px) 100vw, 300px\" \/><\/a>\n\t\t\t\t\t\n\t\t\t\t<\/div>\n\t\t\t\t<div class=\"mask\">\n\t\t\t\t\t<a href=\"#TB_inline?width=600&height=550&inlineId=gallery-16\" class=\"info thickbox\" title=\"Uroczyste otwarcie naszego przedszkola\">Uroczyste otwarcie naszego przedszkola<\/a>\n\t\t\t\t<\/div>\n\t\t\t<\/div>\n\t\t\t<\/div><div class=\"col-md-4 col-lg-4 col-sm-4 gallery-image\">\n\t\t\t<div class=\"gallery view second-effect\">\n\t\t\t\t<div id=\"gallery-17\" style=\"display:none;\">\n\t\t\t\t\t<a href='https:\/\/mp2kwidzyn.pl\/wp-content\/uploads\/2025\/10\/562357749_1091434296538815_621349076680396691_n.jpg'><img loading=\"lazy\" decoding=\"async\" width=\"640\" height=\"853\" src=\"https:\/\/mp2kwidzyn.pl\/wp-content\/uploads\/2025\/10\/562357749_1091434296538815_621349076680396691_n-768x1024.jpg\" class=\"attachment-large size-large\" alt=\"\" srcset=\"https:\/\/mp2kwidzyn.pl\/wp-content\/uploads\/2025\/10\/562357749_1091434296538815_621349076680396691_n-768x1024.jpg 768w, https:\/\/mp2kwidzyn.pl\/wp-content\/uploads\/2025\/10\/562357749_1091434296538815_621349076680396691_n-225x300.jpg 225w, https:\/\/mp2kwidzyn.pl\/wp-content\/uploads\/2025\/10\/562357749_1091434296538815_621349076680396691_n-1152x1536.jpg 1152w, https:\/\/mp2kwidzyn.pl\/wp-content\/uploads\/2025\/10\/562357749_1091434296538815_621349076680396691_n.jpg 1200w\" sizes=\"auto, (max-width: 640px) 100vw, 640px\" \/><\/a>\n\t\t\t\t<\/div>\n\t\t\t\t<div class=\"gl_img\">\n\t\t\t\t\t<a href='https:\/\/mp2kwidzyn.pl\/wp-content\/uploads\/2025\/10\/562357749_1091434296538815_621349076680396691_n.jpg'><img loading=\"lazy\" decoding=\"async\" width=\"225\" height=\"300\" src=\"https:\/\/mp2kwidzyn.pl\/wp-content\/uploads\/2025\/10\/562357749_1091434296538815_621349076680396691_n-225x300.jpg\" class=\"attachment-medium size-medium\" alt=\"\" srcset=\"https:\/\/mp2kwidzyn.pl\/wp-content\/uploads\/2025\/10\/562357749_1091434296538815_621349076680396691_n-225x300.jpg 225w, https:\/\/mp2kwidzyn.pl\/wp-content\/uploads\/2025\/10\/562357749_1091434296538815_621349076680396691_n-768x1024.jpg 768w, https:\/\/mp2kwidzyn.pl\/wp-content\/uploads\/2025\/10\/562357749_1091434296538815_621349076680396691_n-1152x1536.jpg 1152w, https:\/\/mp2kwidzyn.pl\/wp-content\/uploads\/2025\/10\/562357749_1091434296538815_621349076680396691_n.jpg 1200w\" sizes=\"auto, (max-width: 225px) 100vw, 225px\" \/><\/a>\n\t\t\t\t\t\n\t\t\t\t<\/div>\n\t\t\t\t<div class=\"mask\">\n\t\t\t\t\t<a href=\"#TB_inline?width=600&height=550&inlineId=gallery-17\" class=\"info thickbox\" title=\"Uroczyste otwarcie naszego przedszkola\">Uroczyste otwarcie naszego przedszkola<\/a>\n\t\t\t\t<\/div>\n\t\t\t<\/div>\n\t\t\t<\/div><div class=\"col-md-4 col-lg-4 col-sm-4 gallery-image\">\n\t\t\t<div class=\"gallery view second-effect\">\n\t\t\t\t<div id=\"gallery-18\" style=\"display:none;\">\n\t\t\t\t\t<a href='https:\/\/mp2kwidzyn.pl\/wp-content\/uploads\/2025\/10\/563518298_1091435499872028_9158468275657803144_n.jpg'><img loading=\"lazy\" decoding=\"async\" width=\"640\" height=\"480\" src=\"https:\/\/mp2kwidzyn.pl\/wp-content\/uploads\/2025\/10\/563518298_1091435499872028_9158468275657803144_n-1024x768.jpg\" class=\"attachment-large size-large\" alt=\"\" srcset=\"https:\/\/mp2kwidzyn.pl\/wp-content\/uploads\/2025\/10\/563518298_1091435499872028_9158468275657803144_n-1024x768.jpg 1024w, https:\/\/mp2kwidzyn.pl\/wp-content\/uploads\/2025\/10\/563518298_1091435499872028_9158468275657803144_n-300x225.jpg 300w, https:\/\/mp2kwidzyn.pl\/wp-content\/uploads\/2025\/10\/563518298_1091435499872028_9158468275657803144_n-768x576.jpg 768w, https:\/\/mp2kwidzyn.pl\/wp-content\/uploads\/2025\/10\/563518298_1091435499872028_9158468275657803144_n-1536x1152.jpg 1536w, https:\/\/mp2kwidzyn.pl\/wp-content\/uploads\/2025\/10\/563518298_1091435499872028_9158468275657803144_n.jpg 1600w\" sizes=\"auto, (max-width: 640px) 100vw, 640px\" \/><\/a>\n\t\t\t\t<\/div>\n\t\t\t\t<div class=\"gl_img\">\n\t\t\t\t\t<a href='https:\/\/mp2kwidzyn.pl\/wp-content\/uploads\/2025\/10\/563518298_1091435499872028_9158468275657803144_n.jpg'><img loading=\"lazy\" decoding=\"async\" width=\"300\" height=\"225\" src=\"https:\/\/mp2kwidzyn.pl\/wp-content\/uploads\/2025\/10\/563518298_1091435499872028_9158468275657803144_n-300x225.jpg\" class=\"attachment-medium size-medium\" alt=\"\" srcset=\"https:\/\/mp2kwidzyn.pl\/wp-content\/uploads\/2025\/10\/563518298_1091435499872028_9158468275657803144_n-300x225.jpg 300w, https:\/\/mp2kwidzyn.pl\/wp-content\/uploads\/2025\/10\/563518298_1091435499872028_9158468275657803144_n-1024x768.jpg 1024w, https:\/\/mp2kwidzyn.pl\/wp-content\/uploads\/2025\/10\/563518298_1091435499872028_9158468275657803144_n-768x576.jpg 768w, https:\/\/mp2kwidzyn.pl\/wp-content\/uploads\/2025\/10\/563518298_1091435499872028_9158468275657803144_n-1536x1152.jpg 1536w, https:\/\/mp2kwidzyn.pl\/wp-content\/uploads\/2025\/10\/563518298_1091435499872028_9158468275657803144_n.jpg 1600w\" sizes=\"auto, (max-width: 300px) 100vw, 300px\" \/><\/a>\n\t\t\t\t\t\n\t\t\t\t<\/div>\n\t\t\t\t<div class=\"mask\">\n\t\t\t\t\t<a href=\"#TB_inline?width=600&height=550&inlineId=gallery-18\" class=\"info thickbox\" title=\"Uroczyste otwarcie naszego przedszkola\">Uroczyste otwarcie naszego przedszkola<\/a>\n\t\t\t\t<\/div>\n\t\t\t<\/div>\n\t\t\t<\/div><div class=\"col-md-4 col-lg-4 col-sm-4 gallery-image\">\n\t\t\t<div class=\"gallery view second-effect\">\n\t\t\t\t<div id=\"gallery-19\" style=\"display:none;\">\n\t\t\t\t\t<a href='https:\/\/mp2kwidzyn.pl\/wp-content\/uploads\/2025\/10\/560226764_1091435446538700_5307709014679471639_n.jpg'><img loading=\"lazy\" decoding=\"async\" width=\"640\" height=\"853\" src=\"https:\/\/mp2kwidzyn.pl\/wp-content\/uploads\/2025\/10\/560226764_1091435446538700_5307709014679471639_n-768x1024.jpg\" class=\"attachment-large size-large\" alt=\"\" srcset=\"https:\/\/mp2kwidzyn.pl\/wp-content\/uploads\/2025\/10\/560226764_1091435446538700_5307709014679471639_n-768x1024.jpg 768w, https:\/\/mp2kwidzyn.pl\/wp-content\/uploads\/2025\/10\/560226764_1091435446538700_5307709014679471639_n-225x300.jpg 225w, https:\/\/mp2kwidzyn.pl\/wp-content\/uploads\/2025\/10\/560226764_1091435446538700_5307709014679471639_n-1152x1536.jpg 1152w, https:\/\/mp2kwidzyn.pl\/wp-content\/uploads\/2025\/10\/560226764_1091435446538700_5307709014679471639_n.jpg 1200w\" sizes=\"auto, (max-width: 640px) 100vw, 640px\" \/><\/a>\n\t\t\t\t<\/div>\n\t\t\t\t<div class=\"gl_img\">\n\t\t\t\t\t<a href='https:\/\/mp2kwidzyn.pl\/wp-content\/uploads\/2025\/10\/560226764_1091435446538700_5307709014679471639_n.jpg'><img loading=\"lazy\" decoding=\"async\" width=\"225\" height=\"300\" src=\"https:\/\/mp2kwidzyn.pl\/wp-content\/uploads\/2025\/10\/560226764_1091435446538700_5307709014679471639_n-225x300.jpg\" class=\"attachment-medium size-medium\" alt=\"\" srcset=\"https:\/\/mp2kwidzyn.pl\/wp-content\/uploads\/2025\/10\/560226764_1091435446538700_5307709014679471639_n-225x300.jpg 225w, https:\/\/mp2kwidzyn.pl\/wp-content\/uploads\/2025\/10\/560226764_1091435446538700_5307709014679471639_n-768x1024.jpg 768w, https:\/\/mp2kwidzyn.pl\/wp-content\/uploads\/2025\/10\/560226764_1091435446538700_5307709014679471639_n-1152x1536.jpg 1152w, https:\/\/mp2kwidzyn.pl\/wp-content\/uploads\/2025\/10\/560226764_1091435446538700_5307709014679471639_n.jpg 1200w\" sizes=\"auto, (max-width: 225px) 100vw, 225px\" \/><\/a>\n\t\t\t\t\t\n\t\t\t\t<\/div>\n\t\t\t\t<div class=\"mask\">\n\t\t\t\t\t<a href=\"#TB_inline?width=600&height=550&inlineId=gallery-19\" class=\"info thickbox\" title=\"Uroczyste otwarcie naszego przedszkola\">Uroczyste otwarcie naszego przedszkola<\/a>\n\t\t\t\t<\/div>\n\t\t\t<\/div>\n\t\t\t<\/div><div class=\"col-md-4 col-lg-4 col-sm-4 gallery-image\">\n\t\t\t<div class=\"gallery view second-effect\">\n\t\t\t\t<div id=\"gallery-20\" style=\"display:none;\">\n\t\t\t\t\t<a href='https:\/\/mp2kwidzyn.pl\/wp-content\/uploads\/2025\/10\/566202479_1091435416538703_521980726587160413_n.jpg'><img loading=\"lazy\" decoding=\"async\" width=\"640\" height=\"480\" src=\"https:\/\/mp2kwidzyn.pl\/wp-content\/uploads\/2025\/10\/566202479_1091435416538703_521980726587160413_n-1024x768.jpg\" class=\"attachment-large size-large\" alt=\"\" srcset=\"https:\/\/mp2kwidzyn.pl\/wp-content\/uploads\/2025\/10\/566202479_1091435416538703_521980726587160413_n-1024x768.jpg 1024w, https:\/\/mp2kwidzyn.pl\/wp-content\/uploads\/2025\/10\/566202479_1091435416538703_521980726587160413_n-300x225.jpg 300w, https:\/\/mp2kwidzyn.pl\/wp-content\/uploads\/2025\/10\/566202479_1091435416538703_521980726587160413_n-768x576.jpg 768w, https:\/\/mp2kwidzyn.pl\/wp-content\/uploads\/2025\/10\/566202479_1091435416538703_521980726587160413_n-1536x1152.jpg 1536w, https:\/\/mp2kwidzyn.pl\/wp-content\/uploads\/2025\/10\/566202479_1091435416538703_521980726587160413_n.jpg 1600w\" sizes=\"auto, (max-width: 640px) 100vw, 640px\" \/><\/a>\n\t\t\t\t<\/div>\n\t\t\t\t<div class=\"gl_img\">\n\t\t\t\t\t<a href='https:\/\/mp2kwidzyn.pl\/wp-content\/uploads\/2025\/10\/566202479_1091435416538703_521980726587160413_n.jpg'><img loading=\"lazy\" decoding=\"async\" width=\"300\" height=\"225\" src=\"https:\/\/mp2kwidzyn.pl\/wp-content\/uploads\/2025\/10\/566202479_1091435416538703_521980726587160413_n-300x225.jpg\" class=\"attachment-medium size-medium\" alt=\"\" srcset=\"https:\/\/mp2kwidzyn.pl\/wp-content\/uploads\/2025\/10\/566202479_1091435416538703_521980726587160413_n-300x225.jpg 300w, https:\/\/mp2kwidzyn.pl\/wp-content\/uploads\/2025\/10\/566202479_1091435416538703_521980726587160413_n-1024x768.jpg 1024w, https:\/\/mp2kwidzyn.pl\/wp-content\/uploads\/2025\/10\/566202479_1091435416538703_521980726587160413_n-768x576.jpg 768w, https:\/\/mp2kwidzyn.pl\/wp-content\/uploads\/2025\/10\/566202479_1091435416538703_521980726587160413_n-1536x1152.jpg 1536w, https:\/\/mp2kwidzyn.pl\/wp-content\/uploads\/2025\/10\/566202479_1091435416538703_521980726587160413_n.jpg 1600w\" sizes=\"auto, (max-width: 300px) 100vw, 300px\" \/><\/a>\n\t\t\t\t\t\n\t\t\t\t<\/div>\n\t\t\t\t<div class=\"mask\">\n\t\t\t\t\t<a href=\"#TB_inline?width=600&height=550&inlineId=gallery-20\" class=\"info thickbox\" title=\"Uroczyste otwarcie naszego przedszkola\">Uroczyste otwarcie naszego przedszkola<\/a>\n\t\t\t\t<\/div>\n\t\t\t<\/div>\n\t\t\t<\/div><div class=\"col-md-4 col-lg-4 col-sm-4 gallery-image\">\n\t\t\t<div class=\"gallery view second-effect\">\n\t\t\t\t<div id=\"gallery-21\" style=\"display:none;\">\n\t\t\t\t\t<a href='https:\/\/mp2kwidzyn.pl\/wp-content\/uploads\/2025\/10\/560624938_1091436079871970_8876616713667217624_n.jpg'><img loading=\"lazy\" decoding=\"async\" width=\"640\" height=\"480\" src=\"https:\/\/mp2kwidzyn.pl\/wp-content\/uploads\/2025\/10\/560624938_1091436079871970_8876616713667217624_n-1024x768.jpg\" class=\"attachment-large size-large\" alt=\"\" srcset=\"https:\/\/mp2kwidzyn.pl\/wp-content\/uploads\/2025\/10\/560624938_1091436079871970_8876616713667217624_n-1024x768.jpg 1024w, https:\/\/mp2kwidzyn.pl\/wp-content\/uploads\/2025\/10\/560624938_1091436079871970_8876616713667217624_n-300x225.jpg 300w, https:\/\/mp2kwidzyn.pl\/wp-content\/uploads\/2025\/10\/560624938_1091436079871970_8876616713667217624_n-768x576.jpg 768w, https:\/\/mp2kwidzyn.pl\/wp-content\/uploads\/2025\/10\/560624938_1091436079871970_8876616713667217624_n-1536x1152.jpg 1536w, https:\/\/mp2kwidzyn.pl\/wp-content\/uploads\/2025\/10\/560624938_1091436079871970_8876616713667217624_n.jpg 2000w\" sizes=\"auto, (max-width: 640px) 100vw, 640px\" \/><\/a>\n\t\t\t\t<\/div>\n\t\t\t\t<div class=\"gl_img\">\n\t\t\t\t\t<a href='https:\/\/mp2kwidzyn.pl\/wp-content\/uploads\/2025\/10\/560624938_1091436079871970_8876616713667217624_n.jpg'><img loading=\"lazy\" decoding=\"async\" width=\"300\" height=\"225\" src=\"https:\/\/mp2kwidzyn.pl\/wp-content\/uploads\/2025\/10\/560624938_1091436079871970_8876616713667217624_n-300x225.jpg\" class=\"attachment-medium size-medium\" alt=\"\" srcset=\"https:\/\/mp2kwidzyn.pl\/wp-content\/uploads\/2025\/10\/560624938_1091436079871970_8876616713667217624_n-300x225.jpg 300w, https:\/\/mp2kwidzyn.pl\/wp-content\/uploads\/2025\/10\/560624938_1091436079871970_8876616713667217624_n-1024x768.jpg 1024w, https:\/\/mp2kwidzyn.pl\/wp-content\/uploads\/2025\/10\/560624938_1091436079871970_8876616713667217624_n-768x576.jpg 768w, https:\/\/mp2kwidzyn.pl\/wp-content\/uploads\/2025\/10\/560624938_1091436079871970_8876616713667217624_n-1536x1152.jpg 1536w, https:\/\/mp2kwidzyn.pl\/wp-content\/uploads\/2025\/10\/560624938_1091436079871970_8876616713667217624_n.jpg 2000w\" sizes=\"auto, (max-width: 300px) 100vw, 300px\" \/><\/a>\n\t\t\t\t\t\n\t\t\t\t<\/div>\n\t\t\t\t<div class=\"mask\">\n\t\t\t\t\t<a href=\"#TB_inline?width=600&height=550&inlineId=gallery-21\" class=\"info thickbox\" title=\"Uroczyste otwarcie naszego przedszkola\">Uroczyste otwarcie naszego przedszkola<\/a>\n\t\t\t\t<\/div>\n\t\t\t<\/div>\n\t\t\t<\/div><div class=\"col-md-4 col-lg-4 col-sm-4 gallery-image\">\n\t\t\t<div class=\"gallery view second-effect\">\n\t\t\t\t<div id=\"gallery-22\" style=\"display:none;\">\n\t\t\t\t\t<a href='https:\/\/mp2kwidzyn.pl\/wp-content\/uploads\/2025\/10\/565823373_1091435993205312_6399478671643867400_n.jpg'><img loading=\"lazy\" decoding=\"async\" width=\"640\" height=\"480\" src=\"https:\/\/mp2kwidzyn.pl\/wp-content\/uploads\/2025\/10\/565823373_1091435993205312_6399478671643867400_n-1024x768.jpg\" class=\"attachment-large size-large\" alt=\"\" srcset=\"https:\/\/mp2kwidzyn.pl\/wp-content\/uploads\/2025\/10\/565823373_1091435993205312_6399478671643867400_n-1024x768.jpg 1024w, https:\/\/mp2kwidzyn.pl\/wp-content\/uploads\/2025\/10\/565823373_1091435993205312_6399478671643867400_n-300x225.jpg 300w, https:\/\/mp2kwidzyn.pl\/wp-content\/uploads\/2025\/10\/565823373_1091435993205312_6399478671643867400_n-768x576.jpg 768w, https:\/\/mp2kwidzyn.pl\/wp-content\/uploads\/2025\/10\/565823373_1091435993205312_6399478671643867400_n-1536x1152.jpg 1536w, https:\/\/mp2kwidzyn.pl\/wp-content\/uploads\/2025\/10\/565823373_1091435993205312_6399478671643867400_n.jpg 2000w\" sizes=\"auto, (max-width: 640px) 100vw, 640px\" \/><\/a>\n\t\t\t\t<\/div>\n\t\t\t\t<div class=\"gl_img\">\n\t\t\t\t\t<a href='https:\/\/mp2kwidzyn.pl\/wp-content\/uploads\/2025\/10\/565823373_1091435993205312_6399478671643867400_n.jpg'><img loading=\"lazy\" decoding=\"async\" width=\"300\" height=\"225\" src=\"https:\/\/mp2kwidzyn.pl\/wp-content\/uploads\/2025\/10\/565823373_1091435993205312_6399478671643867400_n-300x225.jpg\" class=\"attachment-medium size-medium\" alt=\"\" srcset=\"https:\/\/mp2kwidzyn.pl\/wp-content\/uploads\/2025\/10\/565823373_1091435993205312_6399478671643867400_n-300x225.jpg 300w, https:\/\/mp2kwidzyn.pl\/wp-content\/uploads\/2025\/10\/565823373_1091435993205312_6399478671643867400_n-1024x768.jpg 1024w, https:\/\/mp2kwidzyn.pl\/wp-content\/uploads\/2025\/10\/565823373_1091435993205312_6399478671643867400_n-768x576.jpg 768w, https:\/\/mp2kwidzyn.pl\/wp-content\/uploads\/2025\/10\/565823373_1091435993205312_6399478671643867400_n-1536x1152.jpg 1536w, https:\/\/mp2kwidzyn.pl\/wp-content\/uploads\/2025\/10\/565823373_1091435993205312_6399478671643867400_n.jpg 2000w\" sizes=\"auto, (max-width: 300px) 100vw, 300px\" \/><\/a>\n\t\t\t\t\t\n\t\t\t\t<\/div>\n\t\t\t\t<div class=\"mask\">\n\t\t\t\t\t<a href=\"#TB_inline?width=600&height=550&inlineId=gallery-22\" class=\"info thickbox\" title=\"Uroczyste otwarcie naszego przedszkola\">Uroczyste otwarcie naszego przedszkola<\/a>\n\t\t\t\t<\/div>\n\t\t\t<\/div>\n\t\t\t<\/div><div class=\"col-md-4 col-lg-4 col-sm-4 gallery-image\">\n\t\t\t<div class=\"gallery view second-effect\">\n\t\t\t\t<div id=\"gallery-23\" style=\"display:none;\">\n\t\t\t\t\t<a href='https:\/\/mp2kwidzyn.pl\/wp-content\/uploads\/2025\/10\/565364833_1091435933205318_8869832195113367902_n.jpg'><img loading=\"lazy\" decoding=\"async\" width=\"640\" height=\"853\" src=\"https:\/\/mp2kwidzyn.pl\/wp-content\/uploads\/2025\/10\/565364833_1091435933205318_8869832195113367902_n-768x1024.jpg\" class=\"attachment-large size-large\" alt=\"\" srcset=\"https:\/\/mp2kwidzyn.pl\/wp-content\/uploads\/2025\/10\/565364833_1091435933205318_8869832195113367902_n-768x1024.jpg 768w, https:\/\/mp2kwidzyn.pl\/wp-content\/uploads\/2025\/10\/565364833_1091435933205318_8869832195113367902_n-225x300.jpg 225w, https:\/\/mp2kwidzyn.pl\/wp-content\/uploads\/2025\/10\/565364833_1091435933205318_8869832195113367902_n-1152x1536.jpg 1152w, https:\/\/mp2kwidzyn.pl\/wp-content\/uploads\/2025\/10\/565364833_1091435933205318_8869832195113367902_n.jpg 1500w\" sizes=\"auto, (max-width: 640px) 100vw, 640px\" \/><\/a>\n\t\t\t\t<\/div>\n\t\t\t\t<div class=\"gl_img\">\n\t\t\t\t\t<a href='https:\/\/mp2kwidzyn.pl\/wp-content\/uploads\/2025\/10\/565364833_1091435933205318_8869832195113367902_n.jpg'><img loading=\"lazy\" decoding=\"async\" width=\"225\" height=\"300\" src=\"https:\/\/mp2kwidzyn.pl\/wp-content\/uploads\/2025\/10\/565364833_1091435933205318_8869832195113367902_n-225x300.jpg\" class=\"attachment-medium size-medium\" alt=\"\" srcset=\"https:\/\/mp2kwidzyn.pl\/wp-content\/uploads\/2025\/10\/565364833_1091435933205318_8869832195113367902_n-225x300.jpg 225w, https:\/\/mp2kwidzyn.pl\/wp-content\/uploads\/2025\/10\/565364833_1091435933205318_8869832195113367902_n-768x1024.jpg 768w, https:\/\/mp2kwidzyn.pl\/wp-content\/uploads\/2025\/10\/565364833_1091435933205318_8869832195113367902_n-1152x1536.jpg 1152w, https:\/\/mp2kwidzyn.pl\/wp-content\/uploads\/2025\/10\/565364833_1091435933205318_8869832195113367902_n.jpg 1500w\" sizes=\"auto, (max-width: 225px) 100vw, 225px\" \/><\/a>\n\t\t\t\t\t\n\t\t\t\t<\/div>\n\t\t\t\t<div class=\"mask\">\n\t\t\t\t\t<a href=\"#TB_inline?width=600&height=550&inlineId=gallery-23\" class=\"info thickbox\" title=\"Uroczyste otwarcie naszego przedszkola\">Uroczyste otwarcie naszego przedszkola<\/a>\n\t\t\t\t<\/div>\n\t\t\t<\/div>\n\t\t\t<\/div><div class=\"col-md-4 col-lg-4 col-sm-4 gallery-image\">\n\t\t\t<div class=\"gallery view second-effect\">\n\t\t\t\t<div id=\"gallery-24\" style=\"display:none;\">\n\t\t\t\t\t<a href='https:\/\/mp2kwidzyn.pl\/wp-content\/uploads\/2025\/10\/560656732_1091435856538659_8816188231447457553_n.jpg'><img loading=\"lazy\" decoding=\"async\" width=\"640\" height=\"853\" src=\"https:\/\/mp2kwidzyn.pl\/wp-content\/uploads\/2025\/10\/560656732_1091435856538659_8816188231447457553_n-768x1024.jpg\" class=\"attachment-large size-large\" alt=\"\" srcset=\"https:\/\/mp2kwidzyn.pl\/wp-content\/uploads\/2025\/10\/560656732_1091435856538659_8816188231447457553_n-768x1024.jpg 768w, https:\/\/mp2kwidzyn.pl\/wp-content\/uploads\/2025\/10\/560656732_1091435856538659_8816188231447457553_n-225x300.jpg 225w, https:\/\/mp2kwidzyn.pl\/wp-content\/uploads\/2025\/10\/560656732_1091435856538659_8816188231447457553_n-1152x1536.jpg 1152w, https:\/\/mp2kwidzyn.pl\/wp-content\/uploads\/2025\/10\/560656732_1091435856538659_8816188231447457553_n.jpg 1500w\" sizes=\"auto, (max-width: 640px) 100vw, 640px\" \/><\/a>\n\t\t\t\t<\/div>\n\t\t\t\t<div class=\"gl_img\">\n\t\t\t\t\t<a href='https:\/\/mp2kwidzyn.pl\/wp-content\/uploads\/2025\/10\/560656732_1091435856538659_8816188231447457553_n.jpg'><img loading=\"lazy\" decoding=\"async\" width=\"225\" height=\"300\" src=\"https:\/\/mp2kwidzyn.pl\/wp-content\/uploads\/2025\/10\/560656732_1091435856538659_8816188231447457553_n-225x300.jpg\" class=\"attachment-medium size-medium\" alt=\"\" srcset=\"https:\/\/mp2kwidzyn.pl\/wp-content\/uploads\/2025\/10\/560656732_1091435856538659_8816188231447457553_n-225x300.jpg 225w, https:\/\/mp2kwidzyn.pl\/wp-content\/uploads\/2025\/10\/560656732_1091435856538659_8816188231447457553_n-768x1024.jpg 768w, https:\/\/mp2kwidzyn.pl\/wp-content\/uploads\/2025\/10\/560656732_1091435856538659_8816188231447457553_n-1152x1536.jpg 1152w, https:\/\/mp2kwidzyn.pl\/wp-content\/uploads\/2025\/10\/560656732_1091435856538659_8816188231447457553_n.jpg 1500w\" sizes=\"auto, (max-width: 225px) 100vw, 225px\" \/><\/a>\n\t\t\t\t\t\n\t\t\t\t<\/div>\n\t\t\t\t<div class=\"mask\">\n\t\t\t\t\t<a href=\"#TB_inline?width=600&height=550&inlineId=gallery-24\" class=\"info thickbox\" title=\"Uroczyste otwarcie naszego przedszkola\">Uroczyste otwarcie naszego przedszkola<\/a>\n\t\t\t\t<\/div>\n\t\t\t<\/div>\n\t\t\t<\/div><div class=\"col-md-4 col-lg-4 col-sm-4 gallery-image\">\n\t\t\t<div class=\"gallery view second-effect\">\n\t\t\t\t<div id=\"gallery-25\" style=\"display:none;\">\n\t\t\t\t\t<a href='https:\/\/mp2kwidzyn.pl\/wp-content\/uploads\/2025\/10\/560636146_1091435796538665_4819299733549425304_n.jpg'><img loading=\"lazy\" decoding=\"async\" width=\"640\" height=\"480\" src=\"https:\/\/mp2kwidzyn.pl\/wp-content\/uploads\/2025\/10\/560636146_1091435796538665_4819299733549425304_n-1024x768.jpg\" class=\"attachment-large size-large\" alt=\"\" srcset=\"https:\/\/mp2kwidzyn.pl\/wp-content\/uploads\/2025\/10\/560636146_1091435796538665_4819299733549425304_n-1024x768.jpg 1024w, https:\/\/mp2kwidzyn.pl\/wp-content\/uploads\/2025\/10\/560636146_1091435796538665_4819299733549425304_n-300x225.jpg 300w, https:\/\/mp2kwidzyn.pl\/wp-content\/uploads\/2025\/10\/560636146_1091435796538665_4819299733549425304_n-768x576.jpg 768w, https:\/\/mp2kwidzyn.pl\/wp-content\/uploads\/2025\/10\/560636146_1091435796538665_4819299733549425304_n-1536x1152.jpg 1536w, https:\/\/mp2kwidzyn.pl\/wp-content\/uploads\/2025\/10\/560636146_1091435796538665_4819299733549425304_n.jpg 2000w\" sizes=\"auto, (max-width: 640px) 100vw, 640px\" \/><\/a>\n\t\t\t\t<\/div>\n\t\t\t\t<div class=\"gl_img\">\n\t\t\t\t\t<a href='https:\/\/mp2kwidzyn.pl\/wp-content\/uploads\/2025\/10\/560636146_1091435796538665_4819299733549425304_n.jpg'><img loading=\"lazy\" decoding=\"async\" width=\"300\" height=\"225\" src=\"https:\/\/mp2kwidzyn.pl\/wp-content\/uploads\/2025\/10\/560636146_1091435796538665_4819299733549425304_n-300x225.jpg\" class=\"attachment-medium size-medium\" alt=\"\" srcset=\"https:\/\/mp2kwidzyn.pl\/wp-content\/uploads\/2025\/10\/560636146_1091435796538665_4819299733549425304_n-300x225.jpg 300w, https:\/\/mp2kwidzyn.pl\/wp-content\/uploads\/2025\/10\/560636146_1091435796538665_4819299733549425304_n-1024x768.jpg 1024w, https:\/\/mp2kwidzyn.pl\/wp-content\/uploads\/2025\/10\/560636146_1091435796538665_4819299733549425304_n-768x576.jpg 768w, https:\/\/mp2kwidzyn.pl\/wp-content\/uploads\/2025\/10\/560636146_1091435796538665_4819299733549425304_n-1536x1152.jpg 1536w, https:\/\/mp2kwidzyn.pl\/wp-content\/uploads\/2025\/10\/560636146_1091435796538665_4819299733549425304_n.jpg 2000w\" sizes=\"auto, (max-width: 300px) 100vw, 300px\" \/><\/a>\n\t\t\t\t\t\n\t\t\t\t<\/div>\n\t\t\t\t<div class=\"mask\">\n\t\t\t\t\t<a href=\"#TB_inline?width=600&height=550&inlineId=gallery-25\" class=\"info thickbox\" title=\"Uroczyste otwarcie naszego przedszkola\">Uroczyste otwarcie naszego przedszkola<\/a>\n\t\t\t\t<\/div>\n\t\t\t<\/div>\n\t\t\t<\/div><\/div><\/strong><\/p>\n","protected":false},"excerpt":{"rendered":"<p>Dnia 15.10.25 uroczy\u015bcie otworzyli\u015bmy nasze przedszkole to wyj\u0105tkowe wydarzenie po\u0142\u0105czyli\u015bmy ze \u015bwi\u0119towaniem Dnia Edukacji Narodowej . Uroczysto\u015b\u0107 u\u015bwietni\u0142y wyst\u0119py naszych wspania\u0142ych sze\u015bciolatk\u00f3w z grup . Dzi\u0119kujemy wszystkim go\u015bciom za obecno\u015b\u0107 i wsp\u00f3lne \u015bwi\u0119towanie tego wa\u017cnego dnia .<\/p>\n","protected":false},"author":1,"featured_media":3823,"comment_status":"open","ping_status":"open","sticky":false,"template":"","format":"standard","meta":{"footnotes":""},"categories":[1],"tags":[],"class_list":["post-3798","post","type-post","status-publish","format-standard","has-post-thumbnail","hentry","category-uncategorized"],"_links":{"self":[{"href":"https:\/\/mp2kwidzyn.pl\/index.php\/wp-json\/wp\/v2\/posts\/3798","targetHints":{"allow":["GET"]}}],"collection":[{"href":"https:\/\/mp2kwidzyn.pl\/index.php\/wp-json\/wp\/v2\/posts"}],"about":[{"href":"https:\/\/mp2kwidzyn.pl\/index.php\/wp-json\/wp\/v2\/types\/post"}],"author":[{"embeddable":true,"href":"https:\/\/mp2kwidzyn.pl\/index.php\/wp-json\/wp\/v2\/users\/1"}],"replies":[{"embeddable":true,"href":"https:\/\/mp2kwidzyn.pl\/index.php\/wp-json\/wp\/v2\/comments?post=3798"}],"version-history":[{"count":2,"href":"https:\/\/mp2kwidzyn.pl\/index.php\/wp-json\/wp\/v2\/posts\/3798\/revisions"}],"predecessor-version":[{"id":3826,"href":"https:\/\/mp2kwidzyn.pl\/index.php\/wp-json\/wp\/v2\/posts\/3798\/revisions\/3826"}],"wp:featuredmedia":[{"embeddable":true,"href":"https:\/\/mp2kwidzyn.pl\/index.php\/wp-json\/wp\/v2\/media\/3823"}],"wp:attachment":[{"href":"https:\/\/mp2kwidzyn.pl\/index.php\/wp-json\/wp\/v2\/media?parent=3798"}],"wp:term":[{"taxonomy":"category","embeddable":true,"href":"https:\/\/mp2kwidzyn.pl\/index.php\/wp-json\/wp\/v2\/categories?post=3798"},{"taxonomy":"post_tag","embeddable":true,"href":"https:\/\/mp2kwidzyn.pl\/index.php\/wp-json\/wp\/v2\/tags?post=3798"}],"curies":[{"name":"wp","href":"https:\/\/api.w.org\/{rel}","templated":true}]}}