{"id":3862,"date":"2025-10-28T15:42:07","date_gmt":"2025-10-28T15:42:07","guid":{"rendered":"https:\/\/mp2kwidzyn.pl\/?p=3862"},"modified":"2025-10-28T15:47:24","modified_gmt":"2025-10-28T15:47:24","slug":"o-lesie-w-grupie-zabki","status":"publish","type":"post","link":"https:\/\/mp2kwidzyn.pl\/index.php\/2025\/10\/28\/o-lesie-w-grupie-zabki\/","title":{"rendered":"O lesie w grupie &#8222;\u017babki&#8221;"},"content":{"rendered":"<p>Grupa <strong>\u017babki<\/strong> go\u015bci\u0142a p. Natali\u0119 mam\u0119 naszej Witorii, kt\u00f3ra na co dzie\u0144 pracuje w <strong>Stra\u017cy Le\u015bnej<\/strong>. Dzi\u0119kujemy p. <strong>Natalii<\/strong> za ubogacaj\u0105c\u0105 wiedz\u0119 dotycz\u0105c\u0105 lasu, <strong>ro\u015blin<\/strong> i <strong>zwierz\u0105t<\/strong> w nim zamieszkuj\u0105cych. Wiemy \u017ce &#8222;las jest ich domem&#8221; o kt\u00f3ry my r\u00f3wnie\u017c powinni\u015bmy dba\u0107. Dowiedzieli\u015bmy si\u0119 wiele ciekawostek i samo spotkanie z wilkiem nie b\u0119dzie ju\u017c dla nas takie straszne. <strong>Dzi\u0119kujemy za tak mi\u0142o sp\u0119dzony czas.<\/strong><\/p>\n<p><a href=\"https:\/\/www.facebook.com\/reel\/1516170989724615\">Zobacz relacj\u0119 ze spotkania<\/a>.<\/p>\n","protected":false},"excerpt":{"rendered":"<p>Grupa \u017babki go\u015bci\u0142a p. Natali\u0119 mam\u0119 naszej Witorii, kt\u00f3ra na co dzie\u0144 pracuje w Stra\u017cy Le\u015bnej. Dzi\u0119kujemy p. Natalii za ubogacaj\u0105c\u0105 wiedz\u0119 dotycz\u0105c\u0105 lasu, ro\u015blin i zwierz\u0105t w nim zamieszkuj\u0105cych. Wiemy \u017ce &#8222;las jest ich domem&#8221; o kt\u00f3ry my r\u00f3wnie\u017c powinni\u015bmy dba\u0107. Dowiedzieli\u015bmy si\u0119 wiele ciekawostek i samo spotkanie z wilkiem nie b\u0119dzie ju\u017c dla &hellip; <\/p>\n<p class=\"link-more\"><a href=\"https:\/\/mp2kwidzyn.pl\/index.php\/2025\/10\/28\/o-lesie-w-grupie-zabki\/\" class=\"more-link\">Continue reading<span class=\"screen-reader-text\"> &#8222;O lesie w grupie &#8222;\u017babki&#8221;&#8221;<\/span><\/a><\/p>\n","protected":false},"author":1,"featured_media":3865,"comment_status":"open","ping_status":"open","sticky":false,"template":"","format":"standard","meta":{"footnotes":""},"categories":[1],"tags":[],"class_list":["post-3862","post","type-post","status-publish","format-standard","has-post-thumbnail","hentry","category-uncategorized"],"_links":{"self":[{"href":"https:\/\/mp2kwidzyn.pl\/index.php\/wp-json\/wp\/v2\/posts\/3862","targetHints":{"allow":["GET"]}}],"collection":[{"href":"https:\/\/mp2kwidzyn.pl\/index.php\/wp-json\/wp\/v2\/posts"}],"about":[{"href":"https:\/\/mp2kwidzyn.pl\/index.php\/wp-json\/wp\/v2\/types\/post"}],"author":[{"embeddable":true,"href":"https:\/\/mp2kwidzyn.pl\/index.php\/wp-json\/wp\/v2\/users\/1"}],"replies":[{"embeddable":true,"href":"https:\/\/mp2kwidzyn.pl\/index.php\/wp-json\/wp\/v2\/comments?post=3862"}],"version-history":[{"count":4,"href":"https:\/\/mp2kwidzyn.pl\/index.php\/wp-json\/wp\/v2\/posts\/3862\/revisions"}],"predecessor-version":[{"id":3867,"href":"https:\/\/mp2kwidzyn.pl\/index.php\/wp-json\/wp\/v2\/posts\/3862\/revisions\/3867"}],"wp:featuredmedia":[{"embeddable":true,"href":"https:\/\/mp2kwidzyn.pl\/index.php\/wp-json\/wp\/v2\/media\/3865"}],"wp:attachment":[{"href":"https:\/\/mp2kwidzyn.pl\/index.php\/wp-json\/wp\/v2\/media?parent=3862"}],"wp:term":[{"taxonomy":"category","embeddable":true,"href":"https:\/\/mp2kwidzyn.pl\/index.php\/wp-json\/wp\/v2\/categories?post=3862"},{"taxonomy":"post_tag","embeddable":true,"href":"https:\/\/mp2kwidzyn.pl\/index.php\/wp-json\/wp\/v2\/tags?post=3862"}],"curies":[{"name":"wp","href":"https:\/\/api.w.org\/{rel}","templated":true}]}}