{"id":3924,"date":"2025-11-06T20:01:08","date_gmt":"2025-11-06T20:01:08","guid":{"rendered":"https:\/\/mp2kwidzyn.pl\/?p=3924"},"modified":"2025-11-06T20:21:27","modified_gmt":"2025-11-06T20:21:27","slug":"pasowanie-na-przedszkolaka-u-jezykow-i-sowek","status":"publish","type":"post","link":"https:\/\/mp2kwidzyn.pl\/index.php\/2025\/11\/06\/pasowanie-na-przedszkolaka-u-jezykow-i-sowek\/","title":{"rendered":"Pasowanie na przedszkolaka u Je\u017cyk\u00f3w i S\u00f3wek"},"content":{"rendered":"<div dir=\"auto\">W przedszkolnym odby\u0142a si\u0119 uroczysto\u015b\u0107 &#8222;Pasowania na przedszkolaka&#8221; <span class=\"html-span xexx8yu xyri2b x18d9i69 x1c1uobl x1hl2dhg x16tdsg8 x1vvkbs x3nfvp2 x1j61x8r x1fcty0u xdj266r xat24cr xm2jcoa x1mpyi22 xxymvpz xlup9mm x1kky2od\"><img loading=\"lazy\" decoding=\"async\" class=\"xz74otr x15mokao x1ga7v0g x16uus16 xbiv7yw\" src=\"https:\/\/static.xx.fbcdn.net\/images\/emoji.php\/v9\/t1e\/3\/16\/1f31f.png\" alt=\"&#x1f31f;\" width=\"16\" height=\"16\" \/><\/span>, b\u0119d\u0105ca symbolicznym pocz\u0105tkiem nowego etapu w \u017cyciu naszych maluch\u00f3w. To nie tylko moment przyj\u0119cia do przedszkolnej spo\u0142eczno\u015bci, ale r\u00f3wnie\u017c czas pe\u0142en niezapomnianych wra\u017ce\u0144 i wzrusze\u0144. <span class=\"html-span xexx8yu xyri2b x18d9i69 x1c1uobl x1hl2dhg x16tdsg8 x1vvkbs x3nfvp2 x1j61x8r x1fcty0u xdj266r xat24cr xm2jcoa x1mpyi22 xxymvpz xlup9mm x1kky2od\"><img loading=\"lazy\" decoding=\"async\" class=\"xz74otr x15mokao x1ga7v0g x16uus16 xbiv7yw\" src=\"https:\/\/static.xx.fbcdn.net\/images\/emoji.php\/v9\/t1c\/3\/16\/1f4f8.png\" alt=\"&#x1f4f8;\" width=\"16\" height=\"16\" \/><\/span><span class=\"html-span xexx8yu xyri2b x18d9i69 x1c1uobl x1hl2dhg x16tdsg8 x1vvkbs x3nfvp2 x1j61x8r x1fcty0u xdj266r xat24cr xm2jcoa x1mpyi22 xxymvpz xlup9mm x1kky2od\"><img loading=\"lazy\" decoding=\"async\" class=\"xz74otr x15mokao x1ga7v0g x16uus16 xbiv7yw\" src=\"https:\/\/static.xx.fbcdn.net\/images\/emoji.php\/v9\/t87\/3\/16\/1f4da.png\" alt=\"&#x1f4da;\" width=\"16\" height=\"16\" \/><\/span><\/div>\n<div dir=\"auto\">Grupy Je\u017cyk\u00f3w i S\u00f3wek<span class=\"html-span xexx8yu xyri2b x18d9i69 x1c1uobl x1hl2dhg x16tdsg8 x1vvkbs x3nfvp2 x1j61x8r x1fcty0u xdj266r xat24cr xm2jcoa x1mpyi22 xxymvpz xlup9mm x1kky2od\"><img loading=\"lazy\" decoding=\"async\" class=\"xz74otr x15mokao x1ga7v0g x16uus16 xbiv7yw\" src=\"https:\/\/static.xx.fbcdn.net\/images\/emoji.php\/v9\/t50\/3\/16\/1f989.png\" alt=\"&#x1f989;\" width=\"16\" height=\"16\" \/><\/span><span class=\"html-span xexx8yu xyri2b x18d9i69 x1c1uobl x1hl2dhg x16tdsg8 x1vvkbs x3nfvp2 x1j61x8r x1fcty0u xdj266r xat24cr xm2jcoa x1mpyi22 xxymvpz xlup9mm x1kky2od\"><img loading=\"lazy\" decoding=\"async\" class=\"xz74otr x15mokao x1ga7v0g x16uus16 xbiv7yw\" src=\"https:\/\/static.xx.fbcdn.net\/images\/emoji.php\/v9\/t6a\/3\/16\/1f994.png\" alt=\"&#x1f994;\" width=\"16\" height=\"16\" \/><\/span><\/div>\n<div dir=\"auto\"><strong style=\"font-size: 1rem;\"><div class=\"row\"><div class=\"col-md-4 col-lg-4 col-sm-4 gallery-image\">\n\t\t\t<div class=\"gallery view second-effect\">\n\t\t\t\t<div id=\"gallery-1\" style=\"display:none;\">\n\t\t\t\t\t<a href='https:\/\/mp2kwidzyn.pl\/wp-content\/uploads\/2025\/11\/577120195_1109101018105476_3008284456420837904_n-min.jpg'><img loading=\"lazy\" decoding=\"async\" width=\"640\" height=\"480\" src=\"https:\/\/mp2kwidzyn.pl\/wp-content\/uploads\/2025\/11\/577120195_1109101018105476_3008284456420837904_n-min-1024x768.jpg\" class=\"attachment-large size-large\" alt=\"\" srcset=\"https:\/\/mp2kwidzyn.pl\/wp-content\/uploads\/2025\/11\/577120195_1109101018105476_3008284456420837904_n-min-1024x768.jpg 1024w, https:\/\/mp2kwidzyn.pl\/wp-content\/uploads\/2025\/11\/577120195_1109101018105476_3008284456420837904_n-min-300x225.jpg 300w, https:\/\/mp2kwidzyn.pl\/wp-content\/uploads\/2025\/11\/577120195_1109101018105476_3008284456420837904_n-min-768x576.jpg 768w, https:\/\/mp2kwidzyn.pl\/wp-content\/uploads\/2025\/11\/577120195_1109101018105476_3008284456420837904_n-min-1536x1152.jpg 1536w, https:\/\/mp2kwidzyn.pl\/wp-content\/uploads\/2025\/11\/577120195_1109101018105476_3008284456420837904_n-min.jpg 1920w\" sizes=\"auto, (max-width: 640px) 100vw, 640px\" \/><\/a>\n\t\t\t\t<\/div>\n\t\t\t\t<div class=\"gl_img\">\n\t\t\t\t\t<a href='https:\/\/mp2kwidzyn.pl\/wp-content\/uploads\/2025\/11\/577120195_1109101018105476_3008284456420837904_n-min.jpg'><img loading=\"lazy\" decoding=\"async\" width=\"300\" height=\"225\" src=\"https:\/\/mp2kwidzyn.pl\/wp-content\/uploads\/2025\/11\/577120195_1109101018105476_3008284456420837904_n-min-300x225.jpg\" class=\"attachment-medium size-medium\" alt=\"\" srcset=\"https:\/\/mp2kwidzyn.pl\/wp-content\/uploads\/2025\/11\/577120195_1109101018105476_3008284456420837904_n-min-300x225.jpg 300w, https:\/\/mp2kwidzyn.pl\/wp-content\/uploads\/2025\/11\/577120195_1109101018105476_3008284456420837904_n-min-1024x768.jpg 1024w, https:\/\/mp2kwidzyn.pl\/wp-content\/uploads\/2025\/11\/577120195_1109101018105476_3008284456420837904_n-min-768x576.jpg 768w, https:\/\/mp2kwidzyn.pl\/wp-content\/uploads\/2025\/11\/577120195_1109101018105476_3008284456420837904_n-min-1536x1152.jpg 1536w, https:\/\/mp2kwidzyn.pl\/wp-content\/uploads\/2025\/11\/577120195_1109101018105476_3008284456420837904_n-min.jpg 1920w\" sizes=\"auto, (max-width: 300px) 100vw, 300px\" \/><\/a>\n\t\t\t\t\t\n\t\t\t\t<\/div>\n\t\t\t\t<div class=\"mask\">\n\t\t\t\t\t<a href=\"#TB_inline?width=600&height=550&inlineId=gallery-1\" class=\"info thickbox\" title=\"Pasowanie na przedszkolaka u Je\u017cyk\u00f3w i S\u00f3wek\">Pasowanie na przedszkolaka u Je\u017cyk\u00f3w i S\u00f3wek<\/a>\n\t\t\t\t<\/div>\n\t\t\t<\/div>\n\t\t\t<\/div><div class=\"col-md-4 col-lg-4 col-sm-4 gallery-image\">\n\t\t\t<div class=\"gallery view second-effect\">\n\t\t\t\t<div id=\"gallery-2\" style=\"display:none;\">\n\t\t\t\t\t<a href='https:\/\/mp2kwidzyn.pl\/wp-content\/uploads\/2025\/11\/577138292_1109101578105420_8416398210489031287_n-min-scaled.jpg'><img loading=\"lazy\" decoding=\"async\" width=\"640\" height=\"296\" src=\"https:\/\/mp2kwidzyn.pl\/wp-content\/uploads\/2025\/11\/577138292_1109101578105420_8416398210489031287_n-min-1024x473.jpg\" class=\"attachment-large size-large\" alt=\"\" srcset=\"https:\/\/mp2kwidzyn.pl\/wp-content\/uploads\/2025\/11\/577138292_1109101578105420_8416398210489031287_n-min-1024x473.jpg 1024w, https:\/\/mp2kwidzyn.pl\/wp-content\/uploads\/2025\/11\/577138292_1109101578105420_8416398210489031287_n-min-300x139.jpg 300w, https:\/\/mp2kwidzyn.pl\/wp-content\/uploads\/2025\/11\/577138292_1109101578105420_8416398210489031287_n-min-768x355.jpg 768w, https:\/\/mp2kwidzyn.pl\/wp-content\/uploads\/2025\/11\/577138292_1109101578105420_8416398210489031287_n-min-1536x710.jpg 1536w, https:\/\/mp2kwidzyn.pl\/wp-content\/uploads\/2025\/11\/577138292_1109101578105420_8416398210489031287_n-min-2048x946.jpg 2048w\" sizes=\"auto, (max-width: 640px) 100vw, 640px\" \/><\/a>\n\t\t\t\t<\/div>\n\t\t\t\t<div class=\"gl_img\">\n\t\t\t\t\t<a href='https:\/\/mp2kwidzyn.pl\/wp-content\/uploads\/2025\/11\/577138292_1109101578105420_8416398210489031287_n-min-scaled.jpg'><img loading=\"lazy\" decoding=\"async\" width=\"300\" height=\"139\" src=\"https:\/\/mp2kwidzyn.pl\/wp-content\/uploads\/2025\/11\/577138292_1109101578105420_8416398210489031287_n-min-300x139.jpg\" class=\"attachment-medium size-medium\" alt=\"\" srcset=\"https:\/\/mp2kwidzyn.pl\/wp-content\/uploads\/2025\/11\/577138292_1109101578105420_8416398210489031287_n-min-300x139.jpg 300w, https:\/\/mp2kwidzyn.pl\/wp-content\/uploads\/2025\/11\/577138292_1109101578105420_8416398210489031287_n-min-1024x473.jpg 1024w, https:\/\/mp2kwidzyn.pl\/wp-content\/uploads\/2025\/11\/577138292_1109101578105420_8416398210489031287_n-min-768x355.jpg 768w, https:\/\/mp2kwidzyn.pl\/wp-content\/uploads\/2025\/11\/577138292_1109101578105420_8416398210489031287_n-min-1536x710.jpg 1536w, https:\/\/mp2kwidzyn.pl\/wp-content\/uploads\/2025\/11\/577138292_1109101578105420_8416398210489031287_n-min-2048x946.jpg 2048w\" sizes=\"auto, (max-width: 300px) 100vw, 300px\" \/><\/a>\n\t\t\t\t\t\n\t\t\t\t<\/div>\n\t\t\t\t<div class=\"mask\">\n\t\t\t\t\t<a href=\"#TB_inline?width=600&height=550&inlineId=gallery-2\" class=\"info thickbox\" title=\"Pasowanie na przedszkolaka u Je\u017cyk\u00f3w i S\u00f3wek\">Pasowanie na przedszkolaka u Je\u017cyk\u00f3w i S\u00f3wek<\/a>\n\t\t\t\t<\/div>\n\t\t\t<\/div>\n\t\t\t<\/div><div class=\"col-md-4 col-lg-4 col-sm-4 gallery-image\">\n\t\t\t<div class=\"gallery view second-effect\">\n\t\t\t\t<div id=\"gallery-3\" style=\"display:none;\">\n\t\t\t\t\t<a href='https:\/\/mp2kwidzyn.pl\/wp-content\/uploads\/2025\/11\/577970133_1109106791438232_7827543132165090108_n-min-scaled.jpg'><img loading=\"lazy\" decoding=\"async\" width=\"640\" height=\"296\" src=\"https:\/\/mp2kwidzyn.pl\/wp-content\/uploads\/2025\/11\/577970133_1109106791438232_7827543132165090108_n-min-1024x473.jpg\" class=\"attachment-large size-large\" alt=\"\" srcset=\"https:\/\/mp2kwidzyn.pl\/wp-content\/uploads\/2025\/11\/577970133_1109106791438232_7827543132165090108_n-min-1024x473.jpg 1024w, https:\/\/mp2kwidzyn.pl\/wp-content\/uploads\/2025\/11\/577970133_1109106791438232_7827543132165090108_n-min-300x139.jpg 300w, https:\/\/mp2kwidzyn.pl\/wp-content\/uploads\/2025\/11\/577970133_1109106791438232_7827543132165090108_n-min-768x355.jpg 768w, https:\/\/mp2kwidzyn.pl\/wp-content\/uploads\/2025\/11\/577970133_1109106791438232_7827543132165090108_n-min-1536x710.jpg 1536w, https:\/\/mp2kwidzyn.pl\/wp-content\/uploads\/2025\/11\/577970133_1109106791438232_7827543132165090108_n-min-2048x946.jpg 2048w\" sizes=\"auto, (max-width: 640px) 100vw, 640px\" \/><\/a>\n\t\t\t\t<\/div>\n\t\t\t\t<div class=\"gl_img\">\n\t\t\t\t\t<a href='https:\/\/mp2kwidzyn.pl\/wp-content\/uploads\/2025\/11\/577970133_1109106791438232_7827543132165090108_n-min-scaled.jpg'><img loading=\"lazy\" decoding=\"async\" width=\"300\" height=\"139\" src=\"https:\/\/mp2kwidzyn.pl\/wp-content\/uploads\/2025\/11\/577970133_1109106791438232_7827543132165090108_n-min-300x139.jpg\" class=\"attachment-medium size-medium\" alt=\"\" srcset=\"https:\/\/mp2kwidzyn.pl\/wp-content\/uploads\/2025\/11\/577970133_1109106791438232_7827543132165090108_n-min-300x139.jpg 300w, https:\/\/mp2kwidzyn.pl\/wp-content\/uploads\/2025\/11\/577970133_1109106791438232_7827543132165090108_n-min-1024x473.jpg 1024w, https:\/\/mp2kwidzyn.pl\/wp-content\/uploads\/2025\/11\/577970133_1109106791438232_7827543132165090108_n-min-768x355.jpg 768w, https:\/\/mp2kwidzyn.pl\/wp-content\/uploads\/2025\/11\/577970133_1109106791438232_7827543132165090108_n-min-1536x710.jpg 1536w, https:\/\/mp2kwidzyn.pl\/wp-content\/uploads\/2025\/11\/577970133_1109106791438232_7827543132165090108_n-min-2048x946.jpg 2048w\" sizes=\"auto, (max-width: 300px) 100vw, 300px\" \/><\/a>\n\t\t\t\t\t\n\t\t\t\t<\/div>\n\t\t\t\t<div class=\"mask\">\n\t\t\t\t\t<a href=\"#TB_inline?width=600&height=550&inlineId=gallery-3\" class=\"info thickbox\" title=\"Pasowanie na przedszkolaka u Je\u017cyk\u00f3w i S\u00f3wek\">Pasowanie na przedszkolaka u Je\u017cyk\u00f3w i S\u00f3wek<\/a>\n\t\t\t\t<\/div>\n\t\t\t<\/div>\n\t\t\t<\/div><div class=\"col-md-4 col-lg-4 col-sm-4 gallery-image\">\n\t\t\t<div class=\"gallery view second-effect\">\n\t\t\t\t<div id=\"gallery-4\" style=\"display:none;\">\n\t\t\t\t\t<a href='https:\/\/mp2kwidzyn.pl\/wp-content\/uploads\/2025\/11\/576937656_1109051528110425_5532538029483208917_n-1-min.jpg'><img loading=\"lazy\" decoding=\"async\" width=\"640\" height=\"480\" src=\"https:\/\/mp2kwidzyn.pl\/wp-content\/uploads\/2025\/11\/576937656_1109051528110425_5532538029483208917_n-1-min-1024x768.jpg\" class=\"attachment-large size-large\" alt=\"\" srcset=\"https:\/\/mp2kwidzyn.pl\/wp-content\/uploads\/2025\/11\/576937656_1109051528110425_5532538029483208917_n-1-min-1024x768.jpg 1024w, https:\/\/mp2kwidzyn.pl\/wp-content\/uploads\/2025\/11\/576937656_1109051528110425_5532538029483208917_n-1-min-300x225.jpg 300w, https:\/\/mp2kwidzyn.pl\/wp-content\/uploads\/2025\/11\/576937656_1109051528110425_5532538029483208917_n-1-min-768x576.jpg 768w, https:\/\/mp2kwidzyn.pl\/wp-content\/uploads\/2025\/11\/576937656_1109051528110425_5532538029483208917_n-1-min-1536x1152.jpg 1536w, https:\/\/mp2kwidzyn.pl\/wp-content\/uploads\/2025\/11\/576937656_1109051528110425_5532538029483208917_n-1-min.jpg 1600w\" sizes=\"auto, (max-width: 640px) 100vw, 640px\" \/><\/a>\n\t\t\t\t<\/div>\n\t\t\t\t<div class=\"gl_img\">\n\t\t\t\t\t<a href='https:\/\/mp2kwidzyn.pl\/wp-content\/uploads\/2025\/11\/576937656_1109051528110425_5532538029483208917_n-1-min.jpg'><img loading=\"lazy\" decoding=\"async\" width=\"300\" height=\"225\" src=\"https:\/\/mp2kwidzyn.pl\/wp-content\/uploads\/2025\/11\/576937656_1109051528110425_5532538029483208917_n-1-min-300x225.jpg\" class=\"attachment-medium size-medium\" alt=\"\" srcset=\"https:\/\/mp2kwidzyn.pl\/wp-content\/uploads\/2025\/11\/576937656_1109051528110425_5532538029483208917_n-1-min-300x225.jpg 300w, https:\/\/mp2kwidzyn.pl\/wp-content\/uploads\/2025\/11\/576937656_1109051528110425_5532538029483208917_n-1-min-1024x768.jpg 1024w, https:\/\/mp2kwidzyn.pl\/wp-content\/uploads\/2025\/11\/576937656_1109051528110425_5532538029483208917_n-1-min-768x576.jpg 768w, https:\/\/mp2kwidzyn.pl\/wp-content\/uploads\/2025\/11\/576937656_1109051528110425_5532538029483208917_n-1-min-1536x1152.jpg 1536w, https:\/\/mp2kwidzyn.pl\/wp-content\/uploads\/2025\/11\/576937656_1109051528110425_5532538029483208917_n-1-min.jpg 1600w\" sizes=\"auto, (max-width: 300px) 100vw, 300px\" \/><\/a>\n\t\t\t\t\t\n\t\t\t\t<\/div>\n\t\t\t\t<div class=\"mask\">\n\t\t\t\t\t<a href=\"#TB_inline?width=600&height=550&inlineId=gallery-4\" class=\"info thickbox\" title=\"Pasowanie na przedszkolaka u Je\u017cyk\u00f3w i S\u00f3wek\">Pasowanie na przedszkolaka u Je\u017cyk\u00f3w i S\u00f3wek<\/a>\n\t\t\t\t<\/div>\n\t\t\t<\/div>\n\t\t\t<\/div><div class=\"col-md-4 col-lg-4 col-sm-4 gallery-image\">\n\t\t\t<div class=\"gallery view second-effect\">\n\t\t\t\t<div id=\"gallery-5\" style=\"display:none;\">\n\t\t\t\t\t<a href='https:\/\/mp2kwidzyn.pl\/wp-content\/uploads\/2025\/11\/576424503_1109091368106441_534883481462745230_n-min.jpg'><img loading=\"lazy\" decoding=\"async\" width=\"640\" height=\"853\" src=\"https:\/\/mp2kwidzyn.pl\/wp-content\/uploads\/2025\/11\/576424503_1109091368106441_534883481462745230_n-min-768x1024.jpg\" class=\"attachment-large size-large\" alt=\"\" srcset=\"https:\/\/mp2kwidzyn.pl\/wp-content\/uploads\/2025\/11\/576424503_1109091368106441_534883481462745230_n-min-768x1024.jpg 768w, https:\/\/mp2kwidzyn.pl\/wp-content\/uploads\/2025\/11\/576424503_1109091368106441_534883481462745230_n-min-225x300.jpg 225w, https:\/\/mp2kwidzyn.pl\/wp-content\/uploads\/2025\/11\/576424503_1109091368106441_534883481462745230_n-min-1152x1536.jpg 1152w, https:\/\/mp2kwidzyn.pl\/wp-content\/uploads\/2025\/11\/576424503_1109091368106441_534883481462745230_n-min.jpg 1200w\" sizes=\"auto, (max-width: 640px) 100vw, 640px\" \/><\/a>\n\t\t\t\t<\/div>\n\t\t\t\t<div class=\"gl_img\">\n\t\t\t\t\t<a href='https:\/\/mp2kwidzyn.pl\/wp-content\/uploads\/2025\/11\/576424503_1109091368106441_534883481462745230_n-min.jpg'><img loading=\"lazy\" decoding=\"async\" width=\"225\" height=\"300\" src=\"https:\/\/mp2kwidzyn.pl\/wp-content\/uploads\/2025\/11\/576424503_1109091368106441_534883481462745230_n-min-225x300.jpg\" class=\"attachment-medium size-medium\" alt=\"\" srcset=\"https:\/\/mp2kwidzyn.pl\/wp-content\/uploads\/2025\/11\/576424503_1109091368106441_534883481462745230_n-min-225x300.jpg 225w, https:\/\/mp2kwidzyn.pl\/wp-content\/uploads\/2025\/11\/576424503_1109091368106441_534883481462745230_n-min-768x1024.jpg 768w, https:\/\/mp2kwidzyn.pl\/wp-content\/uploads\/2025\/11\/576424503_1109091368106441_534883481462745230_n-min-1152x1536.jpg 1152w, https:\/\/mp2kwidzyn.pl\/wp-content\/uploads\/2025\/11\/576424503_1109091368106441_534883481462745230_n-min.jpg 1200w\" sizes=\"auto, (max-width: 225px) 100vw, 225px\" \/><\/a>\n\t\t\t\t\t\n\t\t\t\t<\/div>\n\t\t\t\t<div class=\"mask\">\n\t\t\t\t\t<a href=\"#TB_inline?width=600&height=550&inlineId=gallery-5\" class=\"info thickbox\" title=\"Pasowanie na przedszkolaka u Je\u017cyk\u00f3w i S\u00f3wek\">Pasowanie na przedszkolaka u Je\u017cyk\u00f3w i S\u00f3wek<\/a>\n\t\t\t\t<\/div>\n\t\t\t<\/div>\n\t\t\t<\/div><div class=\"col-md-4 col-lg-4 col-sm-4 gallery-image\">\n\t\t\t<div class=\"gallery view second-effect\">\n\t\t\t\t<div id=\"gallery-6\" style=\"display:none;\">\n\t\t\t\t\t<a href='https:\/\/mp2kwidzyn.pl\/wp-content\/uploads\/2025\/11\/577566814_1109100521438859_1015265877326311223_n-min.jpg'><img loading=\"lazy\" decoding=\"async\" width=\"640\" height=\"480\" src=\"https:\/\/mp2kwidzyn.pl\/wp-content\/uploads\/2025\/11\/577566814_1109100521438859_1015265877326311223_n-min-1024x768.jpg\" class=\"attachment-large size-large\" alt=\"\" srcset=\"https:\/\/mp2kwidzyn.pl\/wp-content\/uploads\/2025\/11\/577566814_1109100521438859_1015265877326311223_n-min-1024x768.jpg 1024w, https:\/\/mp2kwidzyn.pl\/wp-content\/uploads\/2025\/11\/577566814_1109100521438859_1015265877326311223_n-min-300x225.jpg 300w, https:\/\/mp2kwidzyn.pl\/wp-content\/uploads\/2025\/11\/577566814_1109100521438859_1015265877326311223_n-min-768x576.jpg 768w, https:\/\/mp2kwidzyn.pl\/wp-content\/uploads\/2025\/11\/577566814_1109100521438859_1015265877326311223_n-min-1536x1152.jpg 1536w, https:\/\/mp2kwidzyn.pl\/wp-content\/uploads\/2025\/11\/577566814_1109100521438859_1015265877326311223_n-min.jpg 1920w\" sizes=\"auto, (max-width: 640px) 100vw, 640px\" \/><\/a>\n\t\t\t\t<\/div>\n\t\t\t\t<div class=\"gl_img\">\n\t\t\t\t\t<a href='https:\/\/mp2kwidzyn.pl\/wp-content\/uploads\/2025\/11\/577566814_1109100521438859_1015265877326311223_n-min.jpg'><img loading=\"lazy\" decoding=\"async\" width=\"300\" height=\"225\" src=\"https:\/\/mp2kwidzyn.pl\/wp-content\/uploads\/2025\/11\/577566814_1109100521438859_1015265877326311223_n-min-300x225.jpg\" class=\"attachment-medium size-medium\" alt=\"\" srcset=\"https:\/\/mp2kwidzyn.pl\/wp-content\/uploads\/2025\/11\/577566814_1109100521438859_1015265877326311223_n-min-300x225.jpg 300w, https:\/\/mp2kwidzyn.pl\/wp-content\/uploads\/2025\/11\/577566814_1109100521438859_1015265877326311223_n-min-1024x768.jpg 1024w, https:\/\/mp2kwidzyn.pl\/wp-content\/uploads\/2025\/11\/577566814_1109100521438859_1015265877326311223_n-min-768x576.jpg 768w, https:\/\/mp2kwidzyn.pl\/wp-content\/uploads\/2025\/11\/577566814_1109100521438859_1015265877326311223_n-min-1536x1152.jpg 1536w, https:\/\/mp2kwidzyn.pl\/wp-content\/uploads\/2025\/11\/577566814_1109100521438859_1015265877326311223_n-min.jpg 1920w\" sizes=\"auto, (max-width: 300px) 100vw, 300px\" \/><\/a>\n\t\t\t\t\t\n\t\t\t\t<\/div>\n\t\t\t\t<div class=\"mask\">\n\t\t\t\t\t<a href=\"#TB_inline?width=600&height=550&inlineId=gallery-6\" class=\"info thickbox\" title=\"Pasowanie na przedszkolaka u Je\u017cyk\u00f3w i S\u00f3wek\">Pasowanie na przedszkolaka u Je\u017cyk\u00f3w i S\u00f3wek<\/a>\n\t\t\t\t<\/div>\n\t\t\t<\/div>\n\t\t\t<\/div><div class=\"col-md-4 col-lg-4 col-sm-4 gallery-image\">\n\t\t\t<div class=\"gallery view second-effect\">\n\t\t\t\t<div id=\"gallery-7\" style=\"display:none;\">\n\t\t\t\t\t<a href='https:\/\/mp2kwidzyn.pl\/wp-content\/uploads\/2025\/11\/574343317_1109100854772159_6459294912239808264_n-min.jpg'><img loading=\"lazy\" decoding=\"async\" width=\"640\" height=\"853\" src=\"https:\/\/mp2kwidzyn.pl\/wp-content\/uploads\/2025\/11\/574343317_1109100854772159_6459294912239808264_n-min-768x1024.jpg\" class=\"attachment-large size-large\" alt=\"\" srcset=\"https:\/\/mp2kwidzyn.pl\/wp-content\/uploads\/2025\/11\/574343317_1109100854772159_6459294912239808264_n-min-768x1024.jpg 768w, https:\/\/mp2kwidzyn.pl\/wp-content\/uploads\/2025\/11\/574343317_1109100854772159_6459294912239808264_n-min-225x300.jpg 225w, https:\/\/mp2kwidzyn.pl\/wp-content\/uploads\/2025\/11\/574343317_1109100854772159_6459294912239808264_n-min-1152x1536.jpg 1152w, https:\/\/mp2kwidzyn.pl\/wp-content\/uploads\/2025\/11\/574343317_1109100854772159_6459294912239808264_n-min.jpg 1500w\" sizes=\"auto, (max-width: 640px) 100vw, 640px\" \/><\/a>\n\t\t\t\t<\/div>\n\t\t\t\t<div class=\"gl_img\">\n\t\t\t\t\t<a href='https:\/\/mp2kwidzyn.pl\/wp-content\/uploads\/2025\/11\/574343317_1109100854772159_6459294912239808264_n-min.jpg'><img loading=\"lazy\" decoding=\"async\" width=\"225\" height=\"300\" src=\"https:\/\/mp2kwidzyn.pl\/wp-content\/uploads\/2025\/11\/574343317_1109100854772159_6459294912239808264_n-min-225x300.jpg\" class=\"attachment-medium size-medium\" alt=\"\" srcset=\"https:\/\/mp2kwidzyn.pl\/wp-content\/uploads\/2025\/11\/574343317_1109100854772159_6459294912239808264_n-min-225x300.jpg 225w, https:\/\/mp2kwidzyn.pl\/wp-content\/uploads\/2025\/11\/574343317_1109100854772159_6459294912239808264_n-min-768x1024.jpg 768w, https:\/\/mp2kwidzyn.pl\/wp-content\/uploads\/2025\/11\/574343317_1109100854772159_6459294912239808264_n-min-1152x1536.jpg 1152w, https:\/\/mp2kwidzyn.pl\/wp-content\/uploads\/2025\/11\/574343317_1109100854772159_6459294912239808264_n-min.jpg 1500w\" sizes=\"auto, (max-width: 225px) 100vw, 225px\" \/><\/a>\n\t\t\t\t\t\n\t\t\t\t<\/div>\n\t\t\t\t<div class=\"mask\">\n\t\t\t\t\t<a href=\"#TB_inline?width=600&height=550&inlineId=gallery-7\" class=\"info thickbox\" title=\"Pasowanie na przedszkolaka u Je\u017cyk\u00f3w i S\u00f3wek\">Pasowanie na przedszkolaka u Je\u017cyk\u00f3w i S\u00f3wek<\/a>\n\t\t\t\t<\/div>\n\t\t\t<\/div>\n\t\t\t<\/div><div class=\"col-md-4 col-lg-4 col-sm-4 gallery-image\">\n\t\t\t<div class=\"gallery view second-effect\">\n\t\t\t\t<div id=\"gallery-8\" style=\"display:none;\">\n\t\t\t\t\t<a href='https:\/\/mp2kwidzyn.pl\/wp-content\/uploads\/2025\/11\/577353362_1109101198105458_7046471128406067006_n-min-scaled.jpg'><img loading=\"lazy\" decoding=\"async\" width=\"640\" height=\"296\" src=\"https:\/\/mp2kwidzyn.pl\/wp-content\/uploads\/2025\/11\/577353362_1109101198105458_7046471128406067006_n-min-1024x473.jpg\" class=\"attachment-large size-large\" alt=\"\" srcset=\"https:\/\/mp2kwidzyn.pl\/wp-content\/uploads\/2025\/11\/577353362_1109101198105458_7046471128406067006_n-min-1024x473.jpg 1024w, https:\/\/mp2kwidzyn.pl\/wp-content\/uploads\/2025\/11\/577353362_1109101198105458_7046471128406067006_n-min-300x139.jpg 300w, https:\/\/mp2kwidzyn.pl\/wp-content\/uploads\/2025\/11\/577353362_1109101198105458_7046471128406067006_n-min-768x355.jpg 768w, https:\/\/mp2kwidzyn.pl\/wp-content\/uploads\/2025\/11\/577353362_1109101198105458_7046471128406067006_n-min-1536x710.jpg 1536w, https:\/\/mp2kwidzyn.pl\/wp-content\/uploads\/2025\/11\/577353362_1109101198105458_7046471128406067006_n-min-2048x946.jpg 2048w\" sizes=\"auto, (max-width: 640px) 100vw, 640px\" \/><\/a>\n\t\t\t\t<\/div>\n\t\t\t\t<div class=\"gl_img\">\n\t\t\t\t\t<a href='https:\/\/mp2kwidzyn.pl\/wp-content\/uploads\/2025\/11\/577353362_1109101198105458_7046471128406067006_n-min-scaled.jpg'><img loading=\"lazy\" decoding=\"async\" width=\"300\" height=\"139\" src=\"https:\/\/mp2kwidzyn.pl\/wp-content\/uploads\/2025\/11\/577353362_1109101198105458_7046471128406067006_n-min-300x139.jpg\" class=\"attachment-medium size-medium\" alt=\"\" srcset=\"https:\/\/mp2kwidzyn.pl\/wp-content\/uploads\/2025\/11\/577353362_1109101198105458_7046471128406067006_n-min-300x139.jpg 300w, https:\/\/mp2kwidzyn.pl\/wp-content\/uploads\/2025\/11\/577353362_1109101198105458_7046471128406067006_n-min-1024x473.jpg 1024w, https:\/\/mp2kwidzyn.pl\/wp-content\/uploads\/2025\/11\/577353362_1109101198105458_7046471128406067006_n-min-768x355.jpg 768w, https:\/\/mp2kwidzyn.pl\/wp-content\/uploads\/2025\/11\/577353362_1109101198105458_7046471128406067006_n-min-1536x710.jpg 1536w, https:\/\/mp2kwidzyn.pl\/wp-content\/uploads\/2025\/11\/577353362_1109101198105458_7046471128406067006_n-min-2048x946.jpg 2048w\" sizes=\"auto, (max-width: 300px) 100vw, 300px\" \/><\/a>\n\t\t\t\t\t\n\t\t\t\t<\/div>\n\t\t\t\t<div class=\"mask\">\n\t\t\t\t\t<a href=\"#TB_inline?width=600&height=550&inlineId=gallery-8\" class=\"info thickbox\" title=\"Pasowanie na przedszkolaka u Je\u017cyk\u00f3w i S\u00f3wek\">Pasowanie na przedszkolaka u Je\u017cyk\u00f3w i S\u00f3wek<\/a>\n\t\t\t\t<\/div>\n\t\t\t<\/div>\n\t\t\t<\/div><div class=\"col-md-4 col-lg-4 col-sm-4 gallery-image\">\n\t\t\t<div class=\"gallery view second-effect\">\n\t\t\t\t<div id=\"gallery-9\" style=\"display:none;\">\n\t\t\t\t\t<a href='https:\/\/mp2kwidzyn.pl\/wp-content\/uploads\/2025\/11\/577497370_1109052161443695_6618111259548689377_n-min.jpg'><img loading=\"lazy\" decoding=\"async\" width=\"640\" height=\"853\" src=\"https:\/\/mp2kwidzyn.pl\/wp-content\/uploads\/2025\/11\/577497370_1109052161443695_6618111259548689377_n-min-768x1024.jpg\" class=\"attachment-large size-large\" alt=\"\" srcset=\"https:\/\/mp2kwidzyn.pl\/wp-content\/uploads\/2025\/11\/577497370_1109052161443695_6618111259548689377_n-min-768x1024.jpg 768w, https:\/\/mp2kwidzyn.pl\/wp-content\/uploads\/2025\/11\/577497370_1109052161443695_6618111259548689377_n-min-225x300.jpg 225w, https:\/\/mp2kwidzyn.pl\/wp-content\/uploads\/2025\/11\/577497370_1109052161443695_6618111259548689377_n-min-1152x1536.jpg 1152w, https:\/\/mp2kwidzyn.pl\/wp-content\/uploads\/2025\/11\/577497370_1109052161443695_6618111259548689377_n-min.jpg 1200w\" sizes=\"auto, (max-width: 640px) 100vw, 640px\" \/><\/a>\n\t\t\t\t<\/div>\n\t\t\t\t<div class=\"gl_img\">\n\t\t\t\t\t<a href='https:\/\/mp2kwidzyn.pl\/wp-content\/uploads\/2025\/11\/577497370_1109052161443695_6618111259548689377_n-min.jpg'><img loading=\"lazy\" decoding=\"async\" width=\"225\" height=\"300\" src=\"https:\/\/mp2kwidzyn.pl\/wp-content\/uploads\/2025\/11\/577497370_1109052161443695_6618111259548689377_n-min-225x300.jpg\" class=\"attachment-medium size-medium\" alt=\"\" srcset=\"https:\/\/mp2kwidzyn.pl\/wp-content\/uploads\/2025\/11\/577497370_1109052161443695_6618111259548689377_n-min-225x300.jpg 225w, https:\/\/mp2kwidzyn.pl\/wp-content\/uploads\/2025\/11\/577497370_1109052161443695_6618111259548689377_n-min-768x1024.jpg 768w, https:\/\/mp2kwidzyn.pl\/wp-content\/uploads\/2025\/11\/577497370_1109052161443695_6618111259548689377_n-min-1152x1536.jpg 1152w, https:\/\/mp2kwidzyn.pl\/wp-content\/uploads\/2025\/11\/577497370_1109052161443695_6618111259548689377_n-min.jpg 1200w\" sizes=\"auto, (max-width: 225px) 100vw, 225px\" \/><\/a>\n\t\t\t\t\t\n\t\t\t\t<\/div>\n\t\t\t\t<div class=\"mask\">\n\t\t\t\t\t<a href=\"#TB_inline?width=600&height=550&inlineId=gallery-9\" class=\"info thickbox\" title=\"Pasowanie na przedszkolaka u Je\u017cyk\u00f3w i S\u00f3wek\">Pasowanie na przedszkolaka u Je\u017cyk\u00f3w i S\u00f3wek<\/a>\n\t\t\t\t<\/div>\n\t\t\t<\/div>\n\t\t\t<\/div><div class=\"col-md-4 col-lg-4 col-sm-4 gallery-image\">\n\t\t\t<div class=\"gallery view second-effect\">\n\t\t\t\t<div id=\"gallery-10\" style=\"display:none;\">\n\t\t\t\t\t<a href='https:\/\/mp2kwidzyn.pl\/wp-content\/uploads\/2025\/11\/577855355_1109052224777022_3823119289940545399_n-min.jpg'><img loading=\"lazy\" decoding=\"async\" width=\"640\" height=\"853\" src=\"https:\/\/mp2kwidzyn.pl\/wp-content\/uploads\/2025\/11\/577855355_1109052224777022_3823119289940545399_n-min-768x1024.jpg\" class=\"attachment-large size-large\" alt=\"\" srcset=\"https:\/\/mp2kwidzyn.pl\/wp-content\/uploads\/2025\/11\/577855355_1109052224777022_3823119289940545399_n-min-768x1024.jpg 768w, https:\/\/mp2kwidzyn.pl\/wp-content\/uploads\/2025\/11\/577855355_1109052224777022_3823119289940545399_n-min-225x300.jpg 225w, https:\/\/mp2kwidzyn.pl\/wp-content\/uploads\/2025\/11\/577855355_1109052224777022_3823119289940545399_n-min-1152x1536.jpg 1152w, https:\/\/mp2kwidzyn.pl\/wp-content\/uploads\/2025\/11\/577855355_1109052224777022_3823119289940545399_n-min.jpg 1200w\" sizes=\"auto, (max-width: 640px) 100vw, 640px\" \/><\/a>\n\t\t\t\t<\/div>\n\t\t\t\t<div class=\"gl_img\">\n\t\t\t\t\t<a href='https:\/\/mp2kwidzyn.pl\/wp-content\/uploads\/2025\/11\/577855355_1109052224777022_3823119289940545399_n-min.jpg'><img loading=\"lazy\" decoding=\"async\" width=\"225\" height=\"300\" src=\"https:\/\/mp2kwidzyn.pl\/wp-content\/uploads\/2025\/11\/577855355_1109052224777022_3823119289940545399_n-min-225x300.jpg\" class=\"attachment-medium size-medium\" alt=\"\" srcset=\"https:\/\/mp2kwidzyn.pl\/wp-content\/uploads\/2025\/11\/577855355_1109052224777022_3823119289940545399_n-min-225x300.jpg 225w, https:\/\/mp2kwidzyn.pl\/wp-content\/uploads\/2025\/11\/577855355_1109052224777022_3823119289940545399_n-min-768x1024.jpg 768w, https:\/\/mp2kwidzyn.pl\/wp-content\/uploads\/2025\/11\/577855355_1109052224777022_3823119289940545399_n-min-1152x1536.jpg 1152w, https:\/\/mp2kwidzyn.pl\/wp-content\/uploads\/2025\/11\/577855355_1109052224777022_3823119289940545399_n-min.jpg 1200w\" sizes=\"auto, (max-width: 225px) 100vw, 225px\" \/><\/a>\n\t\t\t\t\t\n\t\t\t\t<\/div>\n\t\t\t\t<div class=\"mask\">\n\t\t\t\t\t<a href=\"#TB_inline?width=600&height=550&inlineId=gallery-10\" class=\"info thickbox\" title=\"Pasowanie na przedszkolaka u Je\u017cyk\u00f3w i S\u00f3wek\">Pasowanie na przedszkolaka u Je\u017cyk\u00f3w i S\u00f3wek<\/a>\n\t\t\t\t<\/div>\n\t\t\t<\/div>\n\t\t\t<\/div><div class=\"col-md-4 col-lg-4 col-sm-4 gallery-image\">\n\t\t\t<div class=\"gallery view second-effect\">\n\t\t\t\t<div id=\"gallery-11\" style=\"display:none;\">\n\t\t\t\t\t<a href='https:\/\/mp2kwidzyn.pl\/wp-content\/uploads\/2025\/11\/576396631_1109052304777014_92771966194538924_n-min.jpg'><img loading=\"lazy\" decoding=\"async\" width=\"640\" height=\"853\" src=\"https:\/\/mp2kwidzyn.pl\/wp-content\/uploads\/2025\/11\/576396631_1109052304777014_92771966194538924_n-min-768x1024.jpg\" class=\"attachment-large size-large\" alt=\"\" srcset=\"https:\/\/mp2kwidzyn.pl\/wp-content\/uploads\/2025\/11\/576396631_1109052304777014_92771966194538924_n-min-768x1024.jpg 768w, https:\/\/mp2kwidzyn.pl\/wp-content\/uploads\/2025\/11\/576396631_1109052304777014_92771966194538924_n-min-225x300.jpg 225w, https:\/\/mp2kwidzyn.pl\/wp-content\/uploads\/2025\/11\/576396631_1109052304777014_92771966194538924_n-min-1152x1536.jpg 1152w, https:\/\/mp2kwidzyn.pl\/wp-content\/uploads\/2025\/11\/576396631_1109052304777014_92771966194538924_n-min.jpg 1200w\" sizes=\"auto, (max-width: 640px) 100vw, 640px\" \/><\/a>\n\t\t\t\t<\/div>\n\t\t\t\t<div class=\"gl_img\">\n\t\t\t\t\t<a href='https:\/\/mp2kwidzyn.pl\/wp-content\/uploads\/2025\/11\/576396631_1109052304777014_92771966194538924_n-min.jpg'><img loading=\"lazy\" decoding=\"async\" width=\"225\" height=\"300\" src=\"https:\/\/mp2kwidzyn.pl\/wp-content\/uploads\/2025\/11\/576396631_1109052304777014_92771966194538924_n-min-225x300.jpg\" class=\"attachment-medium size-medium\" alt=\"\" srcset=\"https:\/\/mp2kwidzyn.pl\/wp-content\/uploads\/2025\/11\/576396631_1109052304777014_92771966194538924_n-min-225x300.jpg 225w, https:\/\/mp2kwidzyn.pl\/wp-content\/uploads\/2025\/11\/576396631_1109052304777014_92771966194538924_n-min-768x1024.jpg 768w, https:\/\/mp2kwidzyn.pl\/wp-content\/uploads\/2025\/11\/576396631_1109052304777014_92771966194538924_n-min-1152x1536.jpg 1152w, https:\/\/mp2kwidzyn.pl\/wp-content\/uploads\/2025\/11\/576396631_1109052304777014_92771966194538924_n-min.jpg 1200w\" sizes=\"auto, (max-width: 225px) 100vw, 225px\" \/><\/a>\n\t\t\t\t\t\n\t\t\t\t<\/div>\n\t\t\t\t<div class=\"mask\">\n\t\t\t\t\t<a href=\"#TB_inline?width=600&height=550&inlineId=gallery-11\" class=\"info thickbox\" title=\"Pasowanie na przedszkolaka u Je\u017cyk\u00f3w i S\u00f3wek\">Pasowanie na przedszkolaka u Je\u017cyk\u00f3w i S\u00f3wek<\/a>\n\t\t\t\t<\/div>\n\t\t\t<\/div>\n\t\t\t<\/div><div class=\"col-md-4 col-lg-4 col-sm-4 gallery-image\">\n\t\t\t<div class=\"gallery view second-effect\">\n\t\t\t\t<div id=\"gallery-12\" style=\"display:none;\">\n\t\t\t\t\t<a href='https:\/\/mp2kwidzyn.pl\/wp-content\/uploads\/2025\/11\/575109520_1109052488110329_7372732086790271671_n-min.jpg'><img loading=\"lazy\" decoding=\"async\" width=\"640\" height=\"853\" src=\"https:\/\/mp2kwidzyn.pl\/wp-content\/uploads\/2025\/11\/575109520_1109052488110329_7372732086790271671_n-min-768x1024.jpg\" class=\"attachment-large size-large\" alt=\"\" srcset=\"https:\/\/mp2kwidzyn.pl\/wp-content\/uploads\/2025\/11\/575109520_1109052488110329_7372732086790271671_n-min-768x1024.jpg 768w, https:\/\/mp2kwidzyn.pl\/wp-content\/uploads\/2025\/11\/575109520_1109052488110329_7372732086790271671_n-min-225x300.jpg 225w, https:\/\/mp2kwidzyn.pl\/wp-content\/uploads\/2025\/11\/575109520_1109052488110329_7372732086790271671_n-min-1152x1536.jpg 1152w, https:\/\/mp2kwidzyn.pl\/wp-content\/uploads\/2025\/11\/575109520_1109052488110329_7372732086790271671_n-min.jpg 1200w\" sizes=\"auto, (max-width: 640px) 100vw, 640px\" \/><\/a>\n\t\t\t\t<\/div>\n\t\t\t\t<div class=\"gl_img\">\n\t\t\t\t\t<a href='https:\/\/mp2kwidzyn.pl\/wp-content\/uploads\/2025\/11\/575109520_1109052488110329_7372732086790271671_n-min.jpg'><img loading=\"lazy\" decoding=\"async\" width=\"225\" height=\"300\" src=\"https:\/\/mp2kwidzyn.pl\/wp-content\/uploads\/2025\/11\/575109520_1109052488110329_7372732086790271671_n-min-225x300.jpg\" class=\"attachment-medium size-medium\" alt=\"\" srcset=\"https:\/\/mp2kwidzyn.pl\/wp-content\/uploads\/2025\/11\/575109520_1109052488110329_7372732086790271671_n-min-225x300.jpg 225w, https:\/\/mp2kwidzyn.pl\/wp-content\/uploads\/2025\/11\/575109520_1109052488110329_7372732086790271671_n-min-768x1024.jpg 768w, https:\/\/mp2kwidzyn.pl\/wp-content\/uploads\/2025\/11\/575109520_1109052488110329_7372732086790271671_n-min-1152x1536.jpg 1152w, https:\/\/mp2kwidzyn.pl\/wp-content\/uploads\/2025\/11\/575109520_1109052488110329_7372732086790271671_n-min.jpg 1200w\" sizes=\"auto, (max-width: 225px) 100vw, 225px\" \/><\/a>\n\t\t\t\t\t\n\t\t\t\t<\/div>\n\t\t\t\t<div class=\"mask\">\n\t\t\t\t\t<a href=\"#TB_inline?width=600&height=550&inlineId=gallery-12\" class=\"info thickbox\" title=\"Pasowanie na przedszkolaka u Je\u017cyk\u00f3w i S\u00f3wek\">Pasowanie na przedszkolaka u Je\u017cyk\u00f3w i S\u00f3wek<\/a>\n\t\t\t\t<\/div>\n\t\t\t<\/div>\n\t\t\t<\/div><div class=\"col-md-4 col-lg-4 col-sm-4 gallery-image\">\n\t\t\t<div class=\"gallery view second-effect\">\n\t\t\t\t<div id=\"gallery-13\" style=\"display:none;\">\n\t\t\t\t\t<a href='https:\/\/mp2kwidzyn.pl\/wp-content\/uploads\/2025\/11\/578265471_1109052704776974_3553692966319100111_n-min.jpg'><img loading=\"lazy\" decoding=\"async\" width=\"640\" height=\"853\" src=\"https:\/\/mp2kwidzyn.pl\/wp-content\/uploads\/2025\/11\/578265471_1109052704776974_3553692966319100111_n-min-768x1024.jpg\" class=\"attachment-large size-large\" alt=\"\" srcset=\"https:\/\/mp2kwidzyn.pl\/wp-content\/uploads\/2025\/11\/578265471_1109052704776974_3553692966319100111_n-min-768x1024.jpg 768w, https:\/\/mp2kwidzyn.pl\/wp-content\/uploads\/2025\/11\/578265471_1109052704776974_3553692966319100111_n-min-225x300.jpg 225w, https:\/\/mp2kwidzyn.pl\/wp-content\/uploads\/2025\/11\/578265471_1109052704776974_3553692966319100111_n-min-1152x1536.jpg 1152w, https:\/\/mp2kwidzyn.pl\/wp-content\/uploads\/2025\/11\/578265471_1109052704776974_3553692966319100111_n-min.jpg 1200w\" sizes=\"auto, (max-width: 640px) 100vw, 640px\" \/><\/a>\n\t\t\t\t<\/div>\n\t\t\t\t<div class=\"gl_img\">\n\t\t\t\t\t<a href='https:\/\/mp2kwidzyn.pl\/wp-content\/uploads\/2025\/11\/578265471_1109052704776974_3553692966319100111_n-min.jpg'><img loading=\"lazy\" decoding=\"async\" width=\"225\" height=\"300\" src=\"https:\/\/mp2kwidzyn.pl\/wp-content\/uploads\/2025\/11\/578265471_1109052704776974_3553692966319100111_n-min-225x300.jpg\" class=\"attachment-medium size-medium\" alt=\"\" srcset=\"https:\/\/mp2kwidzyn.pl\/wp-content\/uploads\/2025\/11\/578265471_1109052704776974_3553692966319100111_n-min-225x300.jpg 225w, https:\/\/mp2kwidzyn.pl\/wp-content\/uploads\/2025\/11\/578265471_1109052704776974_3553692966319100111_n-min-768x1024.jpg 768w, https:\/\/mp2kwidzyn.pl\/wp-content\/uploads\/2025\/11\/578265471_1109052704776974_3553692966319100111_n-min-1152x1536.jpg 1152w, https:\/\/mp2kwidzyn.pl\/wp-content\/uploads\/2025\/11\/578265471_1109052704776974_3553692966319100111_n-min.jpg 1200w\" sizes=\"auto, (max-width: 225px) 100vw, 225px\" \/><\/a>\n\t\t\t\t\t\n\t\t\t\t<\/div>\n\t\t\t\t<div class=\"mask\">\n\t\t\t\t\t<a href=\"#TB_inline?width=600&height=550&inlineId=gallery-13\" class=\"info thickbox\" title=\"Pasowanie na przedszkolaka u Je\u017cyk\u00f3w i S\u00f3wek\">Pasowanie na przedszkolaka u Je\u017cyk\u00f3w i S\u00f3wek<\/a>\n\t\t\t\t<\/div>\n\t\t\t<\/div>\n\t\t\t<\/div><div class=\"col-md-4 col-lg-4 col-sm-4 gallery-image\">\n\t\t\t<div class=\"gallery view second-effect\">\n\t\t\t\t<div id=\"gallery-14\" style=\"display:none;\">\n\t\t\t\t\t<a href='https:\/\/mp2kwidzyn.pl\/wp-content\/uploads\/2025\/11\/576937656_1109051528110425_5532538029483208917_n-min.jpg'><img loading=\"lazy\" decoding=\"async\" width=\"640\" height=\"480\" src=\"https:\/\/mp2kwidzyn.pl\/wp-content\/uploads\/2025\/11\/576937656_1109051528110425_5532538029483208917_n-min-1024x768.jpg\" class=\"attachment-large size-large\" alt=\"\" srcset=\"https:\/\/mp2kwidzyn.pl\/wp-content\/uploads\/2025\/11\/576937656_1109051528110425_5532538029483208917_n-min-1024x768.jpg 1024w, https:\/\/mp2kwidzyn.pl\/wp-content\/uploads\/2025\/11\/576937656_1109051528110425_5532538029483208917_n-min-300x225.jpg 300w, https:\/\/mp2kwidzyn.pl\/wp-content\/uploads\/2025\/11\/576937656_1109051528110425_5532538029483208917_n-min-768x576.jpg 768w, https:\/\/mp2kwidzyn.pl\/wp-content\/uploads\/2025\/11\/576937656_1109051528110425_5532538029483208917_n-min-1536x1152.jpg 1536w, https:\/\/mp2kwidzyn.pl\/wp-content\/uploads\/2025\/11\/576937656_1109051528110425_5532538029483208917_n-min.jpg 1600w\" sizes=\"auto, (max-width: 640px) 100vw, 640px\" \/><\/a>\n\t\t\t\t<\/div>\n\t\t\t\t<div class=\"gl_img\">\n\t\t\t\t\t<a href='https:\/\/mp2kwidzyn.pl\/wp-content\/uploads\/2025\/11\/576937656_1109051528110425_5532538029483208917_n-min.jpg'><img loading=\"lazy\" decoding=\"async\" width=\"300\" height=\"225\" src=\"https:\/\/mp2kwidzyn.pl\/wp-content\/uploads\/2025\/11\/576937656_1109051528110425_5532538029483208917_n-min-300x225.jpg\" class=\"attachment-medium size-medium\" alt=\"\" srcset=\"https:\/\/mp2kwidzyn.pl\/wp-content\/uploads\/2025\/11\/576937656_1109051528110425_5532538029483208917_n-min-300x225.jpg 300w, https:\/\/mp2kwidzyn.pl\/wp-content\/uploads\/2025\/11\/576937656_1109051528110425_5532538029483208917_n-min-1024x768.jpg 1024w, https:\/\/mp2kwidzyn.pl\/wp-content\/uploads\/2025\/11\/576937656_1109051528110425_5532538029483208917_n-min-768x576.jpg 768w, https:\/\/mp2kwidzyn.pl\/wp-content\/uploads\/2025\/11\/576937656_1109051528110425_5532538029483208917_n-min-1536x1152.jpg 1536w, https:\/\/mp2kwidzyn.pl\/wp-content\/uploads\/2025\/11\/576937656_1109051528110425_5532538029483208917_n-min.jpg 1600w\" sizes=\"auto, (max-width: 300px) 100vw, 300px\" \/><\/a>\n\t\t\t\t\t\n\t\t\t\t<\/div>\n\t\t\t\t<div class=\"mask\">\n\t\t\t\t\t<a href=\"#TB_inline?width=600&height=550&inlineId=gallery-14\" class=\"info thickbox\" title=\"Pasowanie na przedszkolaka u Je\u017cyk\u00f3w i S\u00f3wek\">Pasowanie na przedszkolaka u Je\u017cyk\u00f3w i S\u00f3wek<\/a>\n\t\t\t\t<\/div>\n\t\t\t<\/div>\n\t\t\t<\/div><div class=\"col-md-4 col-lg-4 col-sm-4 gallery-image\">\n\t\t\t<div class=\"gallery view second-effect\">\n\t\t\t\t<div id=\"gallery-15\" style=\"display:none;\">\n\t\t\t\t\t<a href='https:\/\/mp2kwidzyn.pl\/wp-content\/uploads\/2025\/11\/575172311_1109051794777065_6029828191750040881_n-min.jpg'><img loading=\"lazy\" decoding=\"async\" width=\"640\" height=\"853\" src=\"https:\/\/mp2kwidzyn.pl\/wp-content\/uploads\/2025\/11\/575172311_1109051794777065_6029828191750040881_n-min-768x1024.jpg\" class=\"attachment-large size-large\" alt=\"\" srcset=\"https:\/\/mp2kwidzyn.pl\/wp-content\/uploads\/2025\/11\/575172311_1109051794777065_6029828191750040881_n-min-768x1024.jpg 768w, https:\/\/mp2kwidzyn.pl\/wp-content\/uploads\/2025\/11\/575172311_1109051794777065_6029828191750040881_n-min-225x300.jpg 225w, https:\/\/mp2kwidzyn.pl\/wp-content\/uploads\/2025\/11\/575172311_1109051794777065_6029828191750040881_n-min-1152x1536.jpg 1152w, https:\/\/mp2kwidzyn.pl\/wp-content\/uploads\/2025\/11\/575172311_1109051794777065_6029828191750040881_n-min.jpg 1200w\" sizes=\"auto, (max-width: 640px) 100vw, 640px\" \/><\/a>\n\t\t\t\t<\/div>\n\t\t\t\t<div class=\"gl_img\">\n\t\t\t\t\t<a href='https:\/\/mp2kwidzyn.pl\/wp-content\/uploads\/2025\/11\/575172311_1109051794777065_6029828191750040881_n-min.jpg'><img loading=\"lazy\" decoding=\"async\" width=\"225\" height=\"300\" src=\"https:\/\/mp2kwidzyn.pl\/wp-content\/uploads\/2025\/11\/575172311_1109051794777065_6029828191750040881_n-min-225x300.jpg\" class=\"attachment-medium size-medium\" alt=\"\" srcset=\"https:\/\/mp2kwidzyn.pl\/wp-content\/uploads\/2025\/11\/575172311_1109051794777065_6029828191750040881_n-min-225x300.jpg 225w, https:\/\/mp2kwidzyn.pl\/wp-content\/uploads\/2025\/11\/575172311_1109051794777065_6029828191750040881_n-min-768x1024.jpg 768w, https:\/\/mp2kwidzyn.pl\/wp-content\/uploads\/2025\/11\/575172311_1109051794777065_6029828191750040881_n-min-1152x1536.jpg 1152w, https:\/\/mp2kwidzyn.pl\/wp-content\/uploads\/2025\/11\/575172311_1109051794777065_6029828191750040881_n-min.jpg 1200w\" sizes=\"auto, (max-width: 225px) 100vw, 225px\" \/><\/a>\n\t\t\t\t\t\n\t\t\t\t<\/div>\n\t\t\t\t<div class=\"mask\">\n\t\t\t\t\t<a href=\"#TB_inline?width=600&height=550&inlineId=gallery-15\" class=\"info thickbox\" title=\"Pasowanie na przedszkolaka u Je\u017cyk\u00f3w i S\u00f3wek\">Pasowanie na przedszkolaka u Je\u017cyk\u00f3w i S\u00f3wek<\/a>\n\t\t\t\t<\/div>\n\t\t\t<\/div>\n\t\t\t<\/div><div class=\"col-md-4 col-lg-4 col-sm-4 gallery-image\">\n\t\t\t<div class=\"gallery view second-effect\">\n\t\t\t\t<div id=\"gallery-16\" style=\"display:none;\">\n\t\t\t\t\t<a href='https:\/\/mp2kwidzyn.pl\/wp-content\/uploads\/2025\/11\/574503580_1109051928110385_8635803136017281636_n-min.jpg'><img loading=\"lazy\" decoding=\"async\" width=\"640\" height=\"480\" src=\"https:\/\/mp2kwidzyn.pl\/wp-content\/uploads\/2025\/11\/574503580_1109051928110385_8635803136017281636_n-min-1024x768.jpg\" class=\"attachment-large size-large\" alt=\"\" srcset=\"https:\/\/mp2kwidzyn.pl\/wp-content\/uploads\/2025\/11\/574503580_1109051928110385_8635803136017281636_n-min-1024x768.jpg 1024w, https:\/\/mp2kwidzyn.pl\/wp-content\/uploads\/2025\/11\/574503580_1109051928110385_8635803136017281636_n-min-300x225.jpg 300w, https:\/\/mp2kwidzyn.pl\/wp-content\/uploads\/2025\/11\/574503580_1109051928110385_8635803136017281636_n-min-768x576.jpg 768w, https:\/\/mp2kwidzyn.pl\/wp-content\/uploads\/2025\/11\/574503580_1109051928110385_8635803136017281636_n-min-1536x1152.jpg 1536w, https:\/\/mp2kwidzyn.pl\/wp-content\/uploads\/2025\/11\/574503580_1109051928110385_8635803136017281636_n-min.jpg 1600w\" sizes=\"auto, (max-width: 640px) 100vw, 640px\" \/><\/a>\n\t\t\t\t<\/div>\n\t\t\t\t<div class=\"gl_img\">\n\t\t\t\t\t<a href='https:\/\/mp2kwidzyn.pl\/wp-content\/uploads\/2025\/11\/574503580_1109051928110385_8635803136017281636_n-min.jpg'><img loading=\"lazy\" decoding=\"async\" width=\"300\" height=\"225\" src=\"https:\/\/mp2kwidzyn.pl\/wp-content\/uploads\/2025\/11\/574503580_1109051928110385_8635803136017281636_n-min-300x225.jpg\" class=\"attachment-medium size-medium\" alt=\"\" srcset=\"https:\/\/mp2kwidzyn.pl\/wp-content\/uploads\/2025\/11\/574503580_1109051928110385_8635803136017281636_n-min-300x225.jpg 300w, https:\/\/mp2kwidzyn.pl\/wp-content\/uploads\/2025\/11\/574503580_1109051928110385_8635803136017281636_n-min-1024x768.jpg 1024w, https:\/\/mp2kwidzyn.pl\/wp-content\/uploads\/2025\/11\/574503580_1109051928110385_8635803136017281636_n-min-768x576.jpg 768w, https:\/\/mp2kwidzyn.pl\/wp-content\/uploads\/2025\/11\/574503580_1109051928110385_8635803136017281636_n-min-1536x1152.jpg 1536w, https:\/\/mp2kwidzyn.pl\/wp-content\/uploads\/2025\/11\/574503580_1109051928110385_8635803136017281636_n-min.jpg 1600w\" sizes=\"auto, (max-width: 300px) 100vw, 300px\" \/><\/a>\n\t\t\t\t\t\n\t\t\t\t<\/div>\n\t\t\t\t<div class=\"mask\">\n\t\t\t\t\t<a href=\"#TB_inline?width=600&height=550&inlineId=gallery-16\" class=\"info thickbox\" title=\"Pasowanie na przedszkolaka u Je\u017cyk\u00f3w i S\u00f3wek\">Pasowanie na przedszkolaka u Je\u017cyk\u00f3w i S\u00f3wek<\/a>\n\t\t\t\t<\/div>\n\t\t\t<\/div>\n\t\t\t<\/div><div class=\"col-md-4 col-lg-4 col-sm-4 gallery-image\">\n\t\t\t<div class=\"gallery view second-effect\">\n\t\t\t\t<div id=\"gallery-17\" style=\"display:none;\">\n\t\t\t\t\t<a href='https:\/\/mp2kwidzyn.pl\/wp-content\/uploads\/2025\/11\/577858413_1109052008110377_6308098627645483063_n-min.jpg'><img loading=\"lazy\" decoding=\"async\" width=\"640\" height=\"853\" src=\"https:\/\/mp2kwidzyn.pl\/wp-content\/uploads\/2025\/11\/577858413_1109052008110377_6308098627645483063_n-min-768x1024.jpg\" class=\"attachment-large size-large\" alt=\"\" srcset=\"https:\/\/mp2kwidzyn.pl\/wp-content\/uploads\/2025\/11\/577858413_1109052008110377_6308098627645483063_n-min-768x1024.jpg 768w, https:\/\/mp2kwidzyn.pl\/wp-content\/uploads\/2025\/11\/577858413_1109052008110377_6308098627645483063_n-min-225x300.jpg 225w, https:\/\/mp2kwidzyn.pl\/wp-content\/uploads\/2025\/11\/577858413_1109052008110377_6308098627645483063_n-min-1152x1536.jpg 1152w, https:\/\/mp2kwidzyn.pl\/wp-content\/uploads\/2025\/11\/577858413_1109052008110377_6308098627645483063_n-min.jpg 1200w\" sizes=\"auto, (max-width: 640px) 100vw, 640px\" \/><\/a>\n\t\t\t\t<\/div>\n\t\t\t\t<div class=\"gl_img\">\n\t\t\t\t\t<a href='https:\/\/mp2kwidzyn.pl\/wp-content\/uploads\/2025\/11\/577858413_1109052008110377_6308098627645483063_n-min.jpg'><img loading=\"lazy\" decoding=\"async\" width=\"225\" height=\"300\" src=\"https:\/\/mp2kwidzyn.pl\/wp-content\/uploads\/2025\/11\/577858413_1109052008110377_6308098627645483063_n-min-225x300.jpg\" class=\"attachment-medium size-medium\" alt=\"\" srcset=\"https:\/\/mp2kwidzyn.pl\/wp-content\/uploads\/2025\/11\/577858413_1109052008110377_6308098627645483063_n-min-225x300.jpg 225w, https:\/\/mp2kwidzyn.pl\/wp-content\/uploads\/2025\/11\/577858413_1109052008110377_6308098627645483063_n-min-768x1024.jpg 768w, https:\/\/mp2kwidzyn.pl\/wp-content\/uploads\/2025\/11\/577858413_1109052008110377_6308098627645483063_n-min-1152x1536.jpg 1152w, https:\/\/mp2kwidzyn.pl\/wp-content\/uploads\/2025\/11\/577858413_1109052008110377_6308098627645483063_n-min.jpg 1200w\" sizes=\"auto, (max-width: 225px) 100vw, 225px\" \/><\/a>\n\t\t\t\t\t\n\t\t\t\t<\/div>\n\t\t\t\t<div class=\"mask\">\n\t\t\t\t\t<a href=\"#TB_inline?width=600&height=550&inlineId=gallery-17\" class=\"info thickbox\" title=\"Pasowanie na przedszkolaka u Je\u017cyk\u00f3w i S\u00f3wek\">Pasowanie na przedszkolaka u Je\u017cyk\u00f3w i S\u00f3wek<\/a>\n\t\t\t\t<\/div>\n\t\t\t<\/div>\n\t\t\t<\/div><\/div><\/strong><\/div>\n","protected":false},"excerpt":{"rendered":"<p>W przedszkolnym odby\u0142a si\u0119 uroczysto\u015b\u0107 &#8222;Pasowania na przedszkolaka&#8221; , b\u0119d\u0105ca symbolicznym pocz\u0105tkiem nowego etapu w \u017cyciu naszych maluch\u00f3w. To nie tylko moment przyj\u0119cia do przedszkolnej spo\u0142eczno\u015bci, ale r\u00f3wnie\u017c czas pe\u0142en niezapomnianych wra\u017ce\u0144 i wzrusze\u0144. Grupy Je\u017cyk\u00f3w i S\u00f3wek<\/p>\n","protected":false},"author":1,"featured_media":3941,"comment_status":"open","ping_status":"open","sticky":false,"template":"","format":"standard","meta":{"footnotes":""},"categories":[1],"tags":[],"class_list":["post-3924","post","type-post","status-publish","format-standard","has-post-thumbnail","hentry","category-uncategorized"],"_links":{"self":[{"href":"https:\/\/mp2kwidzyn.pl\/index.php\/wp-json\/wp\/v2\/posts\/3924","targetHints":{"allow":["GET"]}}],"collection":[{"href":"https:\/\/mp2kwidzyn.pl\/index.php\/wp-json\/wp\/v2\/posts"}],"about":[{"href":"https:\/\/mp2kwidzyn.pl\/index.php\/wp-json\/wp\/v2\/types\/post"}],"author":[{"embeddable":true,"href":"https:\/\/mp2kwidzyn.pl\/index.php\/wp-json\/wp\/v2\/users\/1"}],"replies":[{"embeddable":true,"href":"https:\/\/mp2kwidzyn.pl\/index.php\/wp-json\/wp\/v2\/comments?post=3924"}],"version-history":[{"count":2,"href":"https:\/\/mp2kwidzyn.pl\/index.php\/wp-json\/wp\/v2\/posts\/3924\/revisions"}],"predecessor-version":[{"id":3945,"href":"https:\/\/mp2kwidzyn.pl\/index.php\/wp-json\/wp\/v2\/posts\/3924\/revisions\/3945"}],"wp:featuredmedia":[{"embeddable":true,"href":"https:\/\/mp2kwidzyn.pl\/index.php\/wp-json\/wp\/v2\/media\/3941"}],"wp:attachment":[{"href":"https:\/\/mp2kwidzyn.pl\/index.php\/wp-json\/wp\/v2\/media?parent=3924"}],"wp:term":[{"taxonomy":"category","embeddable":true,"href":"https:\/\/mp2kwidzyn.pl\/index.php\/wp-json\/wp\/v2\/categories?post=3924"},{"taxonomy":"post_tag","embeddable":true,"href":"https:\/\/mp2kwidzyn.pl\/index.php\/wp-json\/wp\/v2\/tags?post=3924"}],"curies":[{"name":"wp","href":"https:\/\/api.w.org\/{rel}","templated":true}]}}