{"id":3955,"date":"2025-11-09T16:18:31","date_gmt":"2025-11-09T16:18:31","guid":{"rendered":"https:\/\/mp2kwidzyn.pl\/?p=3955"},"modified":"2025-11-09T16:21:20","modified_gmt":"2025-11-09T16:21:20","slug":"3955","status":"publish","type":"post","link":"https:\/\/mp2kwidzyn.pl\/index.php\/2025\/11\/09\/3955\/","title":{"rendered":"Dzie\u0144 Niepodleg\u0142o\u015bci"},"content":{"rendered":"<div dir=\"auto\"><strong>11 listopada<\/strong> to dzie\u0144, w kt\u00f3rym bije <strong>serce Polski<\/strong>. <span class=\"html-span xexx8yu xyri2b x18d9i69 x1c1uobl x1hl2dhg x16tdsg8 x1vvkbs x3nfvp2 x1j61x8r x1fcty0u xdj266r xat24cr xm2jcoa x1mpyi22 xxymvpz xlup9mm x1kky2od\"><img loading=\"lazy\" decoding=\"async\" class=\"xz74otr x15mokao x1ga7v0g x16uus16 xbiv7yw\" src=\"https:\/\/static.xx.fbcdn.net\/images\/emoji.php\/v9\/t9e\/3\/16\/1f1f5_1f1f1.png\" alt=\"&#x1f1f5;&#x1f1f1;\" width=\"16\" height=\"16\" \/><\/span><\/div>\n<div dir=\"auto\">Podczas przedszkolnej <strong>uroczysto\u015bci<\/strong> uczcili\u015bmy <strong>pami\u0119\u0107<\/strong> tych, kt\u00f3rzy walczyli o wolno\u015b\u0107 <strong>naszej Ojczyzny<\/strong>.<\/div>\n<div dir=\"auto\"><a href=\"https:\/\/www.facebook.com\/reel\/25089567230708482\"><img loading=\"lazy\" decoding=\"async\" class=\"size-medium wp-image-3957 aligncenter\" src=\"https:\/\/mp2kwidzyn.pl\/wp-content\/uploads\/2025\/11\/DzienNiepodleglosci-300x156.jpg\" alt=\"\" width=\"300\" height=\"156\" srcset=\"https:\/\/mp2kwidzyn.pl\/wp-content\/uploads\/2025\/11\/DzienNiepodleglosci-300x156.jpg 300w, https:\/\/mp2kwidzyn.pl\/wp-content\/uploads\/2025\/11\/DzienNiepodleglosci-1024x531.jpg 1024w, https:\/\/mp2kwidzyn.pl\/wp-content\/uploads\/2025\/11\/DzienNiepodleglosci-768x398.jpg 768w, https:\/\/mp2kwidzyn.pl\/wp-content\/uploads\/2025\/11\/DzienNiepodleglosci-1536x796.jpg 1536w, https:\/\/mp2kwidzyn.pl\/wp-content\/uploads\/2025\/11\/DzienNiepodleglosci-2048x1062.jpg 2048w\" sizes=\"auto, (max-width: 300px) 100vw, 300px\" \/><\/a><\/div>\n","protected":false},"excerpt":{"rendered":"<p>11 listopada to dzie\u0144, w kt\u00f3rym bije serce Polski. Podczas przedszkolnej uroczysto\u015bci uczcili\u015bmy pami\u0119\u0107 tych, kt\u00f3rzy walczyli o wolno\u015b\u0107 naszej Ojczyzny.<\/p>\n","protected":false},"author":1,"featured_media":3957,"comment_status":"open","ping_status":"open","sticky":false,"template":"","format":"standard","meta":{"footnotes":""},"categories":[1],"tags":[],"class_list":["post-3955","post","type-post","status-publish","format-standard","has-post-thumbnail","hentry","category-uncategorized"],"_links":{"self":[{"href":"https:\/\/mp2kwidzyn.pl\/index.php\/wp-json\/wp\/v2\/posts\/3955","targetHints":{"allow":["GET"]}}],"collection":[{"href":"https:\/\/mp2kwidzyn.pl\/index.php\/wp-json\/wp\/v2\/posts"}],"about":[{"href":"https:\/\/mp2kwidzyn.pl\/index.php\/wp-json\/wp\/v2\/types\/post"}],"author":[{"embeddable":true,"href":"https:\/\/mp2kwidzyn.pl\/index.php\/wp-json\/wp\/v2\/users\/1"}],"replies":[{"embeddable":true,"href":"https:\/\/mp2kwidzyn.pl\/index.php\/wp-json\/wp\/v2\/comments?post=3955"}],"version-history":[{"count":2,"href":"https:\/\/mp2kwidzyn.pl\/index.php\/wp-json\/wp\/v2\/posts\/3955\/revisions"}],"predecessor-version":[{"id":3958,"href":"https:\/\/mp2kwidzyn.pl\/index.php\/wp-json\/wp\/v2\/posts\/3955\/revisions\/3958"}],"wp:featuredmedia":[{"embeddable":true,"href":"https:\/\/mp2kwidzyn.pl\/index.php\/wp-json\/wp\/v2\/media\/3957"}],"wp:attachment":[{"href":"https:\/\/mp2kwidzyn.pl\/index.php\/wp-json\/wp\/v2\/media?parent=3955"}],"wp:term":[{"taxonomy":"category","embeddable":true,"href":"https:\/\/mp2kwidzyn.pl\/index.php\/wp-json\/wp\/v2\/categories?post=3955"},{"taxonomy":"post_tag","embeddable":true,"href":"https:\/\/mp2kwidzyn.pl\/index.php\/wp-json\/wp\/v2\/tags?post=3955"}],"curies":[{"name":"wp","href":"https:\/\/api.w.org\/{rel}","templated":true}]}}