{"id":3965,"date":"2025-11-16T22:05:07","date_gmt":"2025-11-16T22:05:07","guid":{"rendered":"https:\/\/mp2kwidzyn.pl\/?p=3965"},"modified":"2025-11-16T22:06:57","modified_gmt":"2025-11-16T22:06:57","slug":"polak-maly-dzieci-z-grupy-zabki","status":"publish","type":"post","link":"https:\/\/mp2kwidzyn.pl\/index.php\/2025\/11\/16\/polak-maly-dzieci-z-grupy-zabki\/","title":{"rendered":"&#8222;Polak Ma\u0142y&#8221; dzieci z grupy \u017babki"},"content":{"rendered":"<p>Patriotyczna piosenka &#8222;Polak Ma\u0142y&#8221; w wykonaniu dzieci z grupy \u017babki<span class=\"html-span xexx8yu xyri2b x18d9i69 x1c1uobl x1hl2dhg x16tdsg8 x1vvkbs x3nfvp2 x1j61x8r x1fcty0u xdj266r xat24cr xm2jcoa x1mpyi22 xxymvpz xlup9mm x1kky2od\"><img loading=\"lazy\" decoding=\"async\" class=\"xz74otr x15mokao x1ga7v0g x16uus16 xbiv7yw\" src=\"https:\/\/static.xx.fbcdn.net\/images\/emoji.php\/v9\/t3\/3\/16\/1f90d.png\" alt=\"&#x1f90d;\" width=\"16\" height=\"16\" \/><\/span><span class=\"html-span xexx8yu xyri2b x18d9i69 x1c1uobl x1hl2dhg x16tdsg8 x1vvkbs x3nfvp2 x1j61x8r x1fcty0u xdj266r xat24cr xm2jcoa x1mpyi22 xxymvpz xlup9mm x1kky2od\"><img loading=\"lazy\" decoding=\"async\" class=\"xz74otr x15mokao x1ga7v0g x16uus16 xbiv7yw\" src=\"https:\/\/static.xx.fbcdn.net\/images\/emoji.php\/v9\/t6e\/3\/16\/2764.png\" alt=\"&#x2764;&#xfe0f;\" width=\"16\" height=\"16\" \/><\/span><\/p>\n<p><a href=\"https:\/\/www.facebook.com\/reel\/806181398947433\"><img loading=\"lazy\" decoding=\"async\" class=\"size-medium wp-image-3968 aligncenter\" src=\"https:\/\/mp2kwidzyn.pl\/wp-content\/uploads\/2025\/11\/PolakMaly-300x146.jpg\" alt=\"\" width=\"300\" height=\"146\" srcset=\"https:\/\/mp2kwidzyn.pl\/wp-content\/uploads\/2025\/11\/PolakMaly-300x146.jpg 300w, https:\/\/mp2kwidzyn.pl\/wp-content\/uploads\/2025\/11\/PolakMaly-1024x498.jpg 1024w, https:\/\/mp2kwidzyn.pl\/wp-content\/uploads\/2025\/11\/PolakMaly-768x374.jpg 768w, https:\/\/mp2kwidzyn.pl\/wp-content\/uploads\/2025\/11\/PolakMaly-1536x747.jpg 1536w, https:\/\/mp2kwidzyn.pl\/wp-content\/uploads\/2025\/11\/PolakMaly-2048x997.jpg 2048w\" sizes=\"auto, (max-width: 300px) 100vw, 300px\" \/><\/a><\/p>\n","protected":false},"excerpt":{"rendered":"<p>Patriotyczna piosenka &#8222;Polak Ma\u0142y&#8221; w wykonaniu dzieci z grupy \u017babki<\/p>\n","protected":false},"author":1,"featured_media":3968,"comment_status":"open","ping_status":"open","sticky":false,"template":"","format":"standard","meta":{"footnotes":""},"categories":[1],"tags":[],"class_list":["post-3965","post","type-post","status-publish","format-standard","has-post-thumbnail","hentry","category-uncategorized"],"_links":{"self":[{"href":"https:\/\/mp2kwidzyn.pl\/index.php\/wp-json\/wp\/v2\/posts\/3965","targetHints":{"allow":["GET"]}}],"collection":[{"href":"https:\/\/mp2kwidzyn.pl\/index.php\/wp-json\/wp\/v2\/posts"}],"about":[{"href":"https:\/\/mp2kwidzyn.pl\/index.php\/wp-json\/wp\/v2\/types\/post"}],"author":[{"embeddable":true,"href":"https:\/\/mp2kwidzyn.pl\/index.php\/wp-json\/wp\/v2\/users\/1"}],"replies":[{"embeddable":true,"href":"https:\/\/mp2kwidzyn.pl\/index.php\/wp-json\/wp\/v2\/comments?post=3965"}],"version-history":[{"count":3,"href":"https:\/\/mp2kwidzyn.pl\/index.php\/wp-json\/wp\/v2\/posts\/3965\/revisions"}],"predecessor-version":[{"id":3969,"href":"https:\/\/mp2kwidzyn.pl\/index.php\/wp-json\/wp\/v2\/posts\/3965\/revisions\/3969"}],"wp:featuredmedia":[{"embeddable":true,"href":"https:\/\/mp2kwidzyn.pl\/index.php\/wp-json\/wp\/v2\/media\/3968"}],"wp:attachment":[{"href":"https:\/\/mp2kwidzyn.pl\/index.php\/wp-json\/wp\/v2\/media?parent=3965"}],"wp:term":[{"taxonomy":"category","embeddable":true,"href":"https:\/\/mp2kwidzyn.pl\/index.php\/wp-json\/wp\/v2\/categories?post=3965"},{"taxonomy":"post_tag","embeddable":true,"href":"https:\/\/mp2kwidzyn.pl\/index.php\/wp-json\/wp\/v2\/tags?post=3965"}],"curies":[{"name":"wp","href":"https:\/\/api.w.org\/{rel}","templated":true}]}}