{"id":3970,"date":"2025-11-16T22:09:14","date_gmt":"2025-11-16T22:09:14","guid":{"rendered":"https:\/\/mp2kwidzyn.pl\/?p=3970"},"modified":"2025-11-16T22:13:13","modified_gmt":"2025-11-16T22:13:13","slug":"miesiac-komunikacji-alternatywnej-i-wspomagajacej","status":"publish","type":"post","link":"https:\/\/mp2kwidzyn.pl\/index.php\/2025\/11\/16\/miesiac-komunikacji-alternatywnej-i-wspomagajacej\/","title":{"rendered":"Miesi\u0105c Komunikacji Alternatywnej i Wspomagaj\u0105cej"},"content":{"rendered":"<div dir=\"auto\">Miesi\u0105c <strong>pa\u017adziernik<\/strong> jest miesi\u0105cem<strong> Komunikacji Alternatywnej i Wspomagaj\u0105cej<\/strong> (AAC), kt\u00f3rego celem jest zwi\u0119kszenie \u015bwiadomo\u015bci spo\u0142ecznej na temat <strong>istnienia r\u00f3\u017cnych metod komunikacji<\/strong> u os\u00f3b <strong>niem\u00f3wi\u0105cych<\/strong> lub maj\u0105cych <strong>trudno\u015bci z werbalnym porozumiewaniem si\u0119<\/strong>. Celem AAC jest umo\u017cliwienie tym osobom wyra\u017cania potrzeb, my\u015bli i uczu\u0107 oraz budowania relacji z innymi.<\/div>\n<div dir=\"auto\">Nasze <strong>\u017babki<\/strong>, dzi\u0119ki uprzejmo\u015bci <strong>mamy Zosi<\/strong>, kt\u00f3ra na co dzie\u0144 pracuje m.in z takimi osobami mog\u0142y zobaczy\u0107 jak porozumiewa\u0107 si\u0119 bez s\u0142\u00f3w.<\/div>\n<div dir=\"auto\"><strong>Dzi\u0119kujemy Pani Magdaldnie za po\u015bwi\u0119cony nam czas i ubogacaj\u0105ce nas zaj\u0119cia.<\/strong><\/div>\n<div dir=\"auto\"><a href=\"https:\/\/www.facebook.com\/reel\/1319256033282276\"><img loading=\"lazy\" decoding=\"async\" class=\"size-medium wp-image-3972 aligncenter\" src=\"https:\/\/mp2kwidzyn.pl\/wp-content\/uploads\/2025\/11\/SpotkaniezMamaZosi-300x283.jpg\" alt=\"\" width=\"300\" height=\"283\" srcset=\"https:\/\/mp2kwidzyn.pl\/wp-content\/uploads\/2025\/11\/SpotkaniezMamaZosi-300x283.jpg 300w, https:\/\/mp2kwidzyn.pl\/wp-content\/uploads\/2025\/11\/SpotkaniezMamaZosi-768x724.jpg 768w, https:\/\/mp2kwidzyn.pl\/wp-content\/uploads\/2025\/11\/SpotkaniezMamaZosi.jpg 889w\" sizes=\"auto, (max-width: 300px) 100vw, 300px\" \/><\/a><\/div>\n","protected":false},"excerpt":{"rendered":"<p>Miesi\u0105c pa\u017adziernik jest miesi\u0105cem Komunikacji Alternatywnej i Wspomagaj\u0105cej (AAC), kt\u00f3rego celem jest zwi\u0119kszenie \u015bwiadomo\u015bci spo\u0142ecznej na temat istnienia r\u00f3\u017cnych metod komunikacji u os\u00f3b niem\u00f3wi\u0105cych lub maj\u0105cych trudno\u015bci z werbalnym porozumiewaniem si\u0119. Celem AAC jest umo\u017cliwienie tym osobom wyra\u017cania potrzeb, my\u015bli i uczu\u0107 oraz budowania relacji z innymi. Nasze \u017babki, dzi\u0119ki uprzejmo\u015bci mamy Zosi, kt\u00f3ra na &hellip; <\/p>\n<p class=\"link-more\"><a href=\"https:\/\/mp2kwidzyn.pl\/index.php\/2025\/11\/16\/miesiac-komunikacji-alternatywnej-i-wspomagajacej\/\" class=\"more-link\">Continue reading<span class=\"screen-reader-text\"> &#8222;Miesi\u0105c Komunikacji Alternatywnej i Wspomagaj\u0105cej&#8221;<\/span><\/a><\/p>\n","protected":false},"author":1,"featured_media":3975,"comment_status":"open","ping_status":"open","sticky":false,"template":"","format":"standard","meta":{"footnotes":""},"categories":[1],"tags":[],"class_list":["post-3970","post","type-post","status-publish","format-standard","has-post-thumbnail","hentry","category-uncategorized"],"_links":{"self":[{"href":"https:\/\/mp2kwidzyn.pl\/index.php\/wp-json\/wp\/v2\/posts\/3970","targetHints":{"allow":["GET"]}}],"collection":[{"href":"https:\/\/mp2kwidzyn.pl\/index.php\/wp-json\/wp\/v2\/posts"}],"about":[{"href":"https:\/\/mp2kwidzyn.pl\/index.php\/wp-json\/wp\/v2\/types\/post"}],"author":[{"embeddable":true,"href":"https:\/\/mp2kwidzyn.pl\/index.php\/wp-json\/wp\/v2\/users\/1"}],"replies":[{"embeddable":true,"href":"https:\/\/mp2kwidzyn.pl\/index.php\/wp-json\/wp\/v2\/comments?post=3970"}],"version-history":[{"count":3,"href":"https:\/\/mp2kwidzyn.pl\/index.php\/wp-json\/wp\/v2\/posts\/3970\/revisions"}],"predecessor-version":[{"id":3974,"href":"https:\/\/mp2kwidzyn.pl\/index.php\/wp-json\/wp\/v2\/posts\/3970\/revisions\/3974"}],"wp:featuredmedia":[{"embeddable":true,"href":"https:\/\/mp2kwidzyn.pl\/index.php\/wp-json\/wp\/v2\/media\/3975"}],"wp:attachment":[{"href":"https:\/\/mp2kwidzyn.pl\/index.php\/wp-json\/wp\/v2\/media?parent=3970"}],"wp:term":[{"taxonomy":"category","embeddable":true,"href":"https:\/\/mp2kwidzyn.pl\/index.php\/wp-json\/wp\/v2\/categories?post=3970"},{"taxonomy":"post_tag","embeddable":true,"href":"https:\/\/mp2kwidzyn.pl\/index.php\/wp-json\/wp\/v2\/tags?post=3970"}],"curies":[{"name":"wp","href":"https:\/\/api.w.org\/{rel}","templated":true}]}}