{"id":4001,"date":"2025-11-26T13:13:46","date_gmt":"2025-11-26T13:13:46","guid":{"rendered":"https:\/\/mp2kwidzyn.pl\/?p=4001"},"modified":"2025-11-26T13:24:48","modified_gmt":"2025-11-26T13:24:48","slug":"miedzynarodowy-dzien-praw-dziecka","status":"publish","type":"post","link":"https:\/\/mp2kwidzyn.pl\/index.php\/2025\/11\/26\/miedzynarodowy-dzien-praw-dziecka\/","title":{"rendered":"Mi\u0119dzynarodowy Dzie\u0144 Praw Dziecka"},"content":{"rendered":"<p>W <strong>Mi\u0119dzynarodowy Dzie\u0144 Praw Dziecka<\/strong> dzieci z grupy <strong>K\u0142apouchy<\/strong> pozna\u0142y posta\u0107 wielkiego Polaka dr J<strong>anusza Korczaka<\/strong>. Zacz\u0119li\u015bmy od wprowadzaj\u0105cej rozmowy o tym, \u017ce <strong>dzieci\u0144stwo<\/strong> kiedy\u015b wygl\u0105da\u0142o inaczej ni\u017c teraz, a dzieci nie zawsze by\u0142y traktowane z <strong>nale\u017cytym<\/strong> <strong>szacunkiem<\/strong>.<\/p>\n<p><strong style=\"font-size: 1rem;\"><div class=\"row\"><div class=\"col-md-4 col-lg-4 col-sm-4 gallery-image\">\n\t\t\t<div class=\"gallery view second-effect\">\n\t\t\t\t<div id=\"gallery-1\" style=\"display:none;\">\n\t\t\t\t\t<a href='https:\/\/mp2kwidzyn.pl\/wp-content\/uploads\/2025\/11\/589157514_1124019529946958_8786098351328013627_n.jpg'><img loading=\"lazy\" decoding=\"async\" width=\"640\" height=\"360\" src=\"https:\/\/mp2kwidzyn.pl\/wp-content\/uploads\/2025\/11\/589157514_1124019529946958_8786098351328013627_n-1024x576.jpg\" class=\"attachment-large size-large\" alt=\"\" srcset=\"https:\/\/mp2kwidzyn.pl\/wp-content\/uploads\/2025\/11\/589157514_1124019529946958_8786098351328013627_n-1024x576.jpg 1024w, https:\/\/mp2kwidzyn.pl\/wp-content\/uploads\/2025\/11\/589157514_1124019529946958_8786098351328013627_n-300x169.jpg 300w, https:\/\/mp2kwidzyn.pl\/wp-content\/uploads\/2025\/11\/589157514_1124019529946958_8786098351328013627_n-768x432.jpg 768w, https:\/\/mp2kwidzyn.pl\/wp-content\/uploads\/2025\/11\/589157514_1124019529946958_8786098351328013627_n-1536x864.jpg 1536w, https:\/\/mp2kwidzyn.pl\/wp-content\/uploads\/2025\/11\/589157514_1124019529946958_8786098351328013627_n.jpg 1600w\" sizes=\"auto, (max-width: 640px) 100vw, 640px\" \/><\/a>\n\t\t\t\t<\/div>\n\t\t\t\t<div class=\"gl_img\">\n\t\t\t\t\t<a href='https:\/\/mp2kwidzyn.pl\/wp-content\/uploads\/2025\/11\/589157514_1124019529946958_8786098351328013627_n.jpg'><img loading=\"lazy\" decoding=\"async\" width=\"300\" height=\"169\" src=\"https:\/\/mp2kwidzyn.pl\/wp-content\/uploads\/2025\/11\/589157514_1124019529946958_8786098351328013627_n-300x169.jpg\" class=\"attachment-medium size-medium\" alt=\"\" srcset=\"https:\/\/mp2kwidzyn.pl\/wp-content\/uploads\/2025\/11\/589157514_1124019529946958_8786098351328013627_n-300x169.jpg 300w, https:\/\/mp2kwidzyn.pl\/wp-content\/uploads\/2025\/11\/589157514_1124019529946958_8786098351328013627_n-1024x576.jpg 1024w, https:\/\/mp2kwidzyn.pl\/wp-content\/uploads\/2025\/11\/589157514_1124019529946958_8786098351328013627_n-768x432.jpg 768w, https:\/\/mp2kwidzyn.pl\/wp-content\/uploads\/2025\/11\/589157514_1124019529946958_8786098351328013627_n-1536x864.jpg 1536w, https:\/\/mp2kwidzyn.pl\/wp-content\/uploads\/2025\/11\/589157514_1124019529946958_8786098351328013627_n.jpg 1600w\" sizes=\"auto, (max-width: 300px) 100vw, 300px\" \/><\/a>\n\t\t\t\t\t\n\t\t\t\t<\/div>\n\t\t\t\t<div class=\"mask\">\n\t\t\t\t\t<a href=\"#TB_inline?width=600&height=550&inlineId=gallery-1\" class=\"info thickbox\" title=\"Mi\u0119dzynarodowy Dzie\u0144 Praw Dziecka\">Mi\u0119dzynarodowy Dzie\u0144 Praw Dziecka<\/a>\n\t\t\t\t<\/div>\n\t\t\t<\/div>\n\t\t\t<\/div><div class=\"col-md-4 col-lg-4 col-sm-4 gallery-image\">\n\t\t\t<div class=\"gallery view second-effect\">\n\t\t\t\t<div id=\"gallery-2\" style=\"display:none;\">\n\t\t\t\t\t<a href='https:\/\/mp2kwidzyn.pl\/wp-content\/uploads\/2025\/11\/589496873_1124019493280295_2913129593808611221_n.jpg'><img loading=\"lazy\" decoding=\"async\" width=\"576\" height=\"1024\" src=\"https:\/\/mp2kwidzyn.pl\/wp-content\/uploads\/2025\/11\/589496873_1124019493280295_2913129593808611221_n-576x1024.jpg\" class=\"attachment-large size-large\" alt=\"\" srcset=\"https:\/\/mp2kwidzyn.pl\/wp-content\/uploads\/2025\/11\/589496873_1124019493280295_2913129593808611221_n-576x1024.jpg 576w, https:\/\/mp2kwidzyn.pl\/wp-content\/uploads\/2025\/11\/589496873_1124019493280295_2913129593808611221_n-169x300.jpg 169w, https:\/\/mp2kwidzyn.pl\/wp-content\/uploads\/2025\/11\/589496873_1124019493280295_2913129593808611221_n-768x1365.jpg 768w, https:\/\/mp2kwidzyn.pl\/wp-content\/uploads\/2025\/11\/589496873_1124019493280295_2913129593808611221_n-864x1536.jpg 864w, https:\/\/mp2kwidzyn.pl\/wp-content\/uploads\/2025\/11\/589496873_1124019493280295_2913129593808611221_n.jpg 900w\" sizes=\"auto, (max-width: 576px) 100vw, 576px\" \/><\/a>\n\t\t\t\t<\/div>\n\t\t\t\t<div class=\"gl_img\">\n\t\t\t\t\t<a href='https:\/\/mp2kwidzyn.pl\/wp-content\/uploads\/2025\/11\/589496873_1124019493280295_2913129593808611221_n.jpg'><img loading=\"lazy\" decoding=\"async\" width=\"169\" height=\"300\" src=\"https:\/\/mp2kwidzyn.pl\/wp-content\/uploads\/2025\/11\/589496873_1124019493280295_2913129593808611221_n-169x300.jpg\" class=\"attachment-medium size-medium\" alt=\"\" srcset=\"https:\/\/mp2kwidzyn.pl\/wp-content\/uploads\/2025\/11\/589496873_1124019493280295_2913129593808611221_n-169x300.jpg 169w, https:\/\/mp2kwidzyn.pl\/wp-content\/uploads\/2025\/11\/589496873_1124019493280295_2913129593808611221_n-576x1024.jpg 576w, https:\/\/mp2kwidzyn.pl\/wp-content\/uploads\/2025\/11\/589496873_1124019493280295_2913129593808611221_n-768x1365.jpg 768w, https:\/\/mp2kwidzyn.pl\/wp-content\/uploads\/2025\/11\/589496873_1124019493280295_2913129593808611221_n-864x1536.jpg 864w, https:\/\/mp2kwidzyn.pl\/wp-content\/uploads\/2025\/11\/589496873_1124019493280295_2913129593808611221_n.jpg 900w\" sizes=\"auto, (max-width: 169px) 100vw, 169px\" \/><\/a>\n\t\t\t\t\t\n\t\t\t\t<\/div>\n\t\t\t\t<div class=\"mask\">\n\t\t\t\t\t<a href=\"#TB_inline?width=600&height=550&inlineId=gallery-2\" class=\"info thickbox\" title=\"Mi\u0119dzynarodowy Dzie\u0144 Praw Dziecka\">Mi\u0119dzynarodowy Dzie\u0144 Praw Dziecka<\/a>\n\t\t\t\t<\/div>\n\t\t\t<\/div>\n\t\t\t<\/div><div class=\"col-md-4 col-lg-4 col-sm-4 gallery-image\">\n\t\t\t<div class=\"gallery view second-effect\">\n\t\t\t\t<div id=\"gallery-3\" style=\"display:none;\">\n\t\t\t\t\t<a href='https:\/\/mp2kwidzyn.pl\/wp-content\/uploads\/2025\/11\/588241643_1124019456613632_3042889648578905034_n.jpg'><img loading=\"lazy\" decoding=\"async\" width=\"640\" height=\"360\" src=\"https:\/\/mp2kwidzyn.pl\/wp-content\/uploads\/2025\/11\/588241643_1124019456613632_3042889648578905034_n-1024x576.jpg\" class=\"attachment-large size-large\" alt=\"\" srcset=\"https:\/\/mp2kwidzyn.pl\/wp-content\/uploads\/2025\/11\/588241643_1124019456613632_3042889648578905034_n-1024x576.jpg 1024w, https:\/\/mp2kwidzyn.pl\/wp-content\/uploads\/2025\/11\/588241643_1124019456613632_3042889648578905034_n-300x169.jpg 300w, https:\/\/mp2kwidzyn.pl\/wp-content\/uploads\/2025\/11\/588241643_1124019456613632_3042889648578905034_n-768x432.jpg 768w, https:\/\/mp2kwidzyn.pl\/wp-content\/uploads\/2025\/11\/588241643_1124019456613632_3042889648578905034_n-1536x864.jpg 1536w, https:\/\/mp2kwidzyn.pl\/wp-content\/uploads\/2025\/11\/588241643_1124019456613632_3042889648578905034_n.jpg 1600w\" sizes=\"auto, (max-width: 640px) 100vw, 640px\" \/><\/a>\n\t\t\t\t<\/div>\n\t\t\t\t<div class=\"gl_img\">\n\t\t\t\t\t<a href='https:\/\/mp2kwidzyn.pl\/wp-content\/uploads\/2025\/11\/588241643_1124019456613632_3042889648578905034_n.jpg'><img loading=\"lazy\" decoding=\"async\" width=\"300\" height=\"169\" src=\"https:\/\/mp2kwidzyn.pl\/wp-content\/uploads\/2025\/11\/588241643_1124019456613632_3042889648578905034_n-300x169.jpg\" class=\"attachment-medium size-medium\" alt=\"\" srcset=\"https:\/\/mp2kwidzyn.pl\/wp-content\/uploads\/2025\/11\/588241643_1124019456613632_3042889648578905034_n-300x169.jpg 300w, https:\/\/mp2kwidzyn.pl\/wp-content\/uploads\/2025\/11\/588241643_1124019456613632_3042889648578905034_n-1024x576.jpg 1024w, https:\/\/mp2kwidzyn.pl\/wp-content\/uploads\/2025\/11\/588241643_1124019456613632_3042889648578905034_n-768x432.jpg 768w, https:\/\/mp2kwidzyn.pl\/wp-content\/uploads\/2025\/11\/588241643_1124019456613632_3042889648578905034_n-1536x864.jpg 1536w, https:\/\/mp2kwidzyn.pl\/wp-content\/uploads\/2025\/11\/588241643_1124019456613632_3042889648578905034_n.jpg 1600w\" sizes=\"auto, (max-width: 300px) 100vw, 300px\" \/><\/a>\n\t\t\t\t\t\n\t\t\t\t<\/div>\n\t\t\t\t<div class=\"mask\">\n\t\t\t\t\t<a href=\"#TB_inline?width=600&height=550&inlineId=gallery-3\" class=\"info thickbox\" title=\"Mi\u0119dzynarodowy Dzie\u0144 Praw Dziecka\">Mi\u0119dzynarodowy Dzie\u0144 Praw Dziecka<\/a>\n\t\t\t\t<\/div>\n\t\t\t<\/div>\n\t\t\t<\/div><div class=\"col-md-4 col-lg-4 col-sm-4 gallery-image\">\n\t\t\t<div class=\"gallery view second-effect\">\n\t\t\t\t<div id=\"gallery-4\" style=\"display:none;\">\n\t\t\t\t\t<a href='https:\/\/mp2kwidzyn.pl\/wp-content\/uploads\/2025\/11\/586605656_1124019423280302_5060950765531445765_n.jpg'><img loading=\"lazy\" decoding=\"async\" width=\"640\" height=\"360\" src=\"https:\/\/mp2kwidzyn.pl\/wp-content\/uploads\/2025\/11\/586605656_1124019423280302_5060950765531445765_n-1024x576.jpg\" class=\"attachment-large size-large\" alt=\"\" srcset=\"https:\/\/mp2kwidzyn.pl\/wp-content\/uploads\/2025\/11\/586605656_1124019423280302_5060950765531445765_n-1024x576.jpg 1024w, https:\/\/mp2kwidzyn.pl\/wp-content\/uploads\/2025\/11\/586605656_1124019423280302_5060950765531445765_n-300x169.jpg 300w, https:\/\/mp2kwidzyn.pl\/wp-content\/uploads\/2025\/11\/586605656_1124019423280302_5060950765531445765_n-768x432.jpg 768w, https:\/\/mp2kwidzyn.pl\/wp-content\/uploads\/2025\/11\/586605656_1124019423280302_5060950765531445765_n-1536x864.jpg 1536w, https:\/\/mp2kwidzyn.pl\/wp-content\/uploads\/2025\/11\/586605656_1124019423280302_5060950765531445765_n.jpg 1600w\" sizes=\"auto, (max-width: 640px) 100vw, 640px\" \/><\/a>\n\t\t\t\t<\/div>\n\t\t\t\t<div class=\"gl_img\">\n\t\t\t\t\t<a href='https:\/\/mp2kwidzyn.pl\/wp-content\/uploads\/2025\/11\/586605656_1124019423280302_5060950765531445765_n.jpg'><img loading=\"lazy\" decoding=\"async\" width=\"300\" height=\"169\" src=\"https:\/\/mp2kwidzyn.pl\/wp-content\/uploads\/2025\/11\/586605656_1124019423280302_5060950765531445765_n-300x169.jpg\" class=\"attachment-medium size-medium\" alt=\"\" srcset=\"https:\/\/mp2kwidzyn.pl\/wp-content\/uploads\/2025\/11\/586605656_1124019423280302_5060950765531445765_n-300x169.jpg 300w, https:\/\/mp2kwidzyn.pl\/wp-content\/uploads\/2025\/11\/586605656_1124019423280302_5060950765531445765_n-1024x576.jpg 1024w, https:\/\/mp2kwidzyn.pl\/wp-content\/uploads\/2025\/11\/586605656_1124019423280302_5060950765531445765_n-768x432.jpg 768w, https:\/\/mp2kwidzyn.pl\/wp-content\/uploads\/2025\/11\/586605656_1124019423280302_5060950765531445765_n-1536x864.jpg 1536w, https:\/\/mp2kwidzyn.pl\/wp-content\/uploads\/2025\/11\/586605656_1124019423280302_5060950765531445765_n.jpg 1600w\" sizes=\"auto, (max-width: 300px) 100vw, 300px\" \/><\/a>\n\t\t\t\t\t\n\t\t\t\t<\/div>\n\t\t\t\t<div class=\"mask\">\n\t\t\t\t\t<a href=\"#TB_inline?width=600&height=550&inlineId=gallery-4\" class=\"info thickbox\" title=\"Mi\u0119dzynarodowy Dzie\u0144 Praw Dziecka\">Mi\u0119dzynarodowy Dzie\u0144 Praw Dziecka<\/a>\n\t\t\t\t<\/div>\n\t\t\t<\/div>\n\t\t\t<\/div><div class=\"col-md-4 col-lg-4 col-sm-4 gallery-image\">\n\t\t\t<div class=\"gallery view second-effect\">\n\t\t\t\t<div id=\"gallery-5\" style=\"display:none;\">\n\t\t\t\t\t<a href='https:\/\/mp2kwidzyn.pl\/wp-content\/uploads\/2025\/11\/589107334_1124019366613641_1115038280381975672_n.jpg'><img loading=\"lazy\" decoding=\"async\" width=\"640\" height=\"360\" src=\"https:\/\/mp2kwidzyn.pl\/wp-content\/uploads\/2025\/11\/589107334_1124019366613641_1115038280381975672_n-1024x576.jpg\" class=\"attachment-large size-large\" alt=\"\" srcset=\"https:\/\/mp2kwidzyn.pl\/wp-content\/uploads\/2025\/11\/589107334_1124019366613641_1115038280381975672_n-1024x576.jpg 1024w, https:\/\/mp2kwidzyn.pl\/wp-content\/uploads\/2025\/11\/589107334_1124019366613641_1115038280381975672_n-300x169.jpg 300w, https:\/\/mp2kwidzyn.pl\/wp-content\/uploads\/2025\/11\/589107334_1124019366613641_1115038280381975672_n-768x432.jpg 768w, https:\/\/mp2kwidzyn.pl\/wp-content\/uploads\/2025\/11\/589107334_1124019366613641_1115038280381975672_n-1536x864.jpg 1536w, https:\/\/mp2kwidzyn.pl\/wp-content\/uploads\/2025\/11\/589107334_1124019366613641_1115038280381975672_n.jpg 1600w\" sizes=\"auto, (max-width: 640px) 100vw, 640px\" \/><\/a>\n\t\t\t\t<\/div>\n\t\t\t\t<div class=\"gl_img\">\n\t\t\t\t\t<a href='https:\/\/mp2kwidzyn.pl\/wp-content\/uploads\/2025\/11\/589107334_1124019366613641_1115038280381975672_n.jpg'><img loading=\"lazy\" decoding=\"async\" width=\"300\" height=\"169\" src=\"https:\/\/mp2kwidzyn.pl\/wp-content\/uploads\/2025\/11\/589107334_1124019366613641_1115038280381975672_n-300x169.jpg\" class=\"attachment-medium size-medium\" alt=\"\" srcset=\"https:\/\/mp2kwidzyn.pl\/wp-content\/uploads\/2025\/11\/589107334_1124019366613641_1115038280381975672_n-300x169.jpg 300w, https:\/\/mp2kwidzyn.pl\/wp-content\/uploads\/2025\/11\/589107334_1124019366613641_1115038280381975672_n-1024x576.jpg 1024w, https:\/\/mp2kwidzyn.pl\/wp-content\/uploads\/2025\/11\/589107334_1124019366613641_1115038280381975672_n-768x432.jpg 768w, https:\/\/mp2kwidzyn.pl\/wp-content\/uploads\/2025\/11\/589107334_1124019366613641_1115038280381975672_n-1536x864.jpg 1536w, https:\/\/mp2kwidzyn.pl\/wp-content\/uploads\/2025\/11\/589107334_1124019366613641_1115038280381975672_n.jpg 1600w\" sizes=\"auto, (max-width: 300px) 100vw, 300px\" \/><\/a>\n\t\t\t\t\t\n\t\t\t\t<\/div>\n\t\t\t\t<div class=\"mask\">\n\t\t\t\t\t<a href=\"#TB_inline?width=600&height=550&inlineId=gallery-5\" class=\"info thickbox\" title=\"Mi\u0119dzynarodowy Dzie\u0144 Praw Dziecka\">Mi\u0119dzynarodowy Dzie\u0144 Praw Dziecka<\/a>\n\t\t\t\t<\/div>\n\t\t\t<\/div>\n\t\t\t<\/div><div class=\"col-md-4 col-lg-4 col-sm-4 gallery-image\">\n\t\t\t<div class=\"gallery view second-effect\">\n\t\t\t\t<div id=\"gallery-6\" style=\"display:none;\">\n\t\t\t\t\t<a href='https:\/\/mp2kwidzyn.pl\/wp-content\/uploads\/2025\/11\/590070442_1124019319946979_1922354971229883036_n.jpg'><img loading=\"lazy\" decoding=\"async\" width=\"640\" height=\"360\" src=\"https:\/\/mp2kwidzyn.pl\/wp-content\/uploads\/2025\/11\/590070442_1124019319946979_1922354971229883036_n-1024x576.jpg\" class=\"attachment-large size-large\" alt=\"\" srcset=\"https:\/\/mp2kwidzyn.pl\/wp-content\/uploads\/2025\/11\/590070442_1124019319946979_1922354971229883036_n-1024x576.jpg 1024w, https:\/\/mp2kwidzyn.pl\/wp-content\/uploads\/2025\/11\/590070442_1124019319946979_1922354971229883036_n-300x169.jpg 300w, https:\/\/mp2kwidzyn.pl\/wp-content\/uploads\/2025\/11\/590070442_1124019319946979_1922354971229883036_n-768x432.jpg 768w, https:\/\/mp2kwidzyn.pl\/wp-content\/uploads\/2025\/11\/590070442_1124019319946979_1922354971229883036_n-1536x864.jpg 1536w, https:\/\/mp2kwidzyn.pl\/wp-content\/uploads\/2025\/11\/590070442_1124019319946979_1922354971229883036_n.jpg 1600w\" sizes=\"auto, (max-width: 640px) 100vw, 640px\" \/><\/a>\n\t\t\t\t<\/div>\n\t\t\t\t<div class=\"gl_img\">\n\t\t\t\t\t<a href='https:\/\/mp2kwidzyn.pl\/wp-content\/uploads\/2025\/11\/590070442_1124019319946979_1922354971229883036_n.jpg'><img loading=\"lazy\" decoding=\"async\" width=\"300\" height=\"169\" src=\"https:\/\/mp2kwidzyn.pl\/wp-content\/uploads\/2025\/11\/590070442_1124019319946979_1922354971229883036_n-300x169.jpg\" class=\"attachment-medium size-medium\" alt=\"\" srcset=\"https:\/\/mp2kwidzyn.pl\/wp-content\/uploads\/2025\/11\/590070442_1124019319946979_1922354971229883036_n-300x169.jpg 300w, https:\/\/mp2kwidzyn.pl\/wp-content\/uploads\/2025\/11\/590070442_1124019319946979_1922354971229883036_n-1024x576.jpg 1024w, https:\/\/mp2kwidzyn.pl\/wp-content\/uploads\/2025\/11\/590070442_1124019319946979_1922354971229883036_n-768x432.jpg 768w, https:\/\/mp2kwidzyn.pl\/wp-content\/uploads\/2025\/11\/590070442_1124019319946979_1922354971229883036_n-1536x864.jpg 1536w, https:\/\/mp2kwidzyn.pl\/wp-content\/uploads\/2025\/11\/590070442_1124019319946979_1922354971229883036_n.jpg 1600w\" sizes=\"auto, (max-width: 300px) 100vw, 300px\" \/><\/a>\n\t\t\t\t\t\n\t\t\t\t<\/div>\n\t\t\t\t<div class=\"mask\">\n\t\t\t\t\t<a href=\"#TB_inline?width=600&height=550&inlineId=gallery-6\" class=\"info thickbox\" title=\"Mi\u0119dzynarodowy Dzie\u0144 Praw Dziecka\">Mi\u0119dzynarodowy Dzie\u0144 Praw Dziecka<\/a>\n\t\t\t\t<\/div>\n\t\t\t<\/div>\n\t\t\t<\/div><div class=\"col-md-4 col-lg-4 col-sm-4 gallery-image\">\n\t\t\t<div class=\"gallery view second-effect\">\n\t\t\t\t<div id=\"gallery-7\" style=\"display:none;\">\n\t\t\t\t\t<a href='https:\/\/mp2kwidzyn.pl\/wp-content\/uploads\/2025\/11\/589605941_1124019279946983_365827576809161407_n.jpg'><img loading=\"lazy\" decoding=\"async\" width=\"640\" height=\"360\" src=\"https:\/\/mp2kwidzyn.pl\/wp-content\/uploads\/2025\/11\/589605941_1124019279946983_365827576809161407_n-1024x576.jpg\" class=\"attachment-large size-large\" alt=\"\" srcset=\"https:\/\/mp2kwidzyn.pl\/wp-content\/uploads\/2025\/11\/589605941_1124019279946983_365827576809161407_n-1024x576.jpg 1024w, https:\/\/mp2kwidzyn.pl\/wp-content\/uploads\/2025\/11\/589605941_1124019279946983_365827576809161407_n-300x169.jpg 300w, https:\/\/mp2kwidzyn.pl\/wp-content\/uploads\/2025\/11\/589605941_1124019279946983_365827576809161407_n-768x432.jpg 768w, https:\/\/mp2kwidzyn.pl\/wp-content\/uploads\/2025\/11\/589605941_1124019279946983_365827576809161407_n-1536x864.jpg 1536w, https:\/\/mp2kwidzyn.pl\/wp-content\/uploads\/2025\/11\/589605941_1124019279946983_365827576809161407_n.jpg 1600w\" sizes=\"auto, (max-width: 640px) 100vw, 640px\" \/><\/a>\n\t\t\t\t<\/div>\n\t\t\t\t<div class=\"gl_img\">\n\t\t\t\t\t<a href='https:\/\/mp2kwidzyn.pl\/wp-content\/uploads\/2025\/11\/589605941_1124019279946983_365827576809161407_n.jpg'><img loading=\"lazy\" decoding=\"async\" width=\"300\" height=\"169\" src=\"https:\/\/mp2kwidzyn.pl\/wp-content\/uploads\/2025\/11\/589605941_1124019279946983_365827576809161407_n-300x169.jpg\" class=\"attachment-medium size-medium\" alt=\"\" srcset=\"https:\/\/mp2kwidzyn.pl\/wp-content\/uploads\/2025\/11\/589605941_1124019279946983_365827576809161407_n-300x169.jpg 300w, https:\/\/mp2kwidzyn.pl\/wp-content\/uploads\/2025\/11\/589605941_1124019279946983_365827576809161407_n-1024x576.jpg 1024w, https:\/\/mp2kwidzyn.pl\/wp-content\/uploads\/2025\/11\/589605941_1124019279946983_365827576809161407_n-768x432.jpg 768w, https:\/\/mp2kwidzyn.pl\/wp-content\/uploads\/2025\/11\/589605941_1124019279946983_365827576809161407_n-1536x864.jpg 1536w, https:\/\/mp2kwidzyn.pl\/wp-content\/uploads\/2025\/11\/589605941_1124019279946983_365827576809161407_n.jpg 1600w\" sizes=\"auto, (max-width: 300px) 100vw, 300px\" \/><\/a>\n\t\t\t\t\t\n\t\t\t\t<\/div>\n\t\t\t\t<div class=\"mask\">\n\t\t\t\t\t<a href=\"#TB_inline?width=600&height=550&inlineId=gallery-7\" class=\"info thickbox\" title=\"Mi\u0119dzynarodowy Dzie\u0144 Praw Dziecka\">Mi\u0119dzynarodowy Dzie\u0144 Praw Dziecka<\/a>\n\t\t\t\t<\/div>\n\t\t\t<\/div>\n\t\t\t<\/div><div class=\"col-md-4 col-lg-4 col-sm-4 gallery-image\">\n\t\t\t<div class=\"gallery view second-effect\">\n\t\t\t\t<div id=\"gallery-8\" style=\"display:none;\">\n\t\t\t\t\t<a href='https:\/\/mp2kwidzyn.pl\/wp-content\/uploads\/2025\/11\/589125997_1124019233280321_2829193590691785608_n.jpg'><img loading=\"lazy\" decoding=\"async\" width=\"640\" height=\"360\" src=\"https:\/\/mp2kwidzyn.pl\/wp-content\/uploads\/2025\/11\/589125997_1124019233280321_2829193590691785608_n-1024x576.jpg\" class=\"attachment-large size-large\" alt=\"\" srcset=\"https:\/\/mp2kwidzyn.pl\/wp-content\/uploads\/2025\/11\/589125997_1124019233280321_2829193590691785608_n-1024x576.jpg 1024w, https:\/\/mp2kwidzyn.pl\/wp-content\/uploads\/2025\/11\/589125997_1124019233280321_2829193590691785608_n-300x169.jpg 300w, https:\/\/mp2kwidzyn.pl\/wp-content\/uploads\/2025\/11\/589125997_1124019233280321_2829193590691785608_n-768x432.jpg 768w, https:\/\/mp2kwidzyn.pl\/wp-content\/uploads\/2025\/11\/589125997_1124019233280321_2829193590691785608_n-1536x864.jpg 1536w, https:\/\/mp2kwidzyn.pl\/wp-content\/uploads\/2025\/11\/589125997_1124019233280321_2829193590691785608_n.jpg 1600w\" sizes=\"auto, (max-width: 640px) 100vw, 640px\" \/><\/a>\n\t\t\t\t<\/div>\n\t\t\t\t<div class=\"gl_img\">\n\t\t\t\t\t<a href='https:\/\/mp2kwidzyn.pl\/wp-content\/uploads\/2025\/11\/589125997_1124019233280321_2829193590691785608_n.jpg'><img loading=\"lazy\" decoding=\"async\" width=\"300\" height=\"169\" src=\"https:\/\/mp2kwidzyn.pl\/wp-content\/uploads\/2025\/11\/589125997_1124019233280321_2829193590691785608_n-300x169.jpg\" class=\"attachment-medium size-medium\" alt=\"\" srcset=\"https:\/\/mp2kwidzyn.pl\/wp-content\/uploads\/2025\/11\/589125997_1124019233280321_2829193590691785608_n-300x169.jpg 300w, https:\/\/mp2kwidzyn.pl\/wp-content\/uploads\/2025\/11\/589125997_1124019233280321_2829193590691785608_n-1024x576.jpg 1024w, https:\/\/mp2kwidzyn.pl\/wp-content\/uploads\/2025\/11\/589125997_1124019233280321_2829193590691785608_n-768x432.jpg 768w, https:\/\/mp2kwidzyn.pl\/wp-content\/uploads\/2025\/11\/589125997_1124019233280321_2829193590691785608_n-1536x864.jpg 1536w, https:\/\/mp2kwidzyn.pl\/wp-content\/uploads\/2025\/11\/589125997_1124019233280321_2829193590691785608_n.jpg 1600w\" sizes=\"auto, (max-width: 300px) 100vw, 300px\" \/><\/a>\n\t\t\t\t\t\n\t\t\t\t<\/div>\n\t\t\t\t<div class=\"mask\">\n\t\t\t\t\t<a href=\"#TB_inline?width=600&height=550&inlineId=gallery-8\" class=\"info thickbox\" title=\"Mi\u0119dzynarodowy Dzie\u0144 Praw Dziecka\">Mi\u0119dzynarodowy Dzie\u0144 Praw Dziecka<\/a>\n\t\t\t\t<\/div>\n\t\t\t<\/div>\n\t\t\t<\/div><\/div><\/strong><\/p>\n","protected":false},"excerpt":{"rendered":"<p>W Mi\u0119dzynarodowy Dzie\u0144 Praw Dziecka dzieci z grupy K\u0142apouchy pozna\u0142y posta\u0107 wielkiego Polaka dr Janusza Korczaka. Zacz\u0119li\u015bmy od wprowadzaj\u0105cej rozmowy o tym, \u017ce dzieci\u0144stwo kiedy\u015b wygl\u0105da\u0142o inaczej ni\u017c teraz, a dzieci nie zawsze by\u0142y traktowane z nale\u017cytym szacunkiem.<\/p>\n","protected":false},"author":1,"featured_media":4005,"comment_status":"open","ping_status":"open","sticky":false,"template":"","format":"standard","meta":{"footnotes":""},"categories":[1],"tags":[],"class_list":["post-4001","post","type-post","status-publish","format-standard","has-post-thumbnail","hentry","category-uncategorized"],"_links":{"self":[{"href":"https:\/\/mp2kwidzyn.pl\/index.php\/wp-json\/wp\/v2\/posts\/4001","targetHints":{"allow":["GET"]}}],"collection":[{"href":"https:\/\/mp2kwidzyn.pl\/index.php\/wp-json\/wp\/v2\/posts"}],"about":[{"href":"https:\/\/mp2kwidzyn.pl\/index.php\/wp-json\/wp\/v2\/types\/post"}],"author":[{"embeddable":true,"href":"https:\/\/mp2kwidzyn.pl\/index.php\/wp-json\/wp\/v2\/users\/1"}],"replies":[{"embeddable":true,"href":"https:\/\/mp2kwidzyn.pl\/index.php\/wp-json\/wp\/v2\/comments?post=4001"}],"version-history":[{"count":2,"href":"https:\/\/mp2kwidzyn.pl\/index.php\/wp-json\/wp\/v2\/posts\/4001\/revisions"}],"predecessor-version":[{"id":4013,"href":"https:\/\/mp2kwidzyn.pl\/index.php\/wp-json\/wp\/v2\/posts\/4001\/revisions\/4013"}],"wp:featuredmedia":[{"embeddable":true,"href":"https:\/\/mp2kwidzyn.pl\/index.php\/wp-json\/wp\/v2\/media\/4005"}],"wp:attachment":[{"href":"https:\/\/mp2kwidzyn.pl\/index.php\/wp-json\/wp\/v2\/media?parent=4001"}],"wp:term":[{"taxonomy":"category","embeddable":true,"href":"https:\/\/mp2kwidzyn.pl\/index.php\/wp-json\/wp\/v2\/categories?post=4001"},{"taxonomy":"post_tag","embeddable":true,"href":"https:\/\/mp2kwidzyn.pl\/index.php\/wp-json\/wp\/v2\/tags?post=4001"}],"curies":[{"name":"wp","href":"https:\/\/api.w.org\/{rel}","templated":true}]}}