{"id":4105,"date":"2025-12-09T09:02:08","date_gmt":"2025-12-09T09:02:08","guid":{"rendered":"https:\/\/mp2kwidzyn.pl\/?p=4105"},"modified":"2025-12-09T09:04:33","modified_gmt":"2025-12-09T09:04:33","slug":"misie-spiewaja-przybiezeli-do-betlejem","status":"publish","type":"post","link":"https:\/\/mp2kwidzyn.pl\/index.php\/2025\/12\/09\/misie-spiewaja-przybiezeli-do-betlejem\/","title":{"rendered":"Misie \u015bpiewaj\u0105 &#8222;Przybie\u017celi do Betlejem&#8221;"},"content":{"rendered":"<p>Przybie\u017celi do Betlejem -w wykonaniu Misi\u00f3w i ich Rodzic\u00f3w podczas warsztat\u00f3w \u015bwi\u0105tecznych.<\/p>\n<p><a href=\"https:\/\/www.facebook.com\/reel\/830469066446674\"><img loading=\"lazy\" decoding=\"async\" class=\"size-medium wp-image-4107 aligncenter\" src=\"https:\/\/mp2kwidzyn.pl\/wp-content\/uploads\/2025\/12\/PrzybierzeliMisie-300x273.jpg\" alt=\"\" width=\"300\" height=\"273\" srcset=\"https:\/\/mp2kwidzyn.pl\/wp-content\/uploads\/2025\/12\/PrzybierzeliMisie-300x273.jpg 300w, https:\/\/mp2kwidzyn.pl\/wp-content\/uploads\/2025\/12\/PrzybierzeliMisie-1024x931.jpg 1024w, https:\/\/mp2kwidzyn.pl\/wp-content\/uploads\/2025\/12\/PrzybierzeliMisie-768x698.jpg 768w, https:\/\/mp2kwidzyn.pl\/wp-content\/uploads\/2025\/12\/PrzybierzeliMisie.jpg 1352w\" sizes=\"auto, (max-width: 300px) 100vw, 300px\" \/><\/a><\/p>\n","protected":false},"excerpt":{"rendered":"<p>Przybie\u017celi do Betlejem -w wykonaniu Misi\u00f3w i ich Rodzic\u00f3w podczas warsztat\u00f3w \u015bwi\u0105tecznych.<\/p>\n","protected":false},"author":1,"featured_media":4107,"comment_status":"open","ping_status":"open","sticky":false,"template":"","format":"standard","meta":{"footnotes":""},"categories":[1],"tags":[],"class_list":["post-4105","post","type-post","status-publish","format-standard","has-post-thumbnail","hentry","category-uncategorized"],"_links":{"self":[{"href":"https:\/\/mp2kwidzyn.pl\/index.php\/wp-json\/wp\/v2\/posts\/4105","targetHints":{"allow":["GET"]}}],"collection":[{"href":"https:\/\/mp2kwidzyn.pl\/index.php\/wp-json\/wp\/v2\/posts"}],"about":[{"href":"https:\/\/mp2kwidzyn.pl\/index.php\/wp-json\/wp\/v2\/types\/post"}],"author":[{"embeddable":true,"href":"https:\/\/mp2kwidzyn.pl\/index.php\/wp-json\/wp\/v2\/users\/1"}],"replies":[{"embeddable":true,"href":"https:\/\/mp2kwidzyn.pl\/index.php\/wp-json\/wp\/v2\/comments?post=4105"}],"version-history":[{"count":2,"href":"https:\/\/mp2kwidzyn.pl\/index.php\/wp-json\/wp\/v2\/posts\/4105\/revisions"}],"predecessor-version":[{"id":4108,"href":"https:\/\/mp2kwidzyn.pl\/index.php\/wp-json\/wp\/v2\/posts\/4105\/revisions\/4108"}],"wp:featuredmedia":[{"embeddable":true,"href":"https:\/\/mp2kwidzyn.pl\/index.php\/wp-json\/wp\/v2\/media\/4107"}],"wp:attachment":[{"href":"https:\/\/mp2kwidzyn.pl\/index.php\/wp-json\/wp\/v2\/media?parent=4105"}],"wp:term":[{"taxonomy":"category","embeddable":true,"href":"https:\/\/mp2kwidzyn.pl\/index.php\/wp-json\/wp\/v2\/categories?post=4105"},{"taxonomy":"post_tag","embeddable":true,"href":"https:\/\/mp2kwidzyn.pl\/index.php\/wp-json\/wp\/v2\/tags?post=4105"}],"curies":[{"name":"wp","href":"https:\/\/api.w.org\/{rel}","templated":true}]}}