{"id":4183,"date":"2025-12-22T18:32:18","date_gmt":"2025-12-22T18:32:18","guid":{"rendered":"https:\/\/mp2kwidzyn.pl\/?p=4183"},"modified":"2025-12-22T18:36:00","modified_gmt":"2025-12-22T18:36:00","slug":"wieczor-wigilijny-liskow","status":"publish","type":"post","link":"https:\/\/mp2kwidzyn.pl\/index.php\/2025\/12\/22\/wieczor-wigilijny-liskow\/","title":{"rendered":"&#8222;Wiecz\u00f3r wigilijny&#8221; Lisk\u00f3w"},"content":{"rendered":"<p>Wiersz E. \u015anie\u017ckowskiej &#8211; Bielak &#8222;Wiecz\u00f3r wigilijny&#8221; w wykonaniu Lisk\u00f3w <span class=\"html-span xexx8yu xyri2b x18d9i69 x1c1uobl x1hl2dhg x16tdsg8 x1vvkbs x3nfvp2 x1j61x8r x1fcty0u xdj266r xat24cr xm2jcoa x1mpyi22 xxymvpz xlup9mm x1kky2od\"><img loading=\"lazy\" decoding=\"async\" class=\"xz74otr x15mokao x1ga7v0g x16uus16 xbiv7yw\" src=\"https:\/\/static.xx.fbcdn.net\/images\/emoji.php\/v9\/t2b\/3\/16\/1f4ab.png\" alt=\"&#x1f4ab;\" width=\"16\" height=\"16\" \/><\/span><\/p>\n<p><a href=\"https:\/\/www.facebook.com\/reel\/1387167916396953\"><img loading=\"lazy\" decoding=\"async\" class=\"size-medium wp-image-4185 aligncenter\" src=\"https:\/\/mp2kwidzyn.pl\/wp-content\/uploads\/2025\/12\/WieczorWigilijnyLiskow-201x300.jpg\" alt=\"\" width=\"201\" height=\"300\" srcset=\"https:\/\/mp2kwidzyn.pl\/wp-content\/uploads\/2025\/12\/WieczorWigilijnyLiskow-201x300.jpg 201w, https:\/\/mp2kwidzyn.pl\/wp-content\/uploads\/2025\/12\/WieczorWigilijnyLiskow-686x1024.jpg 686w, https:\/\/mp2kwidzyn.pl\/wp-content\/uploads\/2025\/12\/WieczorWigilijnyLiskow-768x1147.jpg 768w, https:\/\/mp2kwidzyn.pl\/wp-content\/uploads\/2025\/12\/WieczorWigilijnyLiskow.jpg 861w\" sizes=\"auto, (max-width: 201px) 100vw, 201px\" \/><\/a><\/p>\n","protected":false},"excerpt":{"rendered":"<p>Wiersz E. \u015anie\u017ckowskiej &#8211; Bielak &#8222;Wiecz\u00f3r wigilijny&#8221; w wykonaniu Lisk\u00f3w<\/p>\n","protected":false},"author":1,"featured_media":4185,"comment_status":"open","ping_status":"open","sticky":false,"template":"","format":"standard","meta":{"footnotes":""},"categories":[1],"tags":[],"class_list":["post-4183","post","type-post","status-publish","format-standard","has-post-thumbnail","hentry","category-uncategorized"],"_links":{"self":[{"href":"https:\/\/mp2kwidzyn.pl\/index.php\/wp-json\/wp\/v2\/posts\/4183","targetHints":{"allow":["GET"]}}],"collection":[{"href":"https:\/\/mp2kwidzyn.pl\/index.php\/wp-json\/wp\/v2\/posts"}],"about":[{"href":"https:\/\/mp2kwidzyn.pl\/index.php\/wp-json\/wp\/v2\/types\/post"}],"author":[{"embeddable":true,"href":"https:\/\/mp2kwidzyn.pl\/index.php\/wp-json\/wp\/v2\/users\/1"}],"replies":[{"embeddable":true,"href":"https:\/\/mp2kwidzyn.pl\/index.php\/wp-json\/wp\/v2\/comments?post=4183"}],"version-history":[{"count":3,"href":"https:\/\/mp2kwidzyn.pl\/index.php\/wp-json\/wp\/v2\/posts\/4183\/revisions"}],"predecessor-version":[{"id":4187,"href":"https:\/\/mp2kwidzyn.pl\/index.php\/wp-json\/wp\/v2\/posts\/4183\/revisions\/4187"}],"wp:featuredmedia":[{"embeddable":true,"href":"https:\/\/mp2kwidzyn.pl\/index.php\/wp-json\/wp\/v2\/media\/4185"}],"wp:attachment":[{"href":"https:\/\/mp2kwidzyn.pl\/index.php\/wp-json\/wp\/v2\/media?parent=4183"}],"wp:term":[{"taxonomy":"category","embeddable":true,"href":"https:\/\/mp2kwidzyn.pl\/index.php\/wp-json\/wp\/v2\/categories?post=4183"},{"taxonomy":"post_tag","embeddable":true,"href":"https:\/\/mp2kwidzyn.pl\/index.php\/wp-json\/wp\/v2\/tags?post=4183"}],"curies":[{"name":"wp","href":"https:\/\/api.w.org\/{rel}","templated":true}]}}