{"id":4192,"date":"2025-12-22T18:43:51","date_gmt":"2025-12-22T18:43:51","guid":{"rendered":"https:\/\/mp2kwidzyn.pl\/?p=4192"},"modified":"2025-12-22T18:59:26","modified_gmt":"2025-12-22T18:59:26","slug":"swiateczne-spotkanie-z-paniami-z-dziennego-domu-pobytu-senior","status":"publish","type":"post","link":"https:\/\/mp2kwidzyn.pl\/index.php\/2025\/12\/22\/swiateczne-spotkanie-z-paniami-z-dziennego-domu-pobytu-senior\/","title":{"rendered":"\u015awi\u0105teczne spotkanie z Paniami z Dziennego Domu Pobytu Senior+"},"content":{"rendered":"<div dir=\"auto\">Serdecznie dzi\u0119kujemy Paniom z Dziennego Domu Pobytu Senior+ w Kwidzynie za przemi\u0142e odwiedziny oraz wsp\u00f3lnie sp\u0119dzony czas podczas \u015bwi\u0105tecznego spotkania <span class=\"html-span xexx8yu xyri2b x18d9i69 x1c1uobl x1hl2dhg x16tdsg8 x1vvkbs x3nfvp2 x1j61x8r x1fcty0u xdj266r xat24cr xm2jcoa x1mpyi22 xxymvpz xlup9mm x1kky2od\"><img loading=\"lazy\" decoding=\"async\" class=\"xz74otr x15mokao x1ga7v0g x16uus16 xbiv7yw\" src=\"https:\/\/static.xx.fbcdn.net\/images\/emoji.php\/v9\/t45\/3\/16\/1f384.png\" alt=\"&#x1f384;\" width=\"16\" height=\"16\" \/><\/span><span class=\"html-span xexx8yu xyri2b x18d9i69 x1c1uobl x1hl2dhg x16tdsg8 x1vvkbs x3nfvp2 x1j61x8r x1fcty0u xdj266r xat24cr xm2jcoa x1mpyi22 xxymvpz xlup9mm x1kky2od\"><img loading=\"lazy\" decoding=\"async\" class=\"xz74otr x15mokao x1ga7v0g x16uus16 xbiv7yw\" src=\"https:\/\/static.xx.fbcdn.net\/images\/emoji.php\/v9\/t45\/3\/16\/1f384.png\" alt=\"&#x1f384;\" width=\"16\" height=\"16\" \/><\/span><span class=\"html-span xexx8yu xyri2b x18d9i69 x1c1uobl x1hl2dhg x16tdsg8 x1vvkbs x3nfvp2 x1j61x8r x1fcty0u xdj266r xat24cr xm2jcoa x1mpyi22 xxymvpz xlup9mm x1kky2od\"><img loading=\"lazy\" decoding=\"async\" class=\"xz74otr x15mokao x1ga7v0g x16uus16 xbiv7yw\" src=\"https:\/\/static.xx.fbcdn.net\/images\/emoji.php\/v9\/t45\/3\/16\/1f384.png\" alt=\"&#x1f384;\" width=\"16\" height=\"16\" \/><\/span><span class=\"html-span xexx8yu xyri2b x18d9i69 x1c1uobl x1hl2dhg x16tdsg8 x1vvkbs x3nfvp2 x1j61x8r x1fcty0u xdj266r xat24cr xm2jcoa x1mpyi22 xxymvpz xlup9mm x1kky2od\"><img loading=\"lazy\" decoding=\"async\" class=\"xz74otr x15mokao x1ga7v0g x16uus16 xbiv7yw\" src=\"https:\/\/static.xx.fbcdn.net\/images\/emoji.php\/v9\/ted\/3\/16\/2763.png\" alt=\"&#x2763;&#xfe0f;\" width=\"16\" height=\"16\" \/><\/span><\/div>\n<div dir=\"auto\"><span class=\"html-span xdj266r x14z9mp xat24cr x1lziwak xexx8yu xyri2b x18d9i69 x1c1uobl x1hl2dhg x16tdsg8 x1vvkbs\"><a class=\"x1i10hfl xjbqb8w x1ejq31n x18oe1m7 x1sy0etr xstzfhl x972fbf x10w94by x1qhh985 x14e42zd x9f619 x1ypdohk xt0psk2 x3ct3a4 xdj266r x14z9mp xat24cr x1lziwak xexx8yu xyri2b x18d9i69 x1c1uobl x16tdsg8 x1hl2dhg xggy1nq x1a2a7pz xkrqix3 x1sur9pj x1fey0fg x1s688f\" tabindex=\"0\" role=\"link\" href=\"https:\/\/www.facebook.com\/profile.php?id=61555143437334&amp;__cft__[0]=AZbj0ZlVtkAsti9c0qFQihj-tDd6DYgxy39fra7hclcamGDektR7swxGzKGGgzOXqUGmeVYLa1-nC0jjBOBC9qQFaVIV3HiXeM-zkFRZ4MkJ928B3ee8J0YBDTG4JD2JirT-c_0D6wxi7aYTc1ltM1lhBuMgaI7OVQ_GOrt5alC3LJcG-7pE6anyVi4m8IewDMs&amp;__tn__=-]K-R\"><span class=\"xt0psk2\"><span class=\"xjp7ctv\">Dzienny Dom Pobytu &#8222;Senior +&#8221; w Kwidzynie<\/span><\/span><\/a><\/span><\/div>\n<div dir=\"auto\"><strong style=\"font-size: 1rem;\"><div class=\"row\"><div class=\"col-md-4 col-lg-4 col-sm-4 gallery-image\">\n\t\t\t<div class=\"gallery view second-effect\">\n\t\t\t\t<div id=\"gallery-1\" style=\"display:none;\">\n\t\t\t\t\t<a href='https:\/\/mp2kwidzyn.pl\/wp-content\/uploads\/2025\/12\/602915209_1140486864966891_3697851172266335855_n.jpg'><img loading=\"lazy\" decoding=\"async\" width=\"640\" height=\"775\" src=\"https:\/\/mp2kwidzyn.pl\/wp-content\/uploads\/2025\/12\/602915209_1140486864966891_3697851172266335855_n-846x1024.jpg\" class=\"attachment-large size-large\" alt=\"\" srcset=\"https:\/\/mp2kwidzyn.pl\/wp-content\/uploads\/2025\/12\/602915209_1140486864966891_3697851172266335855_n-846x1024.jpg 846w, https:\/\/mp2kwidzyn.pl\/wp-content\/uploads\/2025\/12\/602915209_1140486864966891_3697851172266335855_n-248x300.jpg 248w, https:\/\/mp2kwidzyn.pl\/wp-content\/uploads\/2025\/12\/602915209_1140486864966891_3697851172266335855_n-768x929.jpg 768w, https:\/\/mp2kwidzyn.pl\/wp-content\/uploads\/2025\/12\/602915209_1140486864966891_3697851172266335855_n.jpg 1219w\" sizes=\"auto, (max-width: 640px) 100vw, 640px\" \/><\/a>\n\t\t\t\t<\/div>\n\t\t\t\t<div class=\"gl_img\">\n\t\t\t\t\t<a href='https:\/\/mp2kwidzyn.pl\/wp-content\/uploads\/2025\/12\/602915209_1140486864966891_3697851172266335855_n.jpg'><img loading=\"lazy\" decoding=\"async\" width=\"248\" height=\"300\" src=\"https:\/\/mp2kwidzyn.pl\/wp-content\/uploads\/2025\/12\/602915209_1140486864966891_3697851172266335855_n-248x300.jpg\" class=\"attachment-medium size-medium\" alt=\"\" srcset=\"https:\/\/mp2kwidzyn.pl\/wp-content\/uploads\/2025\/12\/602915209_1140486864966891_3697851172266335855_n-248x300.jpg 248w, https:\/\/mp2kwidzyn.pl\/wp-content\/uploads\/2025\/12\/602915209_1140486864966891_3697851172266335855_n-846x1024.jpg 846w, https:\/\/mp2kwidzyn.pl\/wp-content\/uploads\/2025\/12\/602915209_1140486864966891_3697851172266335855_n-768x929.jpg 768w, https:\/\/mp2kwidzyn.pl\/wp-content\/uploads\/2025\/12\/602915209_1140486864966891_3697851172266335855_n.jpg 1219w\" sizes=\"auto, (max-width: 248px) 100vw, 248px\" \/><\/a>\n\t\t\t\t\t\n\t\t\t\t<\/div>\n\t\t\t\t<div class=\"mask\">\n\t\t\t\t\t<a href=\"#TB_inline?width=600&height=550&inlineId=gallery-1\" class=\"info thickbox\" title=\"\u015awi\u0105teczne spotkanie z Paniami z Dziennego Domu Pobytu Senior+\">\u015awi\u0105teczne spotkanie z Paniami z Dziennego Domu Pobytu Senior+<\/a>\n\t\t\t\t<\/div>\n\t\t\t<\/div>\n\t\t\t<\/div><div class=\"col-md-4 col-lg-4 col-sm-4 gallery-image\">\n\t\t\t<div class=\"gallery view second-effect\">\n\t\t\t\t<div id=\"gallery-2\" style=\"display:none;\">\n\t\t\t\t\t<a href='https:\/\/mp2kwidzyn.pl\/wp-content\/uploads\/2025\/12\/602894839_1140486831633561_2623080049953201563_n.jpg'><img loading=\"lazy\" decoding=\"async\" width=\"640\" height=\"775\" src=\"https:\/\/mp2kwidzyn.pl\/wp-content\/uploads\/2025\/12\/602894839_1140486831633561_2623080049953201563_n-846x1024.jpg\" class=\"attachment-large size-large\" alt=\"\" srcset=\"https:\/\/mp2kwidzyn.pl\/wp-content\/uploads\/2025\/12\/602894839_1140486831633561_2623080049953201563_n-846x1024.jpg 846w, https:\/\/mp2kwidzyn.pl\/wp-content\/uploads\/2025\/12\/602894839_1140486831633561_2623080049953201563_n-248x300.jpg 248w, https:\/\/mp2kwidzyn.pl\/wp-content\/uploads\/2025\/12\/602894839_1140486831633561_2623080049953201563_n-768x929.jpg 768w, https:\/\/mp2kwidzyn.pl\/wp-content\/uploads\/2025\/12\/602894839_1140486831633561_2623080049953201563_n.jpg 1219w\" sizes=\"auto, (max-width: 640px) 100vw, 640px\" \/><\/a>\n\t\t\t\t<\/div>\n\t\t\t\t<div class=\"gl_img\">\n\t\t\t\t\t<a href='https:\/\/mp2kwidzyn.pl\/wp-content\/uploads\/2025\/12\/602894839_1140486831633561_2623080049953201563_n.jpg'><img loading=\"lazy\" decoding=\"async\" width=\"248\" height=\"300\" src=\"https:\/\/mp2kwidzyn.pl\/wp-content\/uploads\/2025\/12\/602894839_1140486831633561_2623080049953201563_n-248x300.jpg\" class=\"attachment-medium size-medium\" alt=\"\" srcset=\"https:\/\/mp2kwidzyn.pl\/wp-content\/uploads\/2025\/12\/602894839_1140486831633561_2623080049953201563_n-248x300.jpg 248w, https:\/\/mp2kwidzyn.pl\/wp-content\/uploads\/2025\/12\/602894839_1140486831633561_2623080049953201563_n-846x1024.jpg 846w, https:\/\/mp2kwidzyn.pl\/wp-content\/uploads\/2025\/12\/602894839_1140486831633561_2623080049953201563_n-768x929.jpg 768w, https:\/\/mp2kwidzyn.pl\/wp-content\/uploads\/2025\/12\/602894839_1140486831633561_2623080049953201563_n.jpg 1219w\" sizes=\"auto, (max-width: 248px) 100vw, 248px\" \/><\/a>\n\t\t\t\t\t\n\t\t\t\t<\/div>\n\t\t\t\t<div class=\"mask\">\n\t\t\t\t\t<a href=\"#TB_inline?width=600&height=550&inlineId=gallery-2\" class=\"info thickbox\" title=\"\u015awi\u0105teczne spotkanie z Paniami z Dziennego Domu Pobytu Senior+\">\u015awi\u0105teczne spotkanie z Paniami z Dziennego Domu Pobytu Senior+<\/a>\n\t\t\t\t<\/div>\n\t\t\t<\/div>\n\t\t\t<\/div><div class=\"col-md-4 col-lg-4 col-sm-4 gallery-image\">\n\t\t\t<div class=\"gallery view second-effect\">\n\t\t\t\t<div id=\"gallery-3\" style=\"display:none;\">\n\t\t\t\t\t<a href='https:\/\/mp2kwidzyn.pl\/wp-content\/uploads\/2025\/12\/598967680_1140486781633566_4271736365522111876_n.jpg'><img loading=\"lazy\" decoding=\"async\" width=\"640\" height=\"837\" src=\"https:\/\/mp2kwidzyn.pl\/wp-content\/uploads\/2025\/12\/598967680_1140486781633566_4271736365522111876_n-783x1024.jpg\" class=\"attachment-large size-large\" alt=\"\" srcset=\"https:\/\/mp2kwidzyn.pl\/wp-content\/uploads\/2025\/12\/598967680_1140486781633566_4271736365522111876_n-783x1024.jpg 783w, https:\/\/mp2kwidzyn.pl\/wp-content\/uploads\/2025\/12\/598967680_1140486781633566_4271736365522111876_n-229x300.jpg 229w, https:\/\/mp2kwidzyn.pl\/wp-content\/uploads\/2025\/12\/598967680_1140486781633566_4271736365522111876_n-768x1005.jpg 768w, https:\/\/mp2kwidzyn.pl\/wp-content\/uploads\/2025\/12\/598967680_1140486781633566_4271736365522111876_n-1174x1536.jpg 1174w, https:\/\/mp2kwidzyn.pl\/wp-content\/uploads\/2025\/12\/598967680_1140486781633566_4271736365522111876_n.jpg 1223w\" sizes=\"auto, (max-width: 640px) 100vw, 640px\" \/><\/a>\n\t\t\t\t<\/div>\n\t\t\t\t<div class=\"gl_img\">\n\t\t\t\t\t<a href='https:\/\/mp2kwidzyn.pl\/wp-content\/uploads\/2025\/12\/598967680_1140486781633566_4271736365522111876_n.jpg'><img loading=\"lazy\" decoding=\"async\" width=\"229\" height=\"300\" src=\"https:\/\/mp2kwidzyn.pl\/wp-content\/uploads\/2025\/12\/598967680_1140486781633566_4271736365522111876_n-229x300.jpg\" class=\"attachment-medium size-medium\" alt=\"\" srcset=\"https:\/\/mp2kwidzyn.pl\/wp-content\/uploads\/2025\/12\/598967680_1140486781633566_4271736365522111876_n-229x300.jpg 229w, https:\/\/mp2kwidzyn.pl\/wp-content\/uploads\/2025\/12\/598967680_1140486781633566_4271736365522111876_n-783x1024.jpg 783w, https:\/\/mp2kwidzyn.pl\/wp-content\/uploads\/2025\/12\/598967680_1140486781633566_4271736365522111876_n-768x1005.jpg 768w, https:\/\/mp2kwidzyn.pl\/wp-content\/uploads\/2025\/12\/598967680_1140486781633566_4271736365522111876_n-1174x1536.jpg 1174w, https:\/\/mp2kwidzyn.pl\/wp-content\/uploads\/2025\/12\/598967680_1140486781633566_4271736365522111876_n.jpg 1223w\" sizes=\"auto, (max-width: 229px) 100vw, 229px\" \/><\/a>\n\t\t\t\t\t\n\t\t\t\t<\/div>\n\t\t\t\t<div class=\"mask\">\n\t\t\t\t\t<a href=\"#TB_inline?width=600&height=550&inlineId=gallery-3\" class=\"info thickbox\" title=\"\u015awi\u0105teczne spotkanie z Paniami z Dziennego Domu Pobytu Senior+\">\u015awi\u0105teczne spotkanie z Paniami z Dziennego Domu Pobytu Senior+<\/a>\n\t\t\t\t<\/div>\n\t\t\t<\/div>\n\t\t\t<\/div><div class=\"col-md-4 col-lg-4 col-sm-4 gallery-image\">\n\t\t\t<div class=\"gallery view second-effect\">\n\t\t\t\t<div id=\"gallery-4\" style=\"display:none;\">\n\t\t\t\t\t<a href='https:\/\/mp2kwidzyn.pl\/wp-content\/uploads\/2025\/12\/600480832_1140486731633571_3250354265761735891_n.jpg'><img loading=\"lazy\" decoding=\"async\" width=\"640\" height=\"775\" src=\"https:\/\/mp2kwidzyn.pl\/wp-content\/uploads\/2025\/12\/600480832_1140486731633571_3250354265761735891_n-846x1024.jpg\" class=\"attachment-large size-large\" alt=\"\" srcset=\"https:\/\/mp2kwidzyn.pl\/wp-content\/uploads\/2025\/12\/600480832_1140486731633571_3250354265761735891_n-846x1024.jpg 846w, https:\/\/mp2kwidzyn.pl\/wp-content\/uploads\/2025\/12\/600480832_1140486731633571_3250354265761735891_n-248x300.jpg 248w, https:\/\/mp2kwidzyn.pl\/wp-content\/uploads\/2025\/12\/600480832_1140486731633571_3250354265761735891_n-768x929.jpg 768w, https:\/\/mp2kwidzyn.pl\/wp-content\/uploads\/2025\/12\/600480832_1140486731633571_3250354265761735891_n.jpg 1219w\" sizes=\"auto, (max-width: 640px) 100vw, 640px\" \/><\/a>\n\t\t\t\t<\/div>\n\t\t\t\t<div class=\"gl_img\">\n\t\t\t\t\t<a href='https:\/\/mp2kwidzyn.pl\/wp-content\/uploads\/2025\/12\/600480832_1140486731633571_3250354265761735891_n.jpg'><img loading=\"lazy\" decoding=\"async\" width=\"248\" height=\"300\" src=\"https:\/\/mp2kwidzyn.pl\/wp-content\/uploads\/2025\/12\/600480832_1140486731633571_3250354265761735891_n-248x300.jpg\" class=\"attachment-medium size-medium\" alt=\"\" srcset=\"https:\/\/mp2kwidzyn.pl\/wp-content\/uploads\/2025\/12\/600480832_1140486731633571_3250354265761735891_n-248x300.jpg 248w, https:\/\/mp2kwidzyn.pl\/wp-content\/uploads\/2025\/12\/600480832_1140486731633571_3250354265761735891_n-846x1024.jpg 846w, https:\/\/mp2kwidzyn.pl\/wp-content\/uploads\/2025\/12\/600480832_1140486731633571_3250354265761735891_n-768x929.jpg 768w, https:\/\/mp2kwidzyn.pl\/wp-content\/uploads\/2025\/12\/600480832_1140486731633571_3250354265761735891_n.jpg 1219w\" sizes=\"auto, (max-width: 248px) 100vw, 248px\" \/><\/a>\n\t\t\t\t\t\n\t\t\t\t<\/div>\n\t\t\t\t<div class=\"mask\">\n\t\t\t\t\t<a href=\"#TB_inline?width=600&height=550&inlineId=gallery-4\" class=\"info thickbox\" title=\"\u015awi\u0105teczne spotkanie z Paniami z Dziennego Domu Pobytu Senior+\">\u015awi\u0105teczne spotkanie z Paniami z Dziennego Domu Pobytu Senior+<\/a>\n\t\t\t\t<\/div>\n\t\t\t<\/div>\n\t\t\t<\/div><div class=\"col-md-4 col-lg-4 col-sm-4 gallery-image\">\n\t\t\t<div class=\"gallery view second-effect\">\n\t\t\t\t<div id=\"gallery-5\" style=\"display:none;\">\n\t\t\t\t\t<a href='https:\/\/mp2kwidzyn.pl\/wp-content\/uploads\/2025\/12\/600913720_1140486701633574_7453132003414630694_n.jpg'><img loading=\"lazy\" decoding=\"async\" width=\"640\" height=\"775\" src=\"https:\/\/mp2kwidzyn.pl\/wp-content\/uploads\/2025\/12\/600913720_1140486701633574_7453132003414630694_n-846x1024.jpg\" class=\"attachment-large size-large\" alt=\"\" srcset=\"https:\/\/mp2kwidzyn.pl\/wp-content\/uploads\/2025\/12\/600913720_1140486701633574_7453132003414630694_n-846x1024.jpg 846w, https:\/\/mp2kwidzyn.pl\/wp-content\/uploads\/2025\/12\/600913720_1140486701633574_7453132003414630694_n-248x300.jpg 248w, https:\/\/mp2kwidzyn.pl\/wp-content\/uploads\/2025\/12\/600913720_1140486701633574_7453132003414630694_n-768x929.jpg 768w, https:\/\/mp2kwidzyn.pl\/wp-content\/uploads\/2025\/12\/600913720_1140486701633574_7453132003414630694_n.jpg 1219w\" sizes=\"auto, (max-width: 640px) 100vw, 640px\" \/><\/a>\n\t\t\t\t<\/div>\n\t\t\t\t<div class=\"gl_img\">\n\t\t\t\t\t<a href='https:\/\/mp2kwidzyn.pl\/wp-content\/uploads\/2025\/12\/600913720_1140486701633574_7453132003414630694_n.jpg'><img loading=\"lazy\" decoding=\"async\" width=\"248\" height=\"300\" src=\"https:\/\/mp2kwidzyn.pl\/wp-content\/uploads\/2025\/12\/600913720_1140486701633574_7453132003414630694_n-248x300.jpg\" class=\"attachment-medium size-medium\" alt=\"\" srcset=\"https:\/\/mp2kwidzyn.pl\/wp-content\/uploads\/2025\/12\/600913720_1140486701633574_7453132003414630694_n-248x300.jpg 248w, https:\/\/mp2kwidzyn.pl\/wp-content\/uploads\/2025\/12\/600913720_1140486701633574_7453132003414630694_n-846x1024.jpg 846w, https:\/\/mp2kwidzyn.pl\/wp-content\/uploads\/2025\/12\/600913720_1140486701633574_7453132003414630694_n-768x929.jpg 768w, https:\/\/mp2kwidzyn.pl\/wp-content\/uploads\/2025\/12\/600913720_1140486701633574_7453132003414630694_n.jpg 1219w\" sizes=\"auto, (max-width: 248px) 100vw, 248px\" \/><\/a>\n\t\t\t\t\t\n\t\t\t\t<\/div>\n\t\t\t\t<div class=\"mask\">\n\t\t\t\t\t<a href=\"#TB_inline?width=600&height=550&inlineId=gallery-5\" class=\"info thickbox\" title=\"\u015awi\u0105teczne spotkanie z Paniami z Dziennego Domu Pobytu Senior+\">\u015awi\u0105teczne spotkanie z Paniami z Dziennego Domu Pobytu Senior+<\/a>\n\t\t\t\t<\/div>\n\t\t\t<\/div>\n\t\t\t<\/div><div class=\"col-md-4 col-lg-4 col-sm-4 gallery-image\">\n\t\t\t<div class=\"gallery view second-effect\">\n\t\t\t\t<div id=\"gallery-6\" style=\"display:none;\">\n\t\t\t\t\t<a href='https:\/\/mp2kwidzyn.pl\/wp-content\/uploads\/2025\/12\/600366932_1140486658300245_2413263756723519148_n.jpg'><img loading=\"lazy\" decoding=\"async\" width=\"640\" height=\"539\" src=\"https:\/\/mp2kwidzyn.pl\/wp-content\/uploads\/2025\/12\/600366932_1140486658300245_2413263756723519148_n-1024x863.jpg\" class=\"attachment-large size-large\" alt=\"\" srcset=\"https:\/\/mp2kwidzyn.pl\/wp-content\/uploads\/2025\/12\/600366932_1140486658300245_2413263756723519148_n-1024x863.jpg 1024w, https:\/\/mp2kwidzyn.pl\/wp-content\/uploads\/2025\/12\/600366932_1140486658300245_2413263756723519148_n-300x253.jpg 300w, https:\/\/mp2kwidzyn.pl\/wp-content\/uploads\/2025\/12\/600366932_1140486658300245_2413263756723519148_n-768x647.jpg 768w, https:\/\/mp2kwidzyn.pl\/wp-content\/uploads\/2025\/12\/600366932_1140486658300245_2413263756723519148_n-1536x1294.jpg 1536w, https:\/\/mp2kwidzyn.pl\/wp-content\/uploads\/2025\/12\/600366932_1140486658300245_2413263756723519148_n.jpg 1588w\" sizes=\"auto, (max-width: 640px) 100vw, 640px\" \/><\/a>\n\t\t\t\t<\/div>\n\t\t\t\t<div class=\"gl_img\">\n\t\t\t\t\t<a href='https:\/\/mp2kwidzyn.pl\/wp-content\/uploads\/2025\/12\/600366932_1140486658300245_2413263756723519148_n.jpg'><img loading=\"lazy\" decoding=\"async\" width=\"300\" height=\"253\" src=\"https:\/\/mp2kwidzyn.pl\/wp-content\/uploads\/2025\/12\/600366932_1140486658300245_2413263756723519148_n-300x253.jpg\" class=\"attachment-medium size-medium\" alt=\"\" srcset=\"https:\/\/mp2kwidzyn.pl\/wp-content\/uploads\/2025\/12\/600366932_1140486658300245_2413263756723519148_n-300x253.jpg 300w, https:\/\/mp2kwidzyn.pl\/wp-content\/uploads\/2025\/12\/600366932_1140486658300245_2413263756723519148_n-1024x863.jpg 1024w, https:\/\/mp2kwidzyn.pl\/wp-content\/uploads\/2025\/12\/600366932_1140486658300245_2413263756723519148_n-768x647.jpg 768w, https:\/\/mp2kwidzyn.pl\/wp-content\/uploads\/2025\/12\/600366932_1140486658300245_2413263756723519148_n-1536x1294.jpg 1536w, https:\/\/mp2kwidzyn.pl\/wp-content\/uploads\/2025\/12\/600366932_1140486658300245_2413263756723519148_n.jpg 1588w\" sizes=\"auto, (max-width: 300px) 100vw, 300px\" \/><\/a>\n\t\t\t\t\t\n\t\t\t\t<\/div>\n\t\t\t\t<div class=\"mask\">\n\t\t\t\t\t<a href=\"#TB_inline?width=600&height=550&inlineId=gallery-6\" class=\"info thickbox\" title=\"\u015awi\u0105teczne spotkanie z Paniami z Dziennego Domu Pobytu Senior+\">\u015awi\u0105teczne spotkanie z Paniami z Dziennego Domu Pobytu Senior+<\/a>\n\t\t\t\t<\/div>\n\t\t\t<\/div>\n\t\t\t<\/div><div class=\"col-md-4 col-lg-4 col-sm-4 gallery-image\">\n\t\t\t<div class=\"gallery view second-effect\">\n\t\t\t\t<div id=\"gallery-7\" style=\"display:none;\">\n\t\t\t\t\t<a href='https:\/\/mp2kwidzyn.pl\/wp-content\/uploads\/2025\/12\/600276937_1140486614966916_8606354694352305049_n.jpg'><img loading=\"lazy\" decoding=\"async\" width=\"640\" height=\"539\" src=\"https:\/\/mp2kwidzyn.pl\/wp-content\/uploads\/2025\/12\/600276937_1140486614966916_8606354694352305049_n-1024x863.jpg\" class=\"attachment-large size-large\" alt=\"\" srcset=\"https:\/\/mp2kwidzyn.pl\/wp-content\/uploads\/2025\/12\/600276937_1140486614966916_8606354694352305049_n-1024x863.jpg 1024w, https:\/\/mp2kwidzyn.pl\/wp-content\/uploads\/2025\/12\/600276937_1140486614966916_8606354694352305049_n-300x253.jpg 300w, https:\/\/mp2kwidzyn.pl\/wp-content\/uploads\/2025\/12\/600276937_1140486614966916_8606354694352305049_n-768x647.jpg 768w, https:\/\/mp2kwidzyn.pl\/wp-content\/uploads\/2025\/12\/600276937_1140486614966916_8606354694352305049_n-1536x1294.jpg 1536w, https:\/\/mp2kwidzyn.pl\/wp-content\/uploads\/2025\/12\/600276937_1140486614966916_8606354694352305049_n.jpg 1588w\" sizes=\"auto, (max-width: 640px) 100vw, 640px\" \/><\/a>\n\t\t\t\t<\/div>\n\t\t\t\t<div class=\"gl_img\">\n\t\t\t\t\t<a href='https:\/\/mp2kwidzyn.pl\/wp-content\/uploads\/2025\/12\/600276937_1140486614966916_8606354694352305049_n.jpg'><img loading=\"lazy\" decoding=\"async\" width=\"300\" height=\"253\" src=\"https:\/\/mp2kwidzyn.pl\/wp-content\/uploads\/2025\/12\/600276937_1140486614966916_8606354694352305049_n-300x253.jpg\" class=\"attachment-medium size-medium\" alt=\"\" srcset=\"https:\/\/mp2kwidzyn.pl\/wp-content\/uploads\/2025\/12\/600276937_1140486614966916_8606354694352305049_n-300x253.jpg 300w, https:\/\/mp2kwidzyn.pl\/wp-content\/uploads\/2025\/12\/600276937_1140486614966916_8606354694352305049_n-1024x863.jpg 1024w, https:\/\/mp2kwidzyn.pl\/wp-content\/uploads\/2025\/12\/600276937_1140486614966916_8606354694352305049_n-768x647.jpg 768w, https:\/\/mp2kwidzyn.pl\/wp-content\/uploads\/2025\/12\/600276937_1140486614966916_8606354694352305049_n-1536x1294.jpg 1536w, https:\/\/mp2kwidzyn.pl\/wp-content\/uploads\/2025\/12\/600276937_1140486614966916_8606354694352305049_n.jpg 1588w\" sizes=\"auto, (max-width: 300px) 100vw, 300px\" \/><\/a>\n\t\t\t\t\t\n\t\t\t\t<\/div>\n\t\t\t\t<div class=\"mask\">\n\t\t\t\t\t<a href=\"#TB_inline?width=600&height=550&inlineId=gallery-7\" class=\"info thickbox\" title=\"\u015awi\u0105teczne spotkanie z Paniami z Dziennego Domu Pobytu Senior+\">\u015awi\u0105teczne spotkanie z Paniami z Dziennego Domu Pobytu Senior+<\/a>\n\t\t\t\t<\/div>\n\t\t\t<\/div>\n\t\t\t<\/div><div class=\"col-md-4 col-lg-4 col-sm-4 gallery-image\">\n\t\t\t<div class=\"gallery view second-effect\">\n\t\t\t\t<div id=\"gallery-8\" style=\"display:none;\">\n\t\t\t\t\t<a href='https:\/\/mp2kwidzyn.pl\/wp-content\/uploads\/2025\/12\/599753428_1140486578300253_479236918308859918_n.jpg'><img loading=\"lazy\" decoding=\"async\" width=\"640\" height=\"539\" src=\"https:\/\/mp2kwidzyn.pl\/wp-content\/uploads\/2025\/12\/599753428_1140486578300253_479236918308859918_n-1024x863.jpg\" class=\"attachment-large size-large\" alt=\"\" srcset=\"https:\/\/mp2kwidzyn.pl\/wp-content\/uploads\/2025\/12\/599753428_1140486578300253_479236918308859918_n-1024x863.jpg 1024w, https:\/\/mp2kwidzyn.pl\/wp-content\/uploads\/2025\/12\/599753428_1140486578300253_479236918308859918_n-300x253.jpg 300w, https:\/\/mp2kwidzyn.pl\/wp-content\/uploads\/2025\/12\/599753428_1140486578300253_479236918308859918_n-768x647.jpg 768w, https:\/\/mp2kwidzyn.pl\/wp-content\/uploads\/2025\/12\/599753428_1140486578300253_479236918308859918_n-1536x1294.jpg 1536w, https:\/\/mp2kwidzyn.pl\/wp-content\/uploads\/2025\/12\/599753428_1140486578300253_479236918308859918_n.jpg 1588w\" sizes=\"auto, (max-width: 640px) 100vw, 640px\" \/><\/a>\n\t\t\t\t<\/div>\n\t\t\t\t<div class=\"gl_img\">\n\t\t\t\t\t<a href='https:\/\/mp2kwidzyn.pl\/wp-content\/uploads\/2025\/12\/599753428_1140486578300253_479236918308859918_n.jpg'><img loading=\"lazy\" decoding=\"async\" width=\"300\" height=\"253\" src=\"https:\/\/mp2kwidzyn.pl\/wp-content\/uploads\/2025\/12\/599753428_1140486578300253_479236918308859918_n-300x253.jpg\" class=\"attachment-medium size-medium\" alt=\"\" srcset=\"https:\/\/mp2kwidzyn.pl\/wp-content\/uploads\/2025\/12\/599753428_1140486578300253_479236918308859918_n-300x253.jpg 300w, https:\/\/mp2kwidzyn.pl\/wp-content\/uploads\/2025\/12\/599753428_1140486578300253_479236918308859918_n-1024x863.jpg 1024w, https:\/\/mp2kwidzyn.pl\/wp-content\/uploads\/2025\/12\/599753428_1140486578300253_479236918308859918_n-768x647.jpg 768w, https:\/\/mp2kwidzyn.pl\/wp-content\/uploads\/2025\/12\/599753428_1140486578300253_479236918308859918_n-1536x1294.jpg 1536w, https:\/\/mp2kwidzyn.pl\/wp-content\/uploads\/2025\/12\/599753428_1140486578300253_479236918308859918_n.jpg 1588w\" sizes=\"auto, (max-width: 300px) 100vw, 300px\" \/><\/a>\n\t\t\t\t\t\n\t\t\t\t<\/div>\n\t\t\t\t<div class=\"mask\">\n\t\t\t\t\t<a href=\"#TB_inline?width=600&height=550&inlineId=gallery-8\" class=\"info thickbox\" title=\"\u015awi\u0105teczne spotkanie z Paniami z Dziennego Domu Pobytu Senior+\">\u015awi\u0105teczne spotkanie z Paniami z Dziennego Domu Pobytu Senior+<\/a>\n\t\t\t\t<\/div>\n\t\t\t<\/div>\n\t\t\t<\/div><div class=\"col-md-4 col-lg-4 col-sm-4 gallery-image\">\n\t\t\t<div class=\"gallery view second-effect\">\n\t\t\t\t<div id=\"gallery-9\" style=\"display:none;\">\n\t\t\t\t\t<a href='https:\/\/mp2kwidzyn.pl\/wp-content\/uploads\/2025\/12\/600365366_1140486534966924_4997620089891797603_n.jpg'><img loading=\"lazy\" decoding=\"async\" width=\"640\" height=\"775\" src=\"https:\/\/mp2kwidzyn.pl\/wp-content\/uploads\/2025\/12\/600365366_1140486534966924_4997620089891797603_n-846x1024.jpg\" class=\"attachment-large size-large\" alt=\"\" srcset=\"https:\/\/mp2kwidzyn.pl\/wp-content\/uploads\/2025\/12\/600365366_1140486534966924_4997620089891797603_n-846x1024.jpg 846w, https:\/\/mp2kwidzyn.pl\/wp-content\/uploads\/2025\/12\/600365366_1140486534966924_4997620089891797603_n-248x300.jpg 248w, https:\/\/mp2kwidzyn.pl\/wp-content\/uploads\/2025\/12\/600365366_1140486534966924_4997620089891797603_n-768x929.jpg 768w, https:\/\/mp2kwidzyn.pl\/wp-content\/uploads\/2025\/12\/600365366_1140486534966924_4997620089891797603_n.jpg 1191w\" sizes=\"auto, (max-width: 640px) 100vw, 640px\" \/><\/a>\n\t\t\t\t<\/div>\n\t\t\t\t<div class=\"gl_img\">\n\t\t\t\t\t<a href='https:\/\/mp2kwidzyn.pl\/wp-content\/uploads\/2025\/12\/600365366_1140486534966924_4997620089891797603_n.jpg'><img loading=\"lazy\" decoding=\"async\" width=\"248\" height=\"300\" src=\"https:\/\/mp2kwidzyn.pl\/wp-content\/uploads\/2025\/12\/600365366_1140486534966924_4997620089891797603_n-248x300.jpg\" class=\"attachment-medium size-medium\" alt=\"\" srcset=\"https:\/\/mp2kwidzyn.pl\/wp-content\/uploads\/2025\/12\/600365366_1140486534966924_4997620089891797603_n-248x300.jpg 248w, https:\/\/mp2kwidzyn.pl\/wp-content\/uploads\/2025\/12\/600365366_1140486534966924_4997620089891797603_n-846x1024.jpg 846w, https:\/\/mp2kwidzyn.pl\/wp-content\/uploads\/2025\/12\/600365366_1140486534966924_4997620089891797603_n-768x929.jpg 768w, https:\/\/mp2kwidzyn.pl\/wp-content\/uploads\/2025\/12\/600365366_1140486534966924_4997620089891797603_n.jpg 1191w\" sizes=\"auto, (max-width: 248px) 100vw, 248px\" \/><\/a>\n\t\t\t\t\t\n\t\t\t\t<\/div>\n\t\t\t\t<div class=\"mask\">\n\t\t\t\t\t<a href=\"#TB_inline?width=600&height=550&inlineId=gallery-9\" class=\"info thickbox\" title=\"\u015awi\u0105teczne spotkanie z Paniami z Dziennego Domu Pobytu Senior+\">\u015awi\u0105teczne spotkanie z Paniami z Dziennego Domu Pobytu Senior+<\/a>\n\t\t\t\t<\/div>\n\t\t\t<\/div>\n\t\t\t<\/div><div class=\"col-md-4 col-lg-4 col-sm-4 gallery-image\">\n\t\t\t<div class=\"gallery view second-effect\">\n\t\t\t\t<div id=\"gallery-10\" style=\"display:none;\">\n\t\t\t\t\t<a href='https:\/\/mp2kwidzyn.pl\/wp-content\/uploads\/2025\/12\/598901910_1140486491633595_1089927863843157739_n.jpg'><img loading=\"lazy\" decoding=\"async\" width=\"640\" height=\"775\" src=\"https:\/\/mp2kwidzyn.pl\/wp-content\/uploads\/2025\/12\/598901910_1140486491633595_1089927863843157739_n-846x1024.jpg\" class=\"attachment-large size-large\" alt=\"\" srcset=\"https:\/\/mp2kwidzyn.pl\/wp-content\/uploads\/2025\/12\/598901910_1140486491633595_1089927863843157739_n-846x1024.jpg 846w, https:\/\/mp2kwidzyn.pl\/wp-content\/uploads\/2025\/12\/598901910_1140486491633595_1089927863843157739_n-248x300.jpg 248w, https:\/\/mp2kwidzyn.pl\/wp-content\/uploads\/2025\/12\/598901910_1140486491633595_1089927863843157739_n-768x929.jpg 768w, https:\/\/mp2kwidzyn.pl\/wp-content\/uploads\/2025\/12\/598901910_1140486491633595_1089927863843157739_n.jpg 1191w\" sizes=\"auto, (max-width: 640px) 100vw, 640px\" \/><\/a>\n\t\t\t\t<\/div>\n\t\t\t\t<div class=\"gl_img\">\n\t\t\t\t\t<a href='https:\/\/mp2kwidzyn.pl\/wp-content\/uploads\/2025\/12\/598901910_1140486491633595_1089927863843157739_n.jpg'><img loading=\"lazy\" decoding=\"async\" width=\"248\" height=\"300\" src=\"https:\/\/mp2kwidzyn.pl\/wp-content\/uploads\/2025\/12\/598901910_1140486491633595_1089927863843157739_n-248x300.jpg\" class=\"attachment-medium size-medium\" alt=\"\" srcset=\"https:\/\/mp2kwidzyn.pl\/wp-content\/uploads\/2025\/12\/598901910_1140486491633595_1089927863843157739_n-248x300.jpg 248w, https:\/\/mp2kwidzyn.pl\/wp-content\/uploads\/2025\/12\/598901910_1140486491633595_1089927863843157739_n-846x1024.jpg 846w, https:\/\/mp2kwidzyn.pl\/wp-content\/uploads\/2025\/12\/598901910_1140486491633595_1089927863843157739_n-768x929.jpg 768w, https:\/\/mp2kwidzyn.pl\/wp-content\/uploads\/2025\/12\/598901910_1140486491633595_1089927863843157739_n.jpg 1191w\" sizes=\"auto, (max-width: 248px) 100vw, 248px\" \/><\/a>\n\t\t\t\t\t\n\t\t\t\t<\/div>\n\t\t\t\t<div class=\"mask\">\n\t\t\t\t\t<a href=\"#TB_inline?width=600&height=550&inlineId=gallery-10\" class=\"info thickbox\" title=\"\u015awi\u0105teczne spotkanie z Paniami z Dziennego Domu Pobytu Senior+\">\u015awi\u0105teczne spotkanie z Paniami z Dziennego Domu Pobytu Senior+<\/a>\n\t\t\t\t<\/div>\n\t\t\t<\/div>\n\t\t\t<\/div><div class=\"col-md-4 col-lg-4 col-sm-4 gallery-image\">\n\t\t\t<div class=\"gallery view second-effect\">\n\t\t\t\t<div id=\"gallery-11\" style=\"display:none;\">\n\t\t\t\t\t<a href='https:\/\/mp2kwidzyn.pl\/wp-content\/uploads\/2025\/12\/598901910_1140486454966932_2819566966084212114_n.jpg'><img loading=\"lazy\" decoding=\"async\" width=\"640\" height=\"539\" src=\"https:\/\/mp2kwidzyn.pl\/wp-content\/uploads\/2025\/12\/598901910_1140486454966932_2819566966084212114_n-1024x863.jpg\" class=\"attachment-large size-large\" alt=\"\" srcset=\"https:\/\/mp2kwidzyn.pl\/wp-content\/uploads\/2025\/12\/598901910_1140486454966932_2819566966084212114_n-1024x863.jpg 1024w, https:\/\/mp2kwidzyn.pl\/wp-content\/uploads\/2025\/12\/598901910_1140486454966932_2819566966084212114_n-300x253.jpg 300w, https:\/\/mp2kwidzyn.pl\/wp-content\/uploads\/2025\/12\/598901910_1140486454966932_2819566966084212114_n-768x647.jpg 768w, https:\/\/mp2kwidzyn.pl\/wp-content\/uploads\/2025\/12\/598901910_1140486454966932_2819566966084212114_n-1536x1294.jpg 1536w, https:\/\/mp2kwidzyn.pl\/wp-content\/uploads\/2025\/12\/598901910_1140486454966932_2819566966084212114_n.jpg 1600w\" sizes=\"auto, (max-width: 640px) 100vw, 640px\" \/><\/a>\n\t\t\t\t<\/div>\n\t\t\t\t<div class=\"gl_img\">\n\t\t\t\t\t<a href='https:\/\/mp2kwidzyn.pl\/wp-content\/uploads\/2025\/12\/598901910_1140486454966932_2819566966084212114_n.jpg'><img loading=\"lazy\" decoding=\"async\" width=\"300\" height=\"253\" src=\"https:\/\/mp2kwidzyn.pl\/wp-content\/uploads\/2025\/12\/598901910_1140486454966932_2819566966084212114_n-300x253.jpg\" class=\"attachment-medium size-medium\" alt=\"\" srcset=\"https:\/\/mp2kwidzyn.pl\/wp-content\/uploads\/2025\/12\/598901910_1140486454966932_2819566966084212114_n-300x253.jpg 300w, https:\/\/mp2kwidzyn.pl\/wp-content\/uploads\/2025\/12\/598901910_1140486454966932_2819566966084212114_n-1024x863.jpg 1024w, https:\/\/mp2kwidzyn.pl\/wp-content\/uploads\/2025\/12\/598901910_1140486454966932_2819566966084212114_n-768x647.jpg 768w, https:\/\/mp2kwidzyn.pl\/wp-content\/uploads\/2025\/12\/598901910_1140486454966932_2819566966084212114_n-1536x1294.jpg 1536w, https:\/\/mp2kwidzyn.pl\/wp-content\/uploads\/2025\/12\/598901910_1140486454966932_2819566966084212114_n.jpg 1600w\" sizes=\"auto, (max-width: 300px) 100vw, 300px\" \/><\/a>\n\t\t\t\t\t\n\t\t\t\t<\/div>\n\t\t\t\t<div class=\"mask\">\n\t\t\t\t\t<a href=\"#TB_inline?width=600&height=550&inlineId=gallery-11\" class=\"info thickbox\" title=\"\u015awi\u0105teczne spotkanie z Paniami z Dziennego Domu Pobytu Senior+\">\u015awi\u0105teczne spotkanie z Paniami z Dziennego Domu Pobytu Senior+<\/a>\n\t\t\t\t<\/div>\n\t\t\t<\/div>\n\t\t\t<\/div><\/div><\/strong><\/div>\n","protected":false},"excerpt":{"rendered":"<p>Serdecznie dzi\u0119kujemy Paniom z Dziennego Domu Pobytu Senior+ w Kwidzynie za przemi\u0142e odwiedziny oraz wsp\u00f3lnie sp\u0119dzony czas podczas \u015bwi\u0105tecznego spotkania Dzienny Dom Pobytu &#8222;Senior +&#8221; w Kwidzynie<\/p>\n","protected":false},"author":1,"featured_media":4197,"comment_status":"open","ping_status":"open","sticky":false,"template":"","format":"standard","meta":{"footnotes":""},"categories":[1],"tags":[],"class_list":["post-4192","post","type-post","status-publish","format-standard","has-post-thumbnail","hentry","category-uncategorized"],"_links":{"self":[{"href":"https:\/\/mp2kwidzyn.pl\/index.php\/wp-json\/wp\/v2\/posts\/4192","targetHints":{"allow":["GET"]}}],"collection":[{"href":"https:\/\/mp2kwidzyn.pl\/index.php\/wp-json\/wp\/v2\/posts"}],"about":[{"href":"https:\/\/mp2kwidzyn.pl\/index.php\/wp-json\/wp\/v2\/types\/post"}],"author":[{"embeddable":true,"href":"https:\/\/mp2kwidzyn.pl\/index.php\/wp-json\/wp\/v2\/users\/1"}],"replies":[{"embeddable":true,"href":"https:\/\/mp2kwidzyn.pl\/index.php\/wp-json\/wp\/v2\/comments?post=4192"}],"version-history":[{"count":2,"href":"https:\/\/mp2kwidzyn.pl\/index.php\/wp-json\/wp\/v2\/posts\/4192\/revisions"}],"predecessor-version":[{"id":4206,"href":"https:\/\/mp2kwidzyn.pl\/index.php\/wp-json\/wp\/v2\/posts\/4192\/revisions\/4206"}],"wp:featuredmedia":[{"embeddable":true,"href":"https:\/\/mp2kwidzyn.pl\/index.php\/wp-json\/wp\/v2\/media\/4197"}],"wp:attachment":[{"href":"https:\/\/mp2kwidzyn.pl\/index.php\/wp-json\/wp\/v2\/media?parent=4192"}],"wp:term":[{"taxonomy":"category","embeddable":true,"href":"https:\/\/mp2kwidzyn.pl\/index.php\/wp-json\/wp\/v2\/categories?post=4192"},{"taxonomy":"post_tag","embeddable":true,"href":"https:\/\/mp2kwidzyn.pl\/index.php\/wp-json\/wp\/v2\/tags?post=4192"}],"curies":[{"name":"wp","href":"https:\/\/api.w.org\/{rel}","templated":true}]}}