{"id":768,"date":"2025-03-06T18:17:02","date_gmt":"2025-03-06T18:17:02","guid":{"rendered":"https:\/\/mp2kwidzyn.pl\/?p=768"},"modified":"2025-03-06T18:23:02","modified_gmt":"2025-03-06T18:23:02","slug":"europejski-dzien-logopedy","status":"publish","type":"post","link":"https:\/\/mp2kwidzyn.pl\/index.php\/2025\/03\/06\/europejski-dzien-logopedy\/","title":{"rendered":"Europejski Dzie\u0144 Logopedy"},"content":{"rendered":"<div dir=\"auto\">Europejski Dzie\u0144 Logopedy <span class=\"html-span xexx8yu x4uap5 x18d9i69 xkhd6sd x1hl2dhg x16tdsg8 x1vvkbs x3nfvp2 x1j61x8r x1fcty0u xdj266r xat24cr xgzva0m xhhsvwb xxymvpz xlup9mm x1kky2od\"><img loading=\"lazy\" decoding=\"async\" class=\"xz74otr\" src=\"https:\/\/static.xx.fbcdn.net\/images\/emoji.php\/v9\/tfd\/3\/16\/263a.png\" alt=\"&#x263a;&#xfe0f;\" width=\"16\" height=\"16\" \/><\/span><\/div>\n<div dir=\"auto\">Ostanie podrygi zimy &#8211; zabawy i \u0107wiczenia logopedyczne w grupie Misi\u00f3w.<\/div>\n<div dir=\"auto\"><strong><div class=\"row\"><div class=\"col-md-4 col-lg-4 col-sm-4 gallery-image\">\n\t\t\t<div class=\"gallery view second-effect\">\n\t\t\t\t<div id=\"gallery-1\" style=\"display:none;\">\n\t\t\t\t\t<a href='https:\/\/mp2kwidzyn.pl\/wp-content\/uploads\/2025\/03\/478431772_920059013676345_9060790535641141164_n.jpg'><img loading=\"lazy\" decoding=\"async\" width=\"577\" height=\"1024\" src=\"https:\/\/mp2kwidzyn.pl\/wp-content\/uploads\/2025\/03\/478431772_920059013676345_9060790535641141164_n-577x1024.jpg\" class=\"attachment-large size-large\" alt=\"\" srcset=\"https:\/\/mp2kwidzyn.pl\/wp-content\/uploads\/2025\/03\/478431772_920059013676345_9060790535641141164_n-577x1024.jpg 577w, https:\/\/mp2kwidzyn.pl\/wp-content\/uploads\/2025\/03\/478431772_920059013676345_9060790535641141164_n-169x300.jpg 169w, https:\/\/mp2kwidzyn.pl\/wp-content\/uploads\/2025\/03\/478431772_920059013676345_9060790535641141164_n-768x1364.jpg 768w, https:\/\/mp2kwidzyn.pl\/wp-content\/uploads\/2025\/03\/478431772_920059013676345_9060790535641141164_n-865x1536.jpg 865w, https:\/\/mp2kwidzyn.pl\/wp-content\/uploads\/2025\/03\/478431772_920059013676345_9060790535641141164_n.jpg 901w\" sizes=\"auto, (max-width: 577px) 100vw, 577px\" \/><\/a>\n\t\t\t\t<\/div>\n\t\t\t\t<div class=\"gl_img\">\n\t\t\t\t\t<a href='https:\/\/mp2kwidzyn.pl\/wp-content\/uploads\/2025\/03\/478431772_920059013676345_9060790535641141164_n.jpg'><img loading=\"lazy\" decoding=\"async\" width=\"169\" height=\"300\" src=\"https:\/\/mp2kwidzyn.pl\/wp-content\/uploads\/2025\/03\/478431772_920059013676345_9060790535641141164_n-169x300.jpg\" class=\"attachment-medium size-medium\" alt=\"\" srcset=\"https:\/\/mp2kwidzyn.pl\/wp-content\/uploads\/2025\/03\/478431772_920059013676345_9060790535641141164_n-169x300.jpg 169w, https:\/\/mp2kwidzyn.pl\/wp-content\/uploads\/2025\/03\/478431772_920059013676345_9060790535641141164_n-577x1024.jpg 577w, https:\/\/mp2kwidzyn.pl\/wp-content\/uploads\/2025\/03\/478431772_920059013676345_9060790535641141164_n-768x1364.jpg 768w, https:\/\/mp2kwidzyn.pl\/wp-content\/uploads\/2025\/03\/478431772_920059013676345_9060790535641141164_n-865x1536.jpg 865w, https:\/\/mp2kwidzyn.pl\/wp-content\/uploads\/2025\/03\/478431772_920059013676345_9060790535641141164_n.jpg 901w\" sizes=\"auto, (max-width: 169px) 100vw, 169px\" \/><\/a>\n\t\t\t\t\t\n\t\t\t\t<\/div>\n\t\t\t\t<div class=\"mask\">\n\t\t\t\t\t<a href=\"#TB_inline?width=600&height=550&inlineId=gallery-1\" class=\"info thickbox\" title=\"Europejski Dzie\u0144 Logopedy\">Europejski Dzie\u0144 Logopedy<\/a>\n\t\t\t\t<\/div>\n\t\t\t<\/div>\n\t\t\t<\/div><div class=\"col-md-4 col-lg-4 col-sm-4 gallery-image\">\n\t\t\t<div class=\"gallery view second-effect\">\n\t\t\t\t<div id=\"gallery-2\" style=\"display:none;\">\n\t\t\t\t\t<a href='https:\/\/mp2kwidzyn.pl\/wp-content\/uploads\/2025\/03\/480049023_920058700343043_2718707825528600325_n.jpg'><img loading=\"lazy\" decoding=\"async\" width=\"577\" height=\"1024\" src=\"https:\/\/mp2kwidzyn.pl\/wp-content\/uploads\/2025\/03\/480049023_920058700343043_2718707825528600325_n-577x1024.jpg\" class=\"attachment-large size-large\" alt=\"\" srcset=\"https:\/\/mp2kwidzyn.pl\/wp-content\/uploads\/2025\/03\/480049023_920058700343043_2718707825528600325_n-577x1024.jpg 577w, https:\/\/mp2kwidzyn.pl\/wp-content\/uploads\/2025\/03\/480049023_920058700343043_2718707825528600325_n-169x300.jpg 169w, https:\/\/mp2kwidzyn.pl\/wp-content\/uploads\/2025\/03\/480049023_920058700343043_2718707825528600325_n-768x1364.jpg 768w, https:\/\/mp2kwidzyn.pl\/wp-content\/uploads\/2025\/03\/480049023_920058700343043_2718707825528600325_n-865x1536.jpg 865w, https:\/\/mp2kwidzyn.pl\/wp-content\/uploads\/2025\/03\/480049023_920058700343043_2718707825528600325_n.jpg 901w\" sizes=\"auto, (max-width: 577px) 100vw, 577px\" \/><\/a>\n\t\t\t\t<\/div>\n\t\t\t\t<div class=\"gl_img\">\n\t\t\t\t\t<a href='https:\/\/mp2kwidzyn.pl\/wp-content\/uploads\/2025\/03\/480049023_920058700343043_2718707825528600325_n.jpg'><img loading=\"lazy\" decoding=\"async\" width=\"169\" height=\"300\" src=\"https:\/\/mp2kwidzyn.pl\/wp-content\/uploads\/2025\/03\/480049023_920058700343043_2718707825528600325_n-169x300.jpg\" class=\"attachment-medium size-medium\" alt=\"\" srcset=\"https:\/\/mp2kwidzyn.pl\/wp-content\/uploads\/2025\/03\/480049023_920058700343043_2718707825528600325_n-169x300.jpg 169w, https:\/\/mp2kwidzyn.pl\/wp-content\/uploads\/2025\/03\/480049023_920058700343043_2718707825528600325_n-577x1024.jpg 577w, https:\/\/mp2kwidzyn.pl\/wp-content\/uploads\/2025\/03\/480049023_920058700343043_2718707825528600325_n-768x1364.jpg 768w, https:\/\/mp2kwidzyn.pl\/wp-content\/uploads\/2025\/03\/480049023_920058700343043_2718707825528600325_n-865x1536.jpg 865w, https:\/\/mp2kwidzyn.pl\/wp-content\/uploads\/2025\/03\/480049023_920058700343043_2718707825528600325_n.jpg 901w\" sizes=\"auto, (max-width: 169px) 100vw, 169px\" \/><\/a>\n\t\t\t\t\t\n\t\t\t\t<\/div>\n\t\t\t\t<div class=\"mask\">\n\t\t\t\t\t<a href=\"#TB_inline?width=600&height=550&inlineId=gallery-2\" class=\"info thickbox\" title=\"Europejski Dzie\u0144 Logopedy\">Europejski Dzie\u0144 Logopedy<\/a>\n\t\t\t\t<\/div>\n\t\t\t<\/div>\n\t\t\t<\/div><div class=\"col-md-4 col-lg-4 col-sm-4 gallery-image\">\n\t\t\t<div class=\"gallery view second-effect\">\n\t\t\t\t<div id=\"gallery-3\" style=\"display:none;\">\n\t\t\t\t\t<a href='https:\/\/mp2kwidzyn.pl\/wp-content\/uploads\/2025\/03\/480522753_920058793676367_8188364590141717211_n.jpg'><img loading=\"lazy\" decoding=\"async\" width=\"577\" height=\"1024\" src=\"https:\/\/mp2kwidzyn.pl\/wp-content\/uploads\/2025\/03\/480522753_920058793676367_8188364590141717211_n-577x1024.jpg\" class=\"attachment-large size-large\" alt=\"\" srcset=\"https:\/\/mp2kwidzyn.pl\/wp-content\/uploads\/2025\/03\/480522753_920058793676367_8188364590141717211_n-577x1024.jpg 577w, https:\/\/mp2kwidzyn.pl\/wp-content\/uploads\/2025\/03\/480522753_920058793676367_8188364590141717211_n-169x300.jpg 169w, https:\/\/mp2kwidzyn.pl\/wp-content\/uploads\/2025\/03\/480522753_920058793676367_8188364590141717211_n-768x1364.jpg 768w, https:\/\/mp2kwidzyn.pl\/wp-content\/uploads\/2025\/03\/480522753_920058793676367_8188364590141717211_n-865x1536.jpg 865w, https:\/\/mp2kwidzyn.pl\/wp-content\/uploads\/2025\/03\/480522753_920058793676367_8188364590141717211_n.jpg 901w\" sizes=\"auto, (max-width: 577px) 100vw, 577px\" \/><\/a>\n\t\t\t\t<\/div>\n\t\t\t\t<div class=\"gl_img\">\n\t\t\t\t\t<a href='https:\/\/mp2kwidzyn.pl\/wp-content\/uploads\/2025\/03\/480522753_920058793676367_8188364590141717211_n.jpg'><img loading=\"lazy\" decoding=\"async\" width=\"169\" height=\"300\" src=\"https:\/\/mp2kwidzyn.pl\/wp-content\/uploads\/2025\/03\/480522753_920058793676367_8188364590141717211_n-169x300.jpg\" class=\"attachment-medium size-medium\" alt=\"\" srcset=\"https:\/\/mp2kwidzyn.pl\/wp-content\/uploads\/2025\/03\/480522753_920058793676367_8188364590141717211_n-169x300.jpg 169w, https:\/\/mp2kwidzyn.pl\/wp-content\/uploads\/2025\/03\/480522753_920058793676367_8188364590141717211_n-577x1024.jpg 577w, https:\/\/mp2kwidzyn.pl\/wp-content\/uploads\/2025\/03\/480522753_920058793676367_8188364590141717211_n-768x1364.jpg 768w, https:\/\/mp2kwidzyn.pl\/wp-content\/uploads\/2025\/03\/480522753_920058793676367_8188364590141717211_n-865x1536.jpg 865w, https:\/\/mp2kwidzyn.pl\/wp-content\/uploads\/2025\/03\/480522753_920058793676367_8188364590141717211_n.jpg 901w\" sizes=\"auto, (max-width: 169px) 100vw, 169px\" \/><\/a>\n\t\t\t\t\t\n\t\t\t\t<\/div>\n\t\t\t\t<div class=\"mask\">\n\t\t\t\t\t<a href=\"#TB_inline?width=600&height=550&inlineId=gallery-3\" class=\"info thickbox\" title=\"Europejski Dzie\u0144 Logopedy\">Europejski Dzie\u0144 Logopedy<\/a>\n\t\t\t\t<\/div>\n\t\t\t<\/div>\n\t\t\t<\/div><div class=\"col-md-4 col-lg-4 col-sm-4 gallery-image\">\n\t\t\t<div class=\"gallery view second-effect\">\n\t\t\t\t<div id=\"gallery-4\" style=\"display:none;\">\n\t\t\t\t\t<a href='https:\/\/mp2kwidzyn.pl\/wp-content\/uploads\/2025\/03\/480825911_920058917009688_1061225836072304764_n.jpg'><img loading=\"lazy\" decoding=\"async\" width=\"640\" height=\"361\" src=\"https:\/\/mp2kwidzyn.pl\/wp-content\/uploads\/2025\/03\/480825911_920058917009688_1061225836072304764_n-1024x577.jpg\" class=\"attachment-large size-large\" alt=\"\" srcset=\"https:\/\/mp2kwidzyn.pl\/wp-content\/uploads\/2025\/03\/480825911_920058917009688_1061225836072304764_n-1024x577.jpg 1024w, https:\/\/mp2kwidzyn.pl\/wp-content\/uploads\/2025\/03\/480825911_920058917009688_1061225836072304764_n-300x169.jpg 300w, https:\/\/mp2kwidzyn.pl\/wp-content\/uploads\/2025\/03\/480825911_920058917009688_1061225836072304764_n-768x432.jpg 768w, https:\/\/mp2kwidzyn.pl\/wp-content\/uploads\/2025\/03\/480825911_920058917009688_1061225836072304764_n-1536x865.jpg 1536w, https:\/\/mp2kwidzyn.pl\/wp-content\/uploads\/2025\/03\/480825911_920058917009688_1061225836072304764_n.jpg 1600w\" sizes=\"auto, (max-width: 640px) 100vw, 640px\" \/><\/a>\n\t\t\t\t<\/div>\n\t\t\t\t<div class=\"gl_img\">\n\t\t\t\t\t<a href='https:\/\/mp2kwidzyn.pl\/wp-content\/uploads\/2025\/03\/480825911_920058917009688_1061225836072304764_n.jpg'><img loading=\"lazy\" decoding=\"async\" width=\"300\" height=\"169\" src=\"https:\/\/mp2kwidzyn.pl\/wp-content\/uploads\/2025\/03\/480825911_920058917009688_1061225836072304764_n-300x169.jpg\" class=\"attachment-medium size-medium\" alt=\"\" srcset=\"https:\/\/mp2kwidzyn.pl\/wp-content\/uploads\/2025\/03\/480825911_920058917009688_1061225836072304764_n-300x169.jpg 300w, https:\/\/mp2kwidzyn.pl\/wp-content\/uploads\/2025\/03\/480825911_920058917009688_1061225836072304764_n-1024x577.jpg 1024w, https:\/\/mp2kwidzyn.pl\/wp-content\/uploads\/2025\/03\/480825911_920058917009688_1061225836072304764_n-768x432.jpg 768w, https:\/\/mp2kwidzyn.pl\/wp-content\/uploads\/2025\/03\/480825911_920058917009688_1061225836072304764_n-1536x865.jpg 1536w, https:\/\/mp2kwidzyn.pl\/wp-content\/uploads\/2025\/03\/480825911_920058917009688_1061225836072304764_n.jpg 1600w\" sizes=\"auto, (max-width: 300px) 100vw, 300px\" \/><\/a>\n\t\t\t\t\t\n\t\t\t\t<\/div>\n\t\t\t\t<div class=\"mask\">\n\t\t\t\t\t<a href=\"#TB_inline?width=600&height=550&inlineId=gallery-4\" class=\"info thickbox\" title=\"Europejski Dzie\u0144 Logopedy\">Europejski Dzie\u0144 Logopedy<\/a>\n\t\t\t\t<\/div>\n\t\t\t<\/div>\n\t\t\t<\/div><div class=\"col-md-4 col-lg-4 col-sm-4 gallery-image\">\n\t\t\t<div class=\"gallery view second-effect\">\n\t\t\t\t<div id=\"gallery-5\" style=\"display:none;\">\n\t\t\t\t\t<a href='https:\/\/mp2kwidzyn.pl\/wp-content\/uploads\/2025\/03\/480961138_920058443676402_6309955467955894055_n-1.jpg'><img loading=\"lazy\" decoding=\"async\" width=\"577\" height=\"1024\" src=\"https:\/\/mp2kwidzyn.pl\/wp-content\/uploads\/2025\/03\/480961138_920058443676402_6309955467955894055_n-1-577x1024.jpg\" class=\"attachment-large size-large\" alt=\"\" srcset=\"https:\/\/mp2kwidzyn.pl\/wp-content\/uploads\/2025\/03\/480961138_920058443676402_6309955467955894055_n-1-577x1024.jpg 577w, https:\/\/mp2kwidzyn.pl\/wp-content\/uploads\/2025\/03\/480961138_920058443676402_6309955467955894055_n-1-169x300.jpg 169w, https:\/\/mp2kwidzyn.pl\/wp-content\/uploads\/2025\/03\/480961138_920058443676402_6309955467955894055_n-1-768x1364.jpg 768w, https:\/\/mp2kwidzyn.pl\/wp-content\/uploads\/2025\/03\/480961138_920058443676402_6309955467955894055_n-1-865x1536.jpg 865w, https:\/\/mp2kwidzyn.pl\/wp-content\/uploads\/2025\/03\/480961138_920058443676402_6309955467955894055_n-1.jpg 901w\" sizes=\"auto, (max-width: 577px) 100vw, 577px\" \/><\/a>\n\t\t\t\t<\/div>\n\t\t\t\t<div class=\"gl_img\">\n\t\t\t\t\t<a href='https:\/\/mp2kwidzyn.pl\/wp-content\/uploads\/2025\/03\/480961138_920058443676402_6309955467955894055_n-1.jpg'><img loading=\"lazy\" decoding=\"async\" width=\"169\" height=\"300\" src=\"https:\/\/mp2kwidzyn.pl\/wp-content\/uploads\/2025\/03\/480961138_920058443676402_6309955467955894055_n-1-169x300.jpg\" class=\"attachment-medium size-medium\" alt=\"\" srcset=\"https:\/\/mp2kwidzyn.pl\/wp-content\/uploads\/2025\/03\/480961138_920058443676402_6309955467955894055_n-1-169x300.jpg 169w, https:\/\/mp2kwidzyn.pl\/wp-content\/uploads\/2025\/03\/480961138_920058443676402_6309955467955894055_n-1-577x1024.jpg 577w, https:\/\/mp2kwidzyn.pl\/wp-content\/uploads\/2025\/03\/480961138_920058443676402_6309955467955894055_n-1-768x1364.jpg 768w, https:\/\/mp2kwidzyn.pl\/wp-content\/uploads\/2025\/03\/480961138_920058443676402_6309955467955894055_n-1-865x1536.jpg 865w, https:\/\/mp2kwidzyn.pl\/wp-content\/uploads\/2025\/03\/480961138_920058443676402_6309955467955894055_n-1.jpg 901w\" sizes=\"auto, (max-width: 169px) 100vw, 169px\" \/><\/a>\n\t\t\t\t\t\n\t\t\t\t<\/div>\n\t\t\t\t<div class=\"mask\">\n\t\t\t\t\t<a href=\"#TB_inline?width=600&height=550&inlineId=gallery-5\" class=\"info thickbox\" title=\"Europejski Dzie\u0144 Logopedy\">Europejski Dzie\u0144 Logopedy<\/a>\n\t\t\t\t<\/div>\n\t\t\t<\/div>\n\t\t\t<\/div><div class=\"col-md-4 col-lg-4 col-sm-4 gallery-image\">\n\t\t\t<div class=\"gallery view second-effect\">\n\t\t\t\t<div id=\"gallery-6\" style=\"display:none;\">\n\t\t\t\t\t<a href='https:\/\/mp2kwidzyn.pl\/wp-content\/uploads\/2025\/03\/480961138_920058443676402_6309955467955894055_n.jpg'><img loading=\"lazy\" decoding=\"async\" width=\"577\" height=\"1024\" src=\"https:\/\/mp2kwidzyn.pl\/wp-content\/uploads\/2025\/03\/480961138_920058443676402_6309955467955894055_n-577x1024.jpg\" class=\"attachment-large size-large\" alt=\"\" srcset=\"https:\/\/mp2kwidzyn.pl\/wp-content\/uploads\/2025\/03\/480961138_920058443676402_6309955467955894055_n-577x1024.jpg 577w, https:\/\/mp2kwidzyn.pl\/wp-content\/uploads\/2025\/03\/480961138_920058443676402_6309955467955894055_n-169x300.jpg 169w, https:\/\/mp2kwidzyn.pl\/wp-content\/uploads\/2025\/03\/480961138_920058443676402_6309955467955894055_n-768x1364.jpg 768w, https:\/\/mp2kwidzyn.pl\/wp-content\/uploads\/2025\/03\/480961138_920058443676402_6309955467955894055_n-865x1536.jpg 865w, https:\/\/mp2kwidzyn.pl\/wp-content\/uploads\/2025\/03\/480961138_920058443676402_6309955467955894055_n.jpg 901w\" sizes=\"auto, (max-width: 577px) 100vw, 577px\" \/><\/a>\n\t\t\t\t<\/div>\n\t\t\t\t<div class=\"gl_img\">\n\t\t\t\t\t<a href='https:\/\/mp2kwidzyn.pl\/wp-content\/uploads\/2025\/03\/480961138_920058443676402_6309955467955894055_n.jpg'><img loading=\"lazy\" decoding=\"async\" width=\"169\" height=\"300\" src=\"https:\/\/mp2kwidzyn.pl\/wp-content\/uploads\/2025\/03\/480961138_920058443676402_6309955467955894055_n-169x300.jpg\" class=\"attachment-medium size-medium\" alt=\"\" srcset=\"https:\/\/mp2kwidzyn.pl\/wp-content\/uploads\/2025\/03\/480961138_920058443676402_6309955467955894055_n-169x300.jpg 169w, https:\/\/mp2kwidzyn.pl\/wp-content\/uploads\/2025\/03\/480961138_920058443676402_6309955467955894055_n-577x1024.jpg 577w, https:\/\/mp2kwidzyn.pl\/wp-content\/uploads\/2025\/03\/480961138_920058443676402_6309955467955894055_n-768x1364.jpg 768w, https:\/\/mp2kwidzyn.pl\/wp-content\/uploads\/2025\/03\/480961138_920058443676402_6309955467955894055_n-865x1536.jpg 865w, https:\/\/mp2kwidzyn.pl\/wp-content\/uploads\/2025\/03\/480961138_920058443676402_6309955467955894055_n.jpg 901w\" sizes=\"auto, (max-width: 169px) 100vw, 169px\" \/><\/a>\n\t\t\t\t\t\n\t\t\t\t<\/div>\n\t\t\t\t<div class=\"mask\">\n\t\t\t\t\t<a href=\"#TB_inline?width=600&height=550&inlineId=gallery-6\" class=\"info thickbox\" title=\"Europejski Dzie\u0144 Logopedy\">Europejski Dzie\u0144 Logopedy<\/a>\n\t\t\t\t<\/div>\n\t\t\t<\/div>\n\t\t\t<\/div><div class=\"col-md-4 col-lg-4 col-sm-4 gallery-image\">\n\t\t\t<div class=\"gallery view second-effect\">\n\t\t\t\t<div id=\"gallery-7\" style=\"display:none;\">\n\t\t\t\t\t<a href='https:\/\/mp2kwidzyn.pl\/wp-content\/uploads\/2025\/03\/480965701_920058547009725_5388357937643532400_n.jpg'><img loading=\"lazy\" decoding=\"async\" width=\"577\" height=\"1024\" src=\"https:\/\/mp2kwidzyn.pl\/wp-content\/uploads\/2025\/03\/480965701_920058547009725_5388357937643532400_n-577x1024.jpg\" class=\"attachment-large size-large\" alt=\"\" srcset=\"https:\/\/mp2kwidzyn.pl\/wp-content\/uploads\/2025\/03\/480965701_920058547009725_5388357937643532400_n-577x1024.jpg 577w, https:\/\/mp2kwidzyn.pl\/wp-content\/uploads\/2025\/03\/480965701_920058547009725_5388357937643532400_n-169x300.jpg 169w, https:\/\/mp2kwidzyn.pl\/wp-content\/uploads\/2025\/03\/480965701_920058547009725_5388357937643532400_n-768x1364.jpg 768w, https:\/\/mp2kwidzyn.pl\/wp-content\/uploads\/2025\/03\/480965701_920058547009725_5388357937643532400_n-865x1536.jpg 865w, https:\/\/mp2kwidzyn.pl\/wp-content\/uploads\/2025\/03\/480965701_920058547009725_5388357937643532400_n.jpg 901w\" sizes=\"auto, (max-width: 577px) 100vw, 577px\" \/><\/a>\n\t\t\t\t<\/div>\n\t\t\t\t<div class=\"gl_img\">\n\t\t\t\t\t<a href='https:\/\/mp2kwidzyn.pl\/wp-content\/uploads\/2025\/03\/480965701_920058547009725_5388357937643532400_n.jpg'><img loading=\"lazy\" decoding=\"async\" width=\"169\" height=\"300\" src=\"https:\/\/mp2kwidzyn.pl\/wp-content\/uploads\/2025\/03\/480965701_920058547009725_5388357937643532400_n-169x300.jpg\" class=\"attachment-medium size-medium\" alt=\"\" srcset=\"https:\/\/mp2kwidzyn.pl\/wp-content\/uploads\/2025\/03\/480965701_920058547009725_5388357937643532400_n-169x300.jpg 169w, https:\/\/mp2kwidzyn.pl\/wp-content\/uploads\/2025\/03\/480965701_920058547009725_5388357937643532400_n-577x1024.jpg 577w, https:\/\/mp2kwidzyn.pl\/wp-content\/uploads\/2025\/03\/480965701_920058547009725_5388357937643532400_n-768x1364.jpg 768w, https:\/\/mp2kwidzyn.pl\/wp-content\/uploads\/2025\/03\/480965701_920058547009725_5388357937643532400_n-865x1536.jpg 865w, https:\/\/mp2kwidzyn.pl\/wp-content\/uploads\/2025\/03\/480965701_920058547009725_5388357937643532400_n.jpg 901w\" sizes=\"auto, (max-width: 169px) 100vw, 169px\" \/><\/a>\n\t\t\t\t\t\n\t\t\t\t<\/div>\n\t\t\t\t<div class=\"mask\">\n\t\t\t\t\t<a href=\"#TB_inline?width=600&height=550&inlineId=gallery-7\" class=\"info thickbox\" title=\"Europejski Dzie\u0144 Logopedy\">Europejski Dzie\u0144 Logopedy<\/a>\n\t\t\t\t<\/div>\n\t\t\t<\/div>\n\t\t\t<\/div><div class=\"col-md-4 col-lg-4 col-sm-4 gallery-image\">\n\t\t\t<div class=\"gallery view second-effect\">\n\t\t\t\t<div id=\"gallery-8\" style=\"display:none;\">\n\t\t\t\t\t<a href='https:\/\/mp2kwidzyn.pl\/wp-content\/uploads\/2025\/03\/481058711_920058593676387_5484829548270614972_n.jpg'><img loading=\"lazy\" decoding=\"async\" width=\"577\" height=\"1024\" src=\"https:\/\/mp2kwidzyn.pl\/wp-content\/uploads\/2025\/03\/481058711_920058593676387_5484829548270614972_n-577x1024.jpg\" class=\"attachment-large size-large\" alt=\"\" srcset=\"https:\/\/mp2kwidzyn.pl\/wp-content\/uploads\/2025\/03\/481058711_920058593676387_5484829548270614972_n-577x1024.jpg 577w, https:\/\/mp2kwidzyn.pl\/wp-content\/uploads\/2025\/03\/481058711_920058593676387_5484829548270614972_n-169x300.jpg 169w, https:\/\/mp2kwidzyn.pl\/wp-content\/uploads\/2025\/03\/481058711_920058593676387_5484829548270614972_n-768x1364.jpg 768w, https:\/\/mp2kwidzyn.pl\/wp-content\/uploads\/2025\/03\/481058711_920058593676387_5484829548270614972_n-865x1536.jpg 865w, https:\/\/mp2kwidzyn.pl\/wp-content\/uploads\/2025\/03\/481058711_920058593676387_5484829548270614972_n.jpg 901w\" sizes=\"auto, (max-width: 577px) 100vw, 577px\" \/><\/a>\n\t\t\t\t<\/div>\n\t\t\t\t<div class=\"gl_img\">\n\t\t\t\t\t<a href='https:\/\/mp2kwidzyn.pl\/wp-content\/uploads\/2025\/03\/481058711_920058593676387_5484829548270614972_n.jpg'><img loading=\"lazy\" decoding=\"async\" width=\"169\" height=\"300\" src=\"https:\/\/mp2kwidzyn.pl\/wp-content\/uploads\/2025\/03\/481058711_920058593676387_5484829548270614972_n-169x300.jpg\" class=\"attachment-medium size-medium\" alt=\"\" srcset=\"https:\/\/mp2kwidzyn.pl\/wp-content\/uploads\/2025\/03\/481058711_920058593676387_5484829548270614972_n-169x300.jpg 169w, https:\/\/mp2kwidzyn.pl\/wp-content\/uploads\/2025\/03\/481058711_920058593676387_5484829548270614972_n-577x1024.jpg 577w, https:\/\/mp2kwidzyn.pl\/wp-content\/uploads\/2025\/03\/481058711_920058593676387_5484829548270614972_n-768x1364.jpg 768w, https:\/\/mp2kwidzyn.pl\/wp-content\/uploads\/2025\/03\/481058711_920058593676387_5484829548270614972_n-865x1536.jpg 865w, https:\/\/mp2kwidzyn.pl\/wp-content\/uploads\/2025\/03\/481058711_920058593676387_5484829548270614972_n.jpg 901w\" sizes=\"auto, (max-width: 169px) 100vw, 169px\" \/><\/a>\n\t\t\t\t\t\n\t\t\t\t<\/div>\n\t\t\t\t<div class=\"mask\">\n\t\t\t\t\t<a href=\"#TB_inline?width=600&height=550&inlineId=gallery-8\" class=\"info thickbox\" title=\"Europejski Dzie\u0144 Logopedy\">Europejski Dzie\u0144 Logopedy<\/a>\n\t\t\t\t<\/div>\n\t\t\t<\/div>\n\t\t\t<\/div><div class=\"col-md-4 col-lg-4 col-sm-4 gallery-image\">\n\t\t\t<div class=\"gallery view second-effect\">\n\t\t\t\t<div id=\"gallery-9\" style=\"display:none;\">\n\t\t\t\t\t<a href='https:\/\/mp2kwidzyn.pl\/wp-content\/uploads\/2025\/03\/481083408_920058747009705_7519052800340865714_n.jpg'><img loading=\"lazy\" decoding=\"async\" width=\"577\" height=\"1024\" src=\"https:\/\/mp2kwidzyn.pl\/wp-content\/uploads\/2025\/03\/481083408_920058747009705_7519052800340865714_n-577x1024.jpg\" class=\"attachment-large size-large\" alt=\"\" srcset=\"https:\/\/mp2kwidzyn.pl\/wp-content\/uploads\/2025\/03\/481083408_920058747009705_7519052800340865714_n-577x1024.jpg 577w, https:\/\/mp2kwidzyn.pl\/wp-content\/uploads\/2025\/03\/481083408_920058747009705_7519052800340865714_n-169x300.jpg 169w, https:\/\/mp2kwidzyn.pl\/wp-content\/uploads\/2025\/03\/481083408_920058747009705_7519052800340865714_n-768x1364.jpg 768w, https:\/\/mp2kwidzyn.pl\/wp-content\/uploads\/2025\/03\/481083408_920058747009705_7519052800340865714_n-865x1536.jpg 865w, https:\/\/mp2kwidzyn.pl\/wp-content\/uploads\/2025\/03\/481083408_920058747009705_7519052800340865714_n.jpg 901w\" sizes=\"auto, (max-width: 577px) 100vw, 577px\" \/><\/a>\n\t\t\t\t<\/div>\n\t\t\t\t<div class=\"gl_img\">\n\t\t\t\t\t<a href='https:\/\/mp2kwidzyn.pl\/wp-content\/uploads\/2025\/03\/481083408_920058747009705_7519052800340865714_n.jpg'><img loading=\"lazy\" decoding=\"async\" width=\"169\" height=\"300\" src=\"https:\/\/mp2kwidzyn.pl\/wp-content\/uploads\/2025\/03\/481083408_920058747009705_7519052800340865714_n-169x300.jpg\" class=\"attachment-medium size-medium\" alt=\"\" srcset=\"https:\/\/mp2kwidzyn.pl\/wp-content\/uploads\/2025\/03\/481083408_920058747009705_7519052800340865714_n-169x300.jpg 169w, https:\/\/mp2kwidzyn.pl\/wp-content\/uploads\/2025\/03\/481083408_920058747009705_7519052800340865714_n-577x1024.jpg 577w, https:\/\/mp2kwidzyn.pl\/wp-content\/uploads\/2025\/03\/481083408_920058747009705_7519052800340865714_n-768x1364.jpg 768w, https:\/\/mp2kwidzyn.pl\/wp-content\/uploads\/2025\/03\/481083408_920058747009705_7519052800340865714_n-865x1536.jpg 865w, https:\/\/mp2kwidzyn.pl\/wp-content\/uploads\/2025\/03\/481083408_920058747009705_7519052800340865714_n.jpg 901w\" sizes=\"auto, (max-width: 169px) 100vw, 169px\" \/><\/a>\n\t\t\t\t\t\n\t\t\t\t<\/div>\n\t\t\t\t<div class=\"mask\">\n\t\t\t\t\t<a href=\"#TB_inline?width=600&height=550&inlineId=gallery-9\" class=\"info thickbox\" title=\"Europejski Dzie\u0144 Logopedy\">Europejski Dzie\u0144 Logopedy<\/a>\n\t\t\t\t<\/div>\n\t\t\t<\/div>\n\t\t\t<\/div><div class=\"col-md-4 col-lg-4 col-sm-4 gallery-image\">\n\t\t\t<div class=\"gallery view second-effect\">\n\t\t\t\t<div id=\"gallery-10\" style=\"display:none;\">\n\t\t\t\t\t<a href='https:\/\/mp2kwidzyn.pl\/wp-content\/uploads\/2025\/03\/481272365_920058840343029_1646298869931016333_n.jpg'><img loading=\"lazy\" decoding=\"async\" width=\"577\" height=\"1024\" src=\"https:\/\/mp2kwidzyn.pl\/wp-content\/uploads\/2025\/03\/481272365_920058840343029_1646298869931016333_n-577x1024.jpg\" class=\"attachment-large size-large\" alt=\"\" srcset=\"https:\/\/mp2kwidzyn.pl\/wp-content\/uploads\/2025\/03\/481272365_920058840343029_1646298869931016333_n-577x1024.jpg 577w, https:\/\/mp2kwidzyn.pl\/wp-content\/uploads\/2025\/03\/481272365_920058840343029_1646298869931016333_n-169x300.jpg 169w, https:\/\/mp2kwidzyn.pl\/wp-content\/uploads\/2025\/03\/481272365_920058840343029_1646298869931016333_n-768x1364.jpg 768w, https:\/\/mp2kwidzyn.pl\/wp-content\/uploads\/2025\/03\/481272365_920058840343029_1646298869931016333_n-865x1536.jpg 865w, https:\/\/mp2kwidzyn.pl\/wp-content\/uploads\/2025\/03\/481272365_920058840343029_1646298869931016333_n.jpg 901w\" sizes=\"auto, (max-width: 577px) 100vw, 577px\" \/><\/a>\n\t\t\t\t<\/div>\n\t\t\t\t<div class=\"gl_img\">\n\t\t\t\t\t<a href='https:\/\/mp2kwidzyn.pl\/wp-content\/uploads\/2025\/03\/481272365_920058840343029_1646298869931016333_n.jpg'><img loading=\"lazy\" decoding=\"async\" width=\"169\" height=\"300\" src=\"https:\/\/mp2kwidzyn.pl\/wp-content\/uploads\/2025\/03\/481272365_920058840343029_1646298869931016333_n-169x300.jpg\" class=\"attachment-medium size-medium\" alt=\"\" srcset=\"https:\/\/mp2kwidzyn.pl\/wp-content\/uploads\/2025\/03\/481272365_920058840343029_1646298869931016333_n-169x300.jpg 169w, https:\/\/mp2kwidzyn.pl\/wp-content\/uploads\/2025\/03\/481272365_920058840343029_1646298869931016333_n-577x1024.jpg 577w, https:\/\/mp2kwidzyn.pl\/wp-content\/uploads\/2025\/03\/481272365_920058840343029_1646298869931016333_n-768x1364.jpg 768w, https:\/\/mp2kwidzyn.pl\/wp-content\/uploads\/2025\/03\/481272365_920058840343029_1646298869931016333_n-865x1536.jpg 865w, https:\/\/mp2kwidzyn.pl\/wp-content\/uploads\/2025\/03\/481272365_920058840343029_1646298869931016333_n.jpg 901w\" sizes=\"auto, (max-width: 169px) 100vw, 169px\" \/><\/a>\n\t\t\t\t\t\n\t\t\t\t<\/div>\n\t\t\t\t<div class=\"mask\">\n\t\t\t\t\t<a href=\"#TB_inline?width=600&height=550&inlineId=gallery-10\" class=\"info thickbox\" title=\"Europejski Dzie\u0144 Logopedy\">Europejski Dzie\u0144 Logopedy<\/a>\n\t\t\t\t<\/div>\n\t\t\t<\/div>\n\t\t\t<\/div><div class=\"col-md-4 col-lg-4 col-sm-4 gallery-image\">\n\t\t\t<div class=\"gallery view second-effect\">\n\t\t\t\t<div id=\"gallery-11\" style=\"display:none;\">\n\t\t\t\t\t<a href='https:\/\/mp2kwidzyn.pl\/wp-content\/uploads\/2025\/03\/481711956_920058967009683_5517264662641452903_n.jpg'><img loading=\"lazy\" decoding=\"async\" width=\"640\" height=\"361\" src=\"https:\/\/mp2kwidzyn.pl\/wp-content\/uploads\/2025\/03\/481711956_920058967009683_5517264662641452903_n-1024x577.jpg\" class=\"attachment-large size-large\" alt=\"\" srcset=\"https:\/\/mp2kwidzyn.pl\/wp-content\/uploads\/2025\/03\/481711956_920058967009683_5517264662641452903_n-1024x577.jpg 1024w, https:\/\/mp2kwidzyn.pl\/wp-content\/uploads\/2025\/03\/481711956_920058967009683_5517264662641452903_n-300x169.jpg 300w, https:\/\/mp2kwidzyn.pl\/wp-content\/uploads\/2025\/03\/481711956_920058967009683_5517264662641452903_n-768x432.jpg 768w, https:\/\/mp2kwidzyn.pl\/wp-content\/uploads\/2025\/03\/481711956_920058967009683_5517264662641452903_n-1536x865.jpg 1536w, https:\/\/mp2kwidzyn.pl\/wp-content\/uploads\/2025\/03\/481711956_920058967009683_5517264662641452903_n.jpg 1600w\" sizes=\"auto, (max-width: 640px) 100vw, 640px\" \/><\/a>\n\t\t\t\t<\/div>\n\t\t\t\t<div class=\"gl_img\">\n\t\t\t\t\t<a href='https:\/\/mp2kwidzyn.pl\/wp-content\/uploads\/2025\/03\/481711956_920058967009683_5517264662641452903_n.jpg'><img loading=\"lazy\" decoding=\"async\" width=\"300\" height=\"169\" src=\"https:\/\/mp2kwidzyn.pl\/wp-content\/uploads\/2025\/03\/481711956_920058967009683_5517264662641452903_n-300x169.jpg\" class=\"attachment-medium size-medium\" alt=\"\" srcset=\"https:\/\/mp2kwidzyn.pl\/wp-content\/uploads\/2025\/03\/481711956_920058967009683_5517264662641452903_n-300x169.jpg 300w, https:\/\/mp2kwidzyn.pl\/wp-content\/uploads\/2025\/03\/481711956_920058967009683_5517264662641452903_n-1024x577.jpg 1024w, https:\/\/mp2kwidzyn.pl\/wp-content\/uploads\/2025\/03\/481711956_920058967009683_5517264662641452903_n-768x432.jpg 768w, https:\/\/mp2kwidzyn.pl\/wp-content\/uploads\/2025\/03\/481711956_920058967009683_5517264662641452903_n-1536x865.jpg 1536w, https:\/\/mp2kwidzyn.pl\/wp-content\/uploads\/2025\/03\/481711956_920058967009683_5517264662641452903_n.jpg 1600w\" sizes=\"auto, (max-width: 300px) 100vw, 300px\" \/><\/a>\n\t\t\t\t\t\n\t\t\t\t<\/div>\n\t\t\t\t<div class=\"mask\">\n\t\t\t\t\t<a href=\"#TB_inline?width=600&height=550&inlineId=gallery-11\" class=\"info thickbox\" title=\"Europejski Dzie\u0144 Logopedy\">Europejski Dzie\u0144 Logopedy<\/a>\n\t\t\t\t<\/div>\n\t\t\t<\/div>\n\t\t\t<\/div><div class=\"col-md-4 col-lg-4 col-sm-4 gallery-image\">\n\t\t\t<div class=\"gallery view second-effect\">\n\t\t\t\t<div id=\"gallery-12\" style=\"display:none;\">\n\t\t\t\t\t<a href='https:\/\/mp2kwidzyn.pl\/wp-content\/uploads\/2025\/03\/481825271_920059057009674_6675558584633061007_n.jpg'><img loading=\"lazy\" decoding=\"async\" width=\"424\" height=\"1024\" src=\"https:\/\/mp2kwidzyn.pl\/wp-content\/uploads\/2025\/03\/481825271_920059057009674_6675558584633061007_n-424x1024.jpg\" class=\"attachment-large size-large\" alt=\"\" srcset=\"https:\/\/mp2kwidzyn.pl\/wp-content\/uploads\/2025\/03\/481825271_920059057009674_6675558584633061007_n-424x1024.jpg 424w, https:\/\/mp2kwidzyn.pl\/wp-content\/uploads\/2025\/03\/481825271_920059057009674_6675558584633061007_n-124x300.jpg 124w, https:\/\/mp2kwidzyn.pl\/wp-content\/uploads\/2025\/03\/481825271_920059057009674_6675558584633061007_n-636x1536.jpg 636w, https:\/\/mp2kwidzyn.pl\/wp-content\/uploads\/2025\/03\/481825271_920059057009674_6675558584633061007_n.jpg 662w\" sizes=\"auto, (max-width: 424px) 100vw, 424px\" \/><\/a>\n\t\t\t\t<\/div>\n\t\t\t\t<div class=\"gl_img\">\n\t\t\t\t\t<a href='https:\/\/mp2kwidzyn.pl\/wp-content\/uploads\/2025\/03\/481825271_920059057009674_6675558584633061007_n.jpg'><img loading=\"lazy\" decoding=\"async\" width=\"124\" height=\"300\" src=\"https:\/\/mp2kwidzyn.pl\/wp-content\/uploads\/2025\/03\/481825271_920059057009674_6675558584633061007_n-124x300.jpg\" class=\"attachment-medium size-medium\" alt=\"\" srcset=\"https:\/\/mp2kwidzyn.pl\/wp-content\/uploads\/2025\/03\/481825271_920059057009674_6675558584633061007_n-124x300.jpg 124w, https:\/\/mp2kwidzyn.pl\/wp-content\/uploads\/2025\/03\/481825271_920059057009674_6675558584633061007_n-424x1024.jpg 424w, https:\/\/mp2kwidzyn.pl\/wp-content\/uploads\/2025\/03\/481825271_920059057009674_6675558584633061007_n-636x1536.jpg 636w, https:\/\/mp2kwidzyn.pl\/wp-content\/uploads\/2025\/03\/481825271_920059057009674_6675558584633061007_n.jpg 662w\" sizes=\"auto, (max-width: 124px) 100vw, 124px\" \/><\/a>\n\t\t\t\t\t\n\t\t\t\t<\/div>\n\t\t\t\t<div class=\"mask\">\n\t\t\t\t\t<a href=\"#TB_inline?width=600&height=550&inlineId=gallery-12\" class=\"info thickbox\" title=\"Europejski Dzie\u0144 Logopedy\">Europejski Dzie\u0144 Logopedy<\/a>\n\t\t\t\t<\/div>\n\t\t\t<\/div>\n\t\t\t<\/div><div class=\"col-md-4 col-lg-4 col-sm-4 gallery-image\">\n\t\t\t<div class=\"gallery view second-effect\">\n\t\t\t\t<div id=\"gallery-13\" style=\"display:none;\">\n\t\t\t\t\t<a href='https:\/\/mp2kwidzyn.pl\/wp-content\/uploads\/2025\/03\/482081631_920058493676397_1536693750097353500_n.jpg'><img loading=\"lazy\" decoding=\"async\" width=\"577\" height=\"1024\" src=\"https:\/\/mp2kwidzyn.pl\/wp-content\/uploads\/2025\/03\/482081631_920058493676397_1536693750097353500_n-577x1024.jpg\" class=\"attachment-large size-large\" alt=\"\" srcset=\"https:\/\/mp2kwidzyn.pl\/wp-content\/uploads\/2025\/03\/482081631_920058493676397_1536693750097353500_n-577x1024.jpg 577w, https:\/\/mp2kwidzyn.pl\/wp-content\/uploads\/2025\/03\/482081631_920058493676397_1536693750097353500_n-169x300.jpg 169w, https:\/\/mp2kwidzyn.pl\/wp-content\/uploads\/2025\/03\/482081631_920058493676397_1536693750097353500_n-768x1364.jpg 768w, https:\/\/mp2kwidzyn.pl\/wp-content\/uploads\/2025\/03\/482081631_920058493676397_1536693750097353500_n-865x1536.jpg 865w, https:\/\/mp2kwidzyn.pl\/wp-content\/uploads\/2025\/03\/482081631_920058493676397_1536693750097353500_n.jpg 901w\" sizes=\"auto, (max-width: 577px) 100vw, 577px\" \/><\/a>\n\t\t\t\t<\/div>\n\t\t\t\t<div class=\"gl_img\">\n\t\t\t\t\t<a href='https:\/\/mp2kwidzyn.pl\/wp-content\/uploads\/2025\/03\/482081631_920058493676397_1536693750097353500_n.jpg'><img loading=\"lazy\" decoding=\"async\" width=\"169\" height=\"300\" src=\"https:\/\/mp2kwidzyn.pl\/wp-content\/uploads\/2025\/03\/482081631_920058493676397_1536693750097353500_n-169x300.jpg\" class=\"attachment-medium size-medium\" alt=\"\" srcset=\"https:\/\/mp2kwidzyn.pl\/wp-content\/uploads\/2025\/03\/482081631_920058493676397_1536693750097353500_n-169x300.jpg 169w, https:\/\/mp2kwidzyn.pl\/wp-content\/uploads\/2025\/03\/482081631_920058493676397_1536693750097353500_n-577x1024.jpg 577w, https:\/\/mp2kwidzyn.pl\/wp-content\/uploads\/2025\/03\/482081631_920058493676397_1536693750097353500_n-768x1364.jpg 768w, https:\/\/mp2kwidzyn.pl\/wp-content\/uploads\/2025\/03\/482081631_920058493676397_1536693750097353500_n-865x1536.jpg 865w, https:\/\/mp2kwidzyn.pl\/wp-content\/uploads\/2025\/03\/482081631_920058493676397_1536693750097353500_n.jpg 901w\" sizes=\"auto, (max-width: 169px) 100vw, 169px\" \/><\/a>\n\t\t\t\t\t\n\t\t\t\t<\/div>\n\t\t\t\t<div class=\"mask\">\n\t\t\t\t\t<a href=\"#TB_inline?width=600&height=550&inlineId=gallery-13\" class=\"info thickbox\" title=\"Europejski Dzie\u0144 Logopedy\">Europejski Dzie\u0144 Logopedy<\/a>\n\t\t\t\t<\/div>\n\t\t\t<\/div>\n\t\t\t<\/div><div class=\"col-md-4 col-lg-4 col-sm-4 gallery-image\">\n\t\t\t<div class=\"gallery view second-effect\">\n\t\t\t\t<div id=\"gallery-14\" style=\"display:none;\">\n\t\t\t\t\t<a href='https:\/\/mp2kwidzyn.pl\/wp-content\/uploads\/2025\/03\/482205279_920058653676381_1903311492459692437_n.jpg'><img loading=\"lazy\" decoding=\"async\" width=\"577\" height=\"1024\" src=\"https:\/\/mp2kwidzyn.pl\/wp-content\/uploads\/2025\/03\/482205279_920058653676381_1903311492459692437_n-577x1024.jpg\" class=\"attachment-large size-large\" alt=\"\" srcset=\"https:\/\/mp2kwidzyn.pl\/wp-content\/uploads\/2025\/03\/482205279_920058653676381_1903311492459692437_n-577x1024.jpg 577w, https:\/\/mp2kwidzyn.pl\/wp-content\/uploads\/2025\/03\/482205279_920058653676381_1903311492459692437_n-169x300.jpg 169w, https:\/\/mp2kwidzyn.pl\/wp-content\/uploads\/2025\/03\/482205279_920058653676381_1903311492459692437_n-768x1364.jpg 768w, https:\/\/mp2kwidzyn.pl\/wp-content\/uploads\/2025\/03\/482205279_920058653676381_1903311492459692437_n-865x1536.jpg 865w, https:\/\/mp2kwidzyn.pl\/wp-content\/uploads\/2025\/03\/482205279_920058653676381_1903311492459692437_n.jpg 901w\" sizes=\"auto, (max-width: 577px) 100vw, 577px\" \/><\/a>\n\t\t\t\t<\/div>\n\t\t\t\t<div class=\"gl_img\">\n\t\t\t\t\t<a href='https:\/\/mp2kwidzyn.pl\/wp-content\/uploads\/2025\/03\/482205279_920058653676381_1903311492459692437_n.jpg'><img loading=\"lazy\" decoding=\"async\" width=\"169\" height=\"300\" src=\"https:\/\/mp2kwidzyn.pl\/wp-content\/uploads\/2025\/03\/482205279_920058653676381_1903311492459692437_n-169x300.jpg\" class=\"attachment-medium size-medium\" alt=\"\" srcset=\"https:\/\/mp2kwidzyn.pl\/wp-content\/uploads\/2025\/03\/482205279_920058653676381_1903311492459692437_n-169x300.jpg 169w, https:\/\/mp2kwidzyn.pl\/wp-content\/uploads\/2025\/03\/482205279_920058653676381_1903311492459692437_n-577x1024.jpg 577w, https:\/\/mp2kwidzyn.pl\/wp-content\/uploads\/2025\/03\/482205279_920058653676381_1903311492459692437_n-768x1364.jpg 768w, https:\/\/mp2kwidzyn.pl\/wp-content\/uploads\/2025\/03\/482205279_920058653676381_1903311492459692437_n-865x1536.jpg 865w, https:\/\/mp2kwidzyn.pl\/wp-content\/uploads\/2025\/03\/482205279_920058653676381_1903311492459692437_n.jpg 901w\" sizes=\"auto, (max-width: 169px) 100vw, 169px\" \/><\/a>\n\t\t\t\t\t\n\t\t\t\t<\/div>\n\t\t\t\t<div class=\"mask\">\n\t\t\t\t\t<a href=\"#TB_inline?width=600&height=550&inlineId=gallery-14\" class=\"info thickbox\" title=\"Europejski Dzie\u0144 Logopedy\">Europejski Dzie\u0144 Logopedy<\/a>\n\t\t\t\t<\/div>\n\t\t\t<\/div>\n\t\t\t<\/div><\/div><\/strong><\/div>\n","protected":false},"excerpt":{"rendered":"<p>Europejski Dzie\u0144 Logopedy Ostanie podrygi zimy &#8211; zabawy i \u0107wiczenia logopedyczne w grupie Misi\u00f3w.<\/p>\n","protected":false},"author":1,"featured_media":772,"comment_status":"open","ping_status":"open","sticky":false,"template":"","format":"standard","meta":{"footnotes":""},"categories":[1],"tags":[],"class_list":["post-768","post","type-post","status-publish","format-standard","has-post-thumbnail","hentry","category-uncategorized"],"_links":{"self":[{"href":"https:\/\/mp2kwidzyn.pl\/index.php\/wp-json\/wp\/v2\/posts\/768","targetHints":{"allow":["GET"]}}],"collection":[{"href":"https:\/\/mp2kwidzyn.pl\/index.php\/wp-json\/wp\/v2\/posts"}],"about":[{"href":"https:\/\/mp2kwidzyn.pl\/index.php\/wp-json\/wp\/v2\/types\/post"}],"author":[{"embeddable":true,"href":"https:\/\/mp2kwidzyn.pl\/index.php\/wp-json\/wp\/v2\/users\/1"}],"replies":[{"embeddable":true,"href":"https:\/\/mp2kwidzyn.pl\/index.php\/wp-json\/wp\/v2\/comments?post=768"}],"version-history":[{"count":2,"href":"https:\/\/mp2kwidzyn.pl\/index.php\/wp-json\/wp\/v2\/posts\/768\/revisions"}],"predecessor-version":[{"id":785,"href":"https:\/\/mp2kwidzyn.pl\/index.php\/wp-json\/wp\/v2\/posts\/768\/revisions\/785"}],"wp:featuredmedia":[{"embeddable":true,"href":"https:\/\/mp2kwidzyn.pl\/index.php\/wp-json\/wp\/v2\/media\/772"}],"wp:attachment":[{"href":"https:\/\/mp2kwidzyn.pl\/index.php\/wp-json\/wp\/v2\/media?parent=768"}],"wp:term":[{"taxonomy":"category","embeddable":true,"href":"https:\/\/mp2kwidzyn.pl\/index.php\/wp-json\/wp\/v2\/categories?post=768"},{"taxonomy":"post_tag","embeddable":true,"href":"https:\/\/mp2kwidzyn.pl\/index.php\/wp-json\/wp\/v2\/tags?post=768"}],"curies":[{"name":"wp","href":"https:\/\/api.w.org\/{rel}","templated":true}]}}